{"id":2759,"date":"2022-09-22T14:53:30","date_gmt":"2022-09-22T17:53:30","guid":{"rendered":"http:\/\/blogdoarmindomaia.com.br\/?p=2759"},"modified":"2022-09-22T14:53:32","modified_gmt":"2022-09-22T17:53:32","slug":"escritor-wagner-matias-fala-sobre-a-importancia-do-memorial-mauricio-rosa-para-as-futuras-geracoes","status":"publish","type":"post","link":"http:\/\/blogdoarmindomaia.com.br\/?p=2759","title":{"rendered":"Escritor Wagner Matias fala sobre a import\u00e2ncia do Memorial Maur\u00edcio Rosa para as futuras gera\u00e7\u00f5es"},"content":{"rendered":"\n<figure class=\"wp-block-image size-large\"><img loading=\"lazy\" decoding=\"async\" width=\"1024\" height=\"576\" src=\"http:\/\/blogdoarmindomaia.com.br\/wp-content\/uploads\/2022\/09\/Escritor-Wagner-Matias-pag-12-1024x576.jpg\" alt=\"\" class=\"wp-image-2760\" srcset=\"http:\/\/blogdoarmindomaia.com.br\/wp-content\/uploads\/2022\/09\/Escritor-Wagner-Matias-pag-12-1024x576.jpg 1024w, http:\/\/blogdoarmindomaia.com.br\/wp-content\/uploads\/2022\/09\/Escritor-Wagner-Matias-pag-12-300x169.jpg 300w, http:\/\/blogdoarmindomaia.com.br\/wp-content\/uploads\/2022\/09\/Escritor-Wagner-Matias-pag-12-768x432.jpg 768w, http:\/\/blogdoarmindomaia.com.br\/wp-content\/uploads\/2022\/09\/Escritor-Wagner-Matias-pag-12-1536x864.jpg 1536w, http:\/\/blogdoarmindomaia.com.br\/wp-content\/uploads\/2022\/09\/Escritor-Wagner-Matias-pag-12.jpg 1600w\" sizes=\"auto, (max-width: 1024px) 100vw, 1024px\" \/><\/figure>\n\n\n\n<p>Com uma carreira ecl\u00e9tica e consolidada, <strong>Wagner Matias de Andrade;&nbsp; escritor, c<\/strong>omunicador social, pedagogo empresarial, naturalista, pacifista, autor e orientador do 5S, visitou o Memorial da Escrita e Imprensa Maur\u00edcio Rosa e se encantou com o acervo e a hist\u00f3ria reverenciada no espa\u00e7o cultural em Arax\u00e1.<\/p>\n\n\n\n<p>Ele disse que, \u201c eu vivi isso aqui intensamente, pois desde menino, aos 11 anos, eu j\u00e1 curtia a escrita e a leitura. E foi nesse tempo que eu comecei a fazer jornalzinho em sala de aula, pois naquele tempo a gente n\u00e3o tinha acesso a c\u00f3pia ou xerox, pois o xerox ainda n\u00e3o existia. Eu pegava uma folha de papel A4, dobrava no meio, fazia as colunas, redigindo na coluna certinho, desenhando nos espa\u00e7o, colocando an\u00fancios, charge, como brincadeira de crian\u00e7a, j\u00e1 imitando a imprensa. Depois, passei&nbsp; a colaborar em 1972 no Jornal Correio de Arax\u00e1, com minhas charges e vivi essa imprensa antiga da tipografia. Depois me mudei para Belo Horizonte onde trabalhei em editoras, aprendi a fazer livros, montando a minha pr\u00f3pria editora e at\u00e9 hoje eu vivo intensamente esse cen\u00e1rio que \u00e9 ofertado com tanto zelo aqui no Memorial Maur\u00edcio Rosa\u201d.<\/p>\n\n\n\n<p>Wagner tamb\u00e9m revelou que, \u201c eu ainda tenho guardado comigo, recortes de jornais amarelados pelo tempo, daquilo que escrevi e desenhei para&nbsp; v\u00e1rios jornais nos anos 60. E esses recortes em papel s\u00e3o o retrato &nbsp;da hist\u00f3ria de vida de um tempo de cada pessoa. Infelizmente hoje as crian\u00e7as est\u00e3o vendo as not\u00edcias em meios eletr\u00f4nicos&nbsp; que v\u00e3o desaparecer, E essas crian\u00e7as, n\u00e3o v\u00e3o ter um testemunho material como eu tenho os meus recortes de jornais, sobre a hist\u00f3ria de vida delas e de seu tempo, por isso vai desaparecer\u201d.<\/p>\n\n\n\n<p>Emocionado em ter contato com o valioso acervo do Memorial, Wagner contou que, \u201ceu acho muito importante esse museu aqui, porque ele mostra e resgata como tudo era feito; mostra o testemunho fiel da nossa hist\u00f3ria de vida da nossa forma\u00e7\u00e3o cultural social, comportamental, profissional, relacional com a fam\u00edlia e tamb\u00e9m possibilita de um av\u00f4 mostrar para um neto como era a vida em outros tempos. Ent\u00e3o esse Memorial da Escrita e da Imprensa Maur\u00edcio Rosa, \u00e9 um espa\u00e7o para que todos os dias tenha uma frequ\u00eancia de visita\u00e7\u00e3o de pelo menos 30 alunos circulando&nbsp; por aqui e conhecendo de perto como era o of\u00edcio da tipografia e a hist\u00f3ria da evolu\u00e7\u00e3o da escrita\u201d.<\/p>\n","protected":false},"excerpt":{"rendered":"<p>Com uma carreira ecl\u00e9tica e consolidada, Wagner Matias de Andrade;&nbsp; escritor, comunicador social, pedagogo empresarial, naturalista, pacifista, autor e orientador<\/p>\n","protected":false},"author":2,"featured_media":2760,"comment_status":"open","ping_status":"open","sticky":false,"template":"","format":"standard","meta":{"footnotes":""},"categories":[9,5],"tags":[],"class_list":["post-2759","post","type-post","status-publish","format-standard","has-post-thumbnail","hentry","category-araxa","category-arte-e-cultura"],"_links":{"self":[{"href":"http:\/\/blogdoarmindomaia.com.br\/index.php?rest_route=\/wp\/v2\/posts\/2759","targetHints":{"allow":["GET"]}}],"collection":[{"href":"http:\/\/blogdoarmindomaia.com.br\/index.php?rest_route=\/wp\/v2\/posts"}],"about":[{"href":"http:\/\/blogdoarmindomaia.com.br\/index.php?rest_route=\/wp\/v2\/types\/post"}],"author":[{"embeddable":true,"href":"http:\/\/blogdoarmindomaia.com.br\/index.php?rest_route=\/wp\/v2\/users\/2"}],"replies":[{"embeddable":true,"href":"http:\/\/blogdoarmindomaia.com.br\/index.php?rest_route=%2Fwp%2Fv2%2Fcomments&post=2759"}],"version-history":[{"count":1,"href":"http:\/\/blogdoarmindomaia.com.br\/index.php?rest_route=\/wp\/v2\/posts\/2759\/revisions"}],"predecessor-version":[{"id":2761,"href":"http:\/\/blogdoarmindomaia.com.br\/index.php?rest_route=\/wp\/v2\/posts\/2759\/revisions\/2761"}],"wp:featuredmedia":[{"embeddable":true,"href":"http:\/\/blogdoarmindomaia.com.br\/index.php?rest_route=\/wp\/v2\/media\/2760"}],"wp:attachment":[{"href":"http:\/\/blogdoarmindomaia.com.br\/index.php?rest_route=%2Fwp%2Fv2%2Fmedia&parent=2759"}],"wp:term":[{"taxonomy":"category","embeddable":true,"href":"http:\/\/blogdoarmindomaia.com.br\/index.php?rest_route=%2Fwp%2Fv2%2Fcategories&post=2759"},{"taxonomy":"post_tag","embeddable":true,"href":"http:\/\/blogdoarmindomaia.com.br\/index.php?rest_route=%2Fwp%2Fv2%2Ftags&post=2759"}],"curies":[{"name":"wp","href":"https:\/\/api.w.org\/{rel}","templated":true}]}}