{"id":2779,"date":"2022-09-23T13:55:56","date_gmt":"2022-09-23T16:55:56","guid":{"rendered":"http:\/\/blogdoarmindomaia.com.br\/?p=2779"},"modified":"2022-09-23T13:55:58","modified_gmt":"2022-09-23T16:55:58","slug":"16a-primavera-dos-museus-em-araxa-promove-atividades-gratuitas","status":"publish","type":"post","link":"http:\/\/blogdoarmindomaia.com.br\/?p=2779","title":{"rendered":"16\u00aa Primavera dos Museus em Arax\u00e1 promove atividades gratuitas"},"content":{"rendered":"\n<figure class=\"wp-block-image size-large\"><img loading=\"lazy\" decoding=\"async\" width=\"1024\" height=\"1024\" src=\"http:\/\/blogdoarmindomaia.com.br\/wp-content\/uploads\/2022\/09\/1-1024x1024.jpeg\" alt=\"\" class=\"wp-image-2780\" srcset=\"http:\/\/blogdoarmindomaia.com.br\/wp-content\/uploads\/2022\/09\/1-1024x1024.jpeg 1024w, http:\/\/blogdoarmindomaia.com.br\/wp-content\/uploads\/2022\/09\/1-300x300.jpeg 300w, http:\/\/blogdoarmindomaia.com.br\/wp-content\/uploads\/2022\/09\/1-150x150.jpeg 150w, http:\/\/blogdoarmindomaia.com.br\/wp-content\/uploads\/2022\/09\/1-768x767.jpeg 768w, http:\/\/blogdoarmindomaia.com.br\/wp-content\/uploads\/2022\/09\/1.jpeg 1080w\" sizes=\"auto, (max-width: 1024px) 100vw, 1024px\" \/><\/figure>\n\n\n\n<p>A Funda\u00e7\u00e3o Cultural Calmon Barreto (FCCB) participa, at\u00e9 o dia&nbsp; 24 de setembro, da 16\u00aa Primavera nos Museus, movimento nacional organizado pelo Instituto Brasileiro de Museus (Ibram), que em 2022 traz o tema \u201cIndepend\u00eancias e Museus: outros 200, outras hist\u00f3rias\u201d.<br><br>Em Arax\u00e1, os museus est\u00e3o tendo atividades gratuitas voltadas para alunos e comunidade. Palestras, bate-papos, exibi\u00e7\u00e3o de filmes, encena\u00e7\u00e3o do grito do Ipiranga e show musical est\u00e3o entre os destaques da programa\u00e7\u00e3o.<br><br>Neste ano, a objetivo do evento busca renovar os olhares sobre a independ\u00eancia, sob a \u00f3tica da diversidade cultural, da liberdade de pensamento, da inclus\u00e3o, da pluralidade de experi\u00eancias e de interpreta\u00e7\u00f5es.<br><br>\u201cA 16\u00aa Primavera dos Museus \u00e9 um movimento nacional que vem de encontro a proposta do Museu Interativo que j\u00e1 desenvolvemos em Arax\u00e1. Teremos uma semana inteira dedicada ao tema \u2018Independ\u00eancias e Museus\u2019, com atividades que possibilitar\u00e3o aos visitantes uma experi\u00eancia mais imersiva com os espa\u00e7os\u201d, ressalta a presidente da FCCB, Cynthia Ver\u00e7osa.<br><br>Programa\u00e7\u00e3o<br><br><br>Dia 23\/09 (sexta)<br><br>&#8211; 13h20 &#8211; Museu do Legislativo e da Imagem e do Som: &nbsp;Palestra \u2018Hist\u00f3rias e documentos\u2019 sobre a Independ\u00eancia do Brasil e contexto hist\u00f3rico no per\u00edodo da primeira metade do s\u00e9culo XIX no pa\u00eds, em Minas Gerais e Arax\u00e1 (Aberto ao p\u00fablico).<br><br>Dia 24\/09 (s\u00e1bado)<br><br>&#8211; 10h &#8211; Museu Calmon Barreto e Memorial de Arax\u00e1: Caf\u00e9 da manh\u00e3 com show da Banda Partido &#8211; repert\u00f3rios de hinos e m\u00fasicas brasileiras (Aberto ao p\u00fablico).<br><br>Endere\u00e7os dos museus<br><br>&#8211; Museu Legislativo e Museu da Imagem e do Som &#8211; Pra\u00e7a Coronel Adolpho, 09, Centro.<br><br>&#8211; Museu Hist\u00f3rico de Arax\u00e1 &#8211; Dona Beja &#8211; Pra\u00e7a Coronel Adolpho, 98, Centro.<br><br>&#8211; Museu Calmon Barreto e Memorial de Arax\u00e1 &#8211; Av. Vereador Jo\u00e3o Sena, 98, Centro.<br><br>&#8211; Museu Sacro da Igreja de S\u00e3o Sebasti\u00e3o &#8211; Pra\u00e7a de S\u00e3o Sebasti\u00e3o, s\/n, Vila S\u00e3o Pedro.<\/p>\n","protected":false},"excerpt":{"rendered":"<p>A Funda\u00e7\u00e3o Cultural Calmon Barreto (FCCB) participa, at\u00e9 o dia&nbsp; 24 de setembro, da 16\u00aa Primavera nos Museus, movimento nacional<\/p>\n","protected":false},"author":2,"featured_media":2780,"comment_status":"open","ping_status":"open","sticky":false,"template":"","format":"standard","meta":{"footnotes":""},"categories":[9,11],"tags":[],"class_list":["post-2779","post","type-post","status-publish","format-standard","has-post-thumbnail","hentry","category-araxa","category-destaques"],"_links":{"self":[{"href":"http:\/\/blogdoarmindomaia.com.br\/index.php?rest_route=\/wp\/v2\/posts\/2779","targetHints":{"allow":["GET"]}}],"collection":[{"href":"http:\/\/blogdoarmindomaia.com.br\/index.php?rest_route=\/wp\/v2\/posts"}],"about":[{"href":"http:\/\/blogdoarmindomaia.com.br\/index.php?rest_route=\/wp\/v2\/types\/post"}],"author":[{"embeddable":true,"href":"http:\/\/blogdoarmindomaia.com.br\/index.php?rest_route=\/wp\/v2\/users\/2"}],"replies":[{"embeddable":true,"href":"http:\/\/blogdoarmindomaia.com.br\/index.php?rest_route=%2Fwp%2Fv2%2Fcomments&post=2779"}],"version-history":[{"count":1,"href":"http:\/\/blogdoarmindomaia.com.br\/index.php?rest_route=\/wp\/v2\/posts\/2779\/revisions"}],"predecessor-version":[{"id":2781,"href":"http:\/\/blogdoarmindomaia.com.br\/index.php?rest_route=\/wp\/v2\/posts\/2779\/revisions\/2781"}],"wp:featuredmedia":[{"embeddable":true,"href":"http:\/\/blogdoarmindomaia.com.br\/index.php?rest_route=\/wp\/v2\/media\/2780"}],"wp:attachment":[{"href":"http:\/\/blogdoarmindomaia.com.br\/index.php?rest_route=%2Fwp%2Fv2%2Fmedia&parent=2779"}],"wp:term":[{"taxonomy":"category","embeddable":true,"href":"http:\/\/blogdoarmindomaia.com.br\/index.php?rest_route=%2Fwp%2Fv2%2Fcategories&post=2779"},{"taxonomy":"post_tag","embeddable":true,"href":"http:\/\/blogdoarmindomaia.com.br\/index.php?rest_route=%2Fwp%2Fv2%2Ftags&post=2779"}],"curies":[{"name":"wp","href":"https:\/\/api.w.org\/{rel}","templated":true}]}}