{"id":2789,"date":"2022-09-26T10:46:42","date_gmt":"2022-09-26T13:46:42","guid":{"rendered":"http:\/\/blogdoarmindomaia.com.br\/?p=2789"},"modified":"2022-09-26T10:46:43","modified_gmt":"2022-09-26T13:46:43","slug":"novo-cronograma-da-coleta-de-materiais-reciclaveis-contempla-todas-as-regioes-de-araxa%ef%bf%bc","status":"publish","type":"post","link":"http:\/\/blogdoarmindomaia.com.br\/?p=2789","title":{"rendered":"Novo cronograma da Coleta de Materiais Recicl\u00e1veis contempla todas as regi\u00f5es de Arax\u00e1\ufffc"},"content":{"rendered":"\n<figure class=\"wp-block-image size-full\"><img loading=\"lazy\" decoding=\"async\" width=\"1024\" height=\"683\" src=\"http:\/\/blogdoarmindomaia.com.br\/wp-content\/uploads\/2022\/09\/Novo-cronograma-da-Coleta-de-Materiais-Reciclaveis-pag-08.jpg\" alt=\"\" class=\"wp-image-2790\" srcset=\"http:\/\/blogdoarmindomaia.com.br\/wp-content\/uploads\/2022\/09\/Novo-cronograma-da-Coleta-de-Materiais-Reciclaveis-pag-08.jpg 1024w, http:\/\/blogdoarmindomaia.com.br\/wp-content\/uploads\/2022\/09\/Novo-cronograma-da-Coleta-de-Materiais-Reciclaveis-pag-08-300x200.jpg 300w, http:\/\/blogdoarmindomaia.com.br\/wp-content\/uploads\/2022\/09\/Novo-cronograma-da-Coleta-de-Materiais-Reciclaveis-pag-08-768x512.jpg 768w\" sizes=\"auto, (max-width: 1024px) 100vw, 1024px\" \/><\/figure>\n\n\n\n<figure class=\"wp-block-image size-full\"><img loading=\"lazy\" decoding=\"async\" width=\"1024\" height=\"683\" src=\"http:\/\/blogdoarmindomaia.com.br\/wp-content\/uploads\/2022\/09\/coleta-seletiva-3.jpg\" alt=\"\" class=\"wp-image-2791\" srcset=\"http:\/\/blogdoarmindomaia.com.br\/wp-content\/uploads\/2022\/09\/coleta-seletiva-3.jpg 1024w, http:\/\/blogdoarmindomaia.com.br\/wp-content\/uploads\/2022\/09\/coleta-seletiva-3-300x200.jpg 300w, http:\/\/blogdoarmindomaia.com.br\/wp-content\/uploads\/2022\/09\/coleta-seletiva-3-768x512.jpg 768w\" sizes=\"auto, (max-width: 1024px) 100vw, 1024px\" \/><\/figure>\n\n\n\n<p>&#8220;Nessa marcha sem parar, caminhar \u00e9 resistir e se unir \u00e9 reciclar&#8221;. A melodia, j\u00e1 conhecida pelos araxaenses, \u00e9 um convite \u00e0 comunidade para separar materiais recicl\u00e1veis que ser\u00e3o recolhidos pela cooperativa e associa\u00e7\u00f5es de reciclagem.<\/p>\n\n\n\n<p><a>O novo cronograma foi definido pela Divis\u00e3o de Meio Ambiente do Instituto de Planejamento e Desenvolvimento Sustent\u00e1vel de Arax\u00e1 (IPDSA) e Secretaria Municipal de Servi\u00e7os Urbanos junto \u00e0s entidades e agora contempla todas as regi\u00f5es de Arax\u00e1, com coleta seletiva de segunda a sexta das 7h \u00e0s 17h nos bairros e a partir das 18h na Regi\u00e3o Central, que tamb\u00e9m \u00e9 atendida aos s\u00e1bados, das 12h30 \u00e0s 15h.<\/a><\/p>\n\n\n\n<p>A defini\u00e7\u00e3o do cronograma foi poss\u00edvel ap\u00f3s estrutura\u00e7\u00e3o das associa\u00e7\u00f5es e cooperativa de recicl\u00e1veis na cidade com o apoio da Prefeitura de Arax\u00e1. Desde que a atual gest\u00e3o assumiu a Administra\u00e7\u00e3o Municipal, j\u00e1 foi firmado conv\u00eanio no valor de R$ 166.500 em 2021 e 2022 com cada uma das quatros prestadoras do servi\u00e7o de reciclagem &#8211; Foco Ambiental, Cooperare, Reciclara e Dona Beja.<\/p>\n\n\n\n<p>O recurso possibilitou a reestrutura\u00e7\u00e3o das quatro entidades com o aluguel de galp\u00f5es e compra de caminh\u00f5es e equipamentos e tamb\u00e9m contribui para oferecer condi\u00e7\u00f5es dignas aos trabalhadores e suas fam\u00edlias, al\u00e9m da manuten\u00e7\u00e3o do servi\u00e7o.<\/p>\n\n\n\n<p>Com a intensifica\u00e7\u00e3o da divulga\u00e7\u00e3o do cronograma da coleta seletiva, o desvio de res\u00edduo recicl\u00e1vel do aterro sanit\u00e1rio pode ser superior a 30% de tudo o que \u00e9 gerado pelo munic\u00edpio. Atualmente, s\u00e3o desviados mensalmente cerca de 90 toneladas de res\u00edduo recicl\u00e1vel que \u00e9 recolhido pelas associa\u00e7\u00f5es e cooperativas e acabam se tornando renda para muitas fam\u00edlias que vivem da coleta. N\u00famero que deve ser maior agora, com a divulga\u00e7\u00e3o de um cronograma fixo de coleta.<\/p>\n\n\n\n<p>A coordenadora da Coleta Seletiva no IPDSA, Mirian Mota, destaca que o servi\u00e7o \u00e9 a maneira ecol\u00f3gica mais adequada para o descarte de res\u00edduos. &#8220;Contribui para a preserva\u00e7\u00e3o do solo e das \u00e1guas e \u00e9 o primeiro passo para um mundo mais sustent\u00e1vel. A inten\u00e7\u00e3o \u00e9 separar todos os res\u00edduos para que depois possam ser reaproveitados ou utilizados como mat\u00e9ria-prima atrav\u00e9s da reciclagem&#8221;, destaca.<\/p>\n\n\n\n<p>Ela tamb\u00e9m informa que grandes geradoras de res\u00edduo recicl\u00e1vel, como empresas ou com\u00e9rcio, podem entrar em contato com o Setor de Coleta Seletiva do IPDSA para agendar o recolhimento do material. &#8220;J\u00e1 estamos fazendo um trabalho de conscientiza\u00e7\u00e3o junto a algumas empresas da cidade, informando sobre este novo cronograma e divulgando o contato para agendar o recolhimento quando for um volume maior de material&#8221;, explica.<\/p>\n\n\n\n<p>O agendamento, bem como o esclarecimento de d\u00favidas sobre a Coleta Seletiva podem ser feitos atrav\u00e9s do telefone e WhatsApp (34) 3661-3675 ou e-mail:&nbsp;<a href=\"mailto:coletaseletiva@ipdsa.org.br\" target=\"_blank\" rel=\"noreferrer noopener\">coletaseletiva@ipdsa.org.br<\/a><\/p>\n\n\n\n<p><a><strong>CRONOGRAMA REGI\u00c3O CENTRAL (segunda a sexta, a partir das 18h, e aos s\u00e1bados, das 12h30 \u00e0s 15h)<\/strong><\/a><\/p>\n\n\n\n<p>&#8211; Av. Amazonas, Av. Vereador Jo\u00e3o Sena, Av. Get\u00falio Vargas, Av. Prefeito Aracely de Paula, Av. Wilson Borges, Av. D\u00e2maso Drummond, Av. Senador Montandon, Av. Imbiara, Av. Jo\u00e3o Paulo II, R. Calim\u00e9rio Guimar\u00e3es, R. Capit\u00e3o Izidro, R. Dom Jos\u00e9 Gaspar, R. Presidente Oleg\u00e1rio Maciel, R. Belo Horizonte, R. Franklin de Castro e R. Rio Branco.<\/p>\n\n\n\n<p><strong>CRONOGRAMA BAIRROS<\/strong><\/p>\n\n\n\n<p><strong>SEGUNDA<\/strong><\/p>\n\n\n\n<p><strong>&#8211; SETOR LESTE:<\/strong>&nbsp;Odilon Jos\u00e9 Carneiro, Santo Ant\u00f4nio, Recanto das Mangueiras, Jos\u00e9 Ferreira Guimar\u00e3es, Vila Andrea, Veredas da Cidade, Portal Veredas e Veredas do Belvedere.<\/p>\n\n\n\n<p><strong>&#8211; SETOR OESTE \/ SUL:&nbsp;<\/strong>Distrito Industrial 1 e 2, Aeroporto, Max Neumann 1 e 2, Jardim Am\u00e9rica 1 e 2, Aboli\u00e7\u00e3o, Santa M\u00f4nica, Leblon, S\u00e3o Geraldo, Novo S\u00e3o Geraldo, Jo\u00e3o Ribeiro e S\u00e3o Francisco.<\/p>\n\n\n\n<p><strong>&#8211; SETOR NORTE:&nbsp;<\/strong>Ana Pinto de Almeida, Salom\u00e3o Drummond, Francisco Duarte, Tiradentes e Bom Jesus.<\/p>\n\n\n\n<p><strong>TER\u00c7A<\/strong><\/p>\n\n\n\n<p><strong>&#8211; SETOR LESTE:<\/strong>&nbsp;Padre Alaor, Vila Est\u00e2ncia, Lamartine, Primavera, Adhemar Rodrigues Valle, Novo Santo Ant\u00f4nio, Parque das Flores, Residencial Flora Urciano e Jardim Cec\u00edlia.<\/p>\n\n\n\n<p><strong>&#8211; SETOR OESTE \/ SUL:<\/strong>&nbsp;Alvorada, S\u00e3o Domingos e Serra Morena.<\/p>\n\n\n\n<p><strong>&#8211; SETOR NORTE:&nbsp;<\/strong>Morada do Sol, Vale dos Arax\u00e1s, Santa Rita, Orozino Teixeira, Ana Ant\u00f4nia, Jo\u00e3o Bosco Teixeira e Cincinato de \u00c1vila.<\/p>\n\n\n\n<p><strong>QUARTA<\/strong><\/p>\n\n\n\n<p><strong>&#8211; SETOR LESTE:<\/strong>&nbsp;Recanto do Bosque, Bouganville 1 e 2, Recanto dos P\u00e1ssaros, Bela Vista, Residencial Solaris 1 e 2, Roberto Pedrina 1 e 2 e Residencial Vit\u00f3ria.<\/p>\n\n\n\n<p><strong>&#8211; SETOR OESTE \/ SUL:<\/strong>&nbsp;Boa Vista 1 e 2, Camu\u00e1, Fen\u00edcia, Rancho das Orqu\u00eddeas, Vila Universit\u00e1ria, Quintas do Lago, Riviera do Lago, Santa Luzia, S\u00e3o Crist\u00f3v\u00e3o e Barreirinho.<\/p>\n\n\n\n<p><strong>&#8211; SETOR NORTE:&nbsp;<\/strong>Urciano Lemos e Domingos Zema.<\/p>\n\n\n\n<p><strong>QUINTA<\/strong><\/p>\n\n\n\n<p><strong>&#8211; SETOR LESTE:<\/strong>&nbsp;Monte Verde, Residencial das Ac\u00e1cias, Jardim Filomena, Residencial Bocaina, Jardim Europa 1 a 5.<\/p>\n\n\n\n<p><strong>&#8211; SETOR OESTE \/ SUL:<\/strong>&nbsp;Guilhermina Vieira Chaer, Fertiza, Jardim Imperial, Vila Silv\u00e9ria, Leda Barcelos, Dona Beja, C\u00e2ndida Lemos, Nova Arax\u00e1, Monte Belo e Residencial das Palmeiras.<\/p>\n\n\n\n<p><strong>&#8211; SETOR NORTE:<\/strong>&nbsp;Pedra Azul, Pedra Bonita, Associa\u00e7\u00e3o Habitacional de Arax\u00e1, Villa Verde, Santa Maria, Novo Horizonte, PEP 11 e 12.<\/p>\n\n\n\n<p><strong>SEXTA<\/strong><\/p>\n\n\n\n<p><strong>&#8211; SETOR LESTE:<\/strong>&nbsp;Monte Jardim, Ant\u00f4nio Pereira Valle, Jardim das Primaveras 1 e 2, Mangabeiras 1 a 5, Portal do Camburi, Jardim Dona Ad\u00e9lia e Villa das Artes.<\/p>\n\n\n\n<p><strong>&#8211; SETOR OESTE \/ SUL:<\/strong>&nbsp;S\u00e3o Pedro, Vila Rica, Vila Guimar\u00e3es, Pedro Pezzuti, Vila S\u00e3o Vicente, Santa Terezinha e Sagrada Fam\u00edlia.<\/p>\n\n\n\n<p><strong>&#8211; SETOR NORTE:<\/strong>&nbsp;P\u00e3o de A\u00e7\u00facar 1 a 5, Villa Mayor, Jardim das Oliveiras 1 e 2 e Jardim Nat\u00e1lia.<\/p>\n","protected":false},"excerpt":{"rendered":"<p>&#8220;Nessa marcha sem parar, caminhar \u00e9 resistir e se unir \u00e9 reciclar&#8221;. A melodia, j\u00e1 conhecida pelos araxaenses, \u00e9 um<\/p>\n","protected":false},"author":2,"featured_media":2790,"comment_status":"open","ping_status":"open","sticky":false,"template":"","format":"standard","meta":{"footnotes":""},"categories":[9,11,29],"tags":[],"class_list":["post-2789","post","type-post","status-publish","format-standard","has-post-thumbnail","hentry","category-araxa","category-destaques","category-saude"],"_links":{"self":[{"href":"http:\/\/blogdoarmindomaia.com.br\/index.php?rest_route=\/wp\/v2\/posts\/2789","targetHints":{"allow":["GET"]}}],"collection":[{"href":"http:\/\/blogdoarmindomaia.com.br\/index.php?rest_route=\/wp\/v2\/posts"}],"about":[{"href":"http:\/\/blogdoarmindomaia.com.br\/index.php?rest_route=\/wp\/v2\/types\/post"}],"author":[{"embeddable":true,"href":"http:\/\/blogdoarmindomaia.com.br\/index.php?rest_route=\/wp\/v2\/users\/2"}],"replies":[{"embeddable":true,"href":"http:\/\/blogdoarmindomaia.com.br\/index.php?rest_route=%2Fwp%2Fv2%2Fcomments&post=2789"}],"version-history":[{"count":1,"href":"http:\/\/blogdoarmindomaia.com.br\/index.php?rest_route=\/wp\/v2\/posts\/2789\/revisions"}],"predecessor-version":[{"id":2792,"href":"http:\/\/blogdoarmindomaia.com.br\/index.php?rest_route=\/wp\/v2\/posts\/2789\/revisions\/2792"}],"wp:featuredmedia":[{"embeddable":true,"href":"http:\/\/blogdoarmindomaia.com.br\/index.php?rest_route=\/wp\/v2\/media\/2790"}],"wp:attachment":[{"href":"http:\/\/blogdoarmindomaia.com.br\/index.php?rest_route=%2Fwp%2Fv2%2Fmedia&parent=2789"}],"wp:term":[{"taxonomy":"category","embeddable":true,"href":"http:\/\/blogdoarmindomaia.com.br\/index.php?rest_route=%2Fwp%2Fv2%2Fcategories&post=2789"},{"taxonomy":"post_tag","embeddable":true,"href":"http:\/\/blogdoarmindomaia.com.br\/index.php?rest_route=%2Fwp%2Fv2%2Ftags&post=2789"}],"curies":[{"name":"wp","href":"https:\/\/api.w.org\/{rel}","templated":true}]}}