{"id":2793,"date":"2022-09-26T14:19:53","date_gmt":"2022-09-26T17:19:53","guid":{"rendered":"http:\/\/blogdoarmindomaia.com.br\/?p=2793"},"modified":"2022-09-26T14:19:54","modified_gmt":"2022-09-26T17:19:54","slug":"entidades-unem-esforcos-para-o-diagnostico-precoce-do-cancer","status":"publish","type":"post","link":"http:\/\/blogdoarmindomaia.com.br\/?p=2793","title":{"rendered":"Entidades unem esfor\u00e7os para o diagn\u00f3stico precoce do c\u00e2ncer"},"content":{"rendered":"\n<figure class=\"wp-block-image size-large\"><img loading=\"lazy\" decoding=\"async\" width=\"1024\" height=\"1024\" src=\"http:\/\/blogdoarmindomaia.com.br\/wp-content\/uploads\/2022\/09\/Outubro-Rosa-Novembro-Azul-1024x1024.jpg\" alt=\"\" class=\"wp-image-2794\" srcset=\"http:\/\/blogdoarmindomaia.com.br\/wp-content\/uploads\/2022\/09\/Outubro-Rosa-Novembro-Azul-1024x1024.jpg 1024w, http:\/\/blogdoarmindomaia.com.br\/wp-content\/uploads\/2022\/09\/Outubro-Rosa-Novembro-Azul-300x300.jpg 300w, http:\/\/blogdoarmindomaia.com.br\/wp-content\/uploads\/2022\/09\/Outubro-Rosa-Novembro-Azul-150x150.jpg 150w, http:\/\/blogdoarmindomaia.com.br\/wp-content\/uploads\/2022\/09\/Outubro-Rosa-Novembro-Azul-768x768.jpg 768w, http:\/\/blogdoarmindomaia.com.br\/wp-content\/uploads\/2022\/09\/Outubro-Rosa-Novembro-Azul.jpg 1080w\" sizes=\"auto, (max-width: 1024px) 100vw, 1024px\" \/><\/figure>\n\n\n\n<p>O lan\u00e7amento da campanha Outubro Rosa acontecer\u00e1&nbsp;nesta quarta-feira, 28 de setembro, \u00e0s 19h30, no Teatro Municipal Maximiliano Rocha. O tema de 2022 \u00e9:&nbsp;<strong>Rede de apoio, rela\u00e7\u00f5es de afeto que curam.&nbsp;&nbsp;<\/strong>Haver\u00e1 uma&nbsp;<em>vernissage&nbsp;<\/em>com fotografias&nbsp;<em>Fine Art&nbsp;<\/em>utilizadasno revestimento dos la\u00e7os gigantes. Esse tipo de trabalho inclui a inten\u00e7\u00e3o subjetiva do profissional.&nbsp;Expressa as percep\u00e7\u00f5es e emo\u00e7\u00f5es que o artista quer compartilhar com outros.<\/p>\n\n\n\n<p>Neste ano, os la\u00e7os, al\u00e9m de chamarem a aten\u00e7\u00e3o para o diagn\u00f3stico precoce do c\u00e2ncer de mama e de pr\u00f3stata,&nbsp; dar\u00e3o destaque para o suporte e o carinho necess\u00e1rios durante o tratamento tanto de familiares quanto de amigos e da sociedade. Tudo enquadrado pela \u00f3tica de fot\u00f3grafos.<\/p>\n\n\n\n<p>Outubro e novembro s\u00e3o os meses dedicados, internacionalmente, \u00e0 dissemina\u00e7\u00e3o de informa\u00e7\u00f5es sobre o c\u00e2ncer de mama e de pr\u00f3stata.&nbsp;Com esta proposta, em 2022, est\u00e3o juntos a C\u00e2mara da Mulher Empreendedora da Acia,&nbsp; Ampara \u2013 Associa\u00e7\u00e3o de Amparo \u00e0s Pessoas com C\u00e2ncer de Arax\u00e1, Fama \u2013 Funda\u00e7\u00e3o de Assist\u00eancia \u00e0 Mulher Araxaense, Secretaria Municipal de Sa\u00fade e Conselho Municipal dos Direitos da Mulher.<\/p>\n","protected":false},"excerpt":{"rendered":"<p>O lan\u00e7amento da campanha Outubro Rosa acontecer\u00e1&nbsp;nesta quarta-feira, 28 de setembro, \u00e0s 19h30, no Teatro Municipal Maximiliano Rocha. O tema<\/p>\n","protected":false},"author":2,"featured_media":2794,"comment_status":"open","ping_status":"open","sticky":false,"template":"","format":"standard","meta":{"footnotes":""},"categories":[9,29],"tags":[],"class_list":["post-2793","post","type-post","status-publish","format-standard","has-post-thumbnail","hentry","category-araxa","category-saude"],"_links":{"self":[{"href":"http:\/\/blogdoarmindomaia.com.br\/index.php?rest_route=\/wp\/v2\/posts\/2793","targetHints":{"allow":["GET"]}}],"collection":[{"href":"http:\/\/blogdoarmindomaia.com.br\/index.php?rest_route=\/wp\/v2\/posts"}],"about":[{"href":"http:\/\/blogdoarmindomaia.com.br\/index.php?rest_route=\/wp\/v2\/types\/post"}],"author":[{"embeddable":true,"href":"http:\/\/blogdoarmindomaia.com.br\/index.php?rest_route=\/wp\/v2\/users\/2"}],"replies":[{"embeddable":true,"href":"http:\/\/blogdoarmindomaia.com.br\/index.php?rest_route=%2Fwp%2Fv2%2Fcomments&post=2793"}],"version-history":[{"count":1,"href":"http:\/\/blogdoarmindomaia.com.br\/index.php?rest_route=\/wp\/v2\/posts\/2793\/revisions"}],"predecessor-version":[{"id":2795,"href":"http:\/\/blogdoarmindomaia.com.br\/index.php?rest_route=\/wp\/v2\/posts\/2793\/revisions\/2795"}],"wp:featuredmedia":[{"embeddable":true,"href":"http:\/\/blogdoarmindomaia.com.br\/index.php?rest_route=\/wp\/v2\/media\/2794"}],"wp:attachment":[{"href":"http:\/\/blogdoarmindomaia.com.br\/index.php?rest_route=%2Fwp%2Fv2%2Fmedia&parent=2793"}],"wp:term":[{"taxonomy":"category","embeddable":true,"href":"http:\/\/blogdoarmindomaia.com.br\/index.php?rest_route=%2Fwp%2Fv2%2Fcategories&post=2793"},{"taxonomy":"post_tag","embeddable":true,"href":"http:\/\/blogdoarmindomaia.com.br\/index.php?rest_route=%2Fwp%2Fv2%2Ftags&post=2793"}],"curies":[{"name":"wp","href":"https:\/\/api.w.org\/{rel}","templated":true}]}}