{"id":2819,"date":"2022-09-27T14:16:11","date_gmt":"2022-09-27T17:16:11","guid":{"rendered":"http:\/\/blogdoarmindomaia.com.br\/?p=2819"},"modified":"2022-09-27T14:16:16","modified_gmt":"2022-09-27T17:16:16","slug":"semana-da-crianca-com-a-truppe-encantada-em-araxa","status":"publish","type":"post","link":"http:\/\/blogdoarmindomaia.com.br\/?p=2819","title":{"rendered":"Semana da crian\u00e7a com a Truppe Encantada em Arax\u00e1"},"content":{"rendered":"\n<figure class=\"wp-block-image size-full\"><img loading=\"lazy\" decoding=\"async\" width=\"938\" height=\"938\" src=\"http:\/\/blogdoarmindomaia.com.br\/wp-content\/uploads\/2022\/09\/A-Truppe-Encantada.png\" alt=\"\" class=\"wp-image-2820\" srcset=\"http:\/\/blogdoarmindomaia.com.br\/wp-content\/uploads\/2022\/09\/A-Truppe-Encantada.png 938w, http:\/\/blogdoarmindomaia.com.br\/wp-content\/uploads\/2022\/09\/A-Truppe-Encantada-300x300.png 300w, http:\/\/blogdoarmindomaia.com.br\/wp-content\/uploads\/2022\/09\/A-Truppe-Encantada-150x150.png 150w, http:\/\/blogdoarmindomaia.com.br\/wp-content\/uploads\/2022\/09\/A-Truppe-Encantada-768x768.png 768w\" sizes=\"auto, (max-width: 938px) 100vw, 938px\" \/><\/figure>\n\n\n\n<p>Ser\u00e3o 3 dias de programa\u00e7\u00e3o exclusiva para as crian\u00e7as em diferentes pontos da cidade.<\/p>\n\n\n\n<p>Uma programa\u00e7\u00e3o especial para crian\u00e7as e adolescentes ser\u00e1 realizada nos dias 9, 12 e 16 de outubro atrav\u00e9s do palco m\u00f3vel da Truppe Encantada \u2013 Arte &amp; A\u00e7\u00e3o, que promete levar m\u00fasica, teatro, brincadeiras, fantasias, gincanas culturais, exposi\u00e7\u00f5es e muita alegria a todos presentes!<\/p>\n\n\n\n<p>Um palco m\u00f3vel foi adaptado em um trio el\u00e9trico para as apresenta\u00e7\u00f5es que ir\u00e3o acontecer em pontos distintos da cidade:<\/p>\n\n\n\n<p>09\/10 &#8211; 8h \u00e0s 14h &#8211; Pra\u00e7a Lago Norte do Barreiro<\/p>\n\n\n\n<p>12\/10 &#8211; 8h \u00e0s 14h &#8211; Par\u00f3quia Sagrada Fam\u00edlia &#8211; Vila Silv\u00e9ria<\/p>\n\n\n\n<p>16\/10 &#8211; 8h \u00e0s 14h &#8211; Estacionamento do Uniarax\u00e1 &#8211; S. Geraldo<\/p>\n\n\n\n<p>A programa\u00e7\u00e3o, que acontece sempre com entrada livre e gratuita, come\u00e7a com o cortejo circense do trio el\u00e9trico pela regi\u00e3o em que o evento ir\u00e1 acontecer, seguido pelo aquecimento das crian\u00e7as com os \u201cSuper Her\u00f3is da Truppe\u201d. As apresenta\u00e7\u00f5es teatrais \u201cBrincando com o tempo\u201d, \u201cTeatro da Truppe Encantada\u201d e \u201cPatuscadas e Presepadas\u201d levam todos ao mundo da imagina\u00e7\u00e3o. Em seguida ser\u00e3o realizados os concursos e premia\u00e7\u00f5es do \u201cMicrofone Aberto\u201d e \u201cGincana Cultural\u201d com a participa\u00e7\u00e3o de alunos de escolas p\u00fablicas e de crian\u00e7as e adolescentes da comunidade araxaense que realizar previamente as inscri\u00e7\u00f5es para as suas apresenta\u00e7\u00f5es. Estas inscri\u00e7\u00f5es podem ser feitas na Associa\u00e7\u00e3o do C\u00e2ncer de Arax\u00e1, na R. Thieres Botelho, 179 ou atrav\u00e9s do Instagram A Truppe Encantada.<\/p>\n\n\n\n<p>O evento tamb\u00e9m ter\u00e1 a participa\u00e7\u00e3o especial do &#8220;Arachazinho e sua Turma&#8221; com palestras sobre a cultura dos povos ind\u00edgenas, exposi\u00e7\u00f5es de associa\u00e7\u00f5es filantr\u00f3picas, camarim m\u00e1gico dente outras atra\u00e7\u00f5es especiais para crian\u00e7ada.<\/p>\n\n\n\n<p>A Truppe Encantada \u2013 Arte &amp; A\u00e7\u00e3o \u00e9 realizada por meio da Lei de Incentivo \u00e0 Cultura, da Secretaria Especial de Cultura e Minist\u00e9rio do Turismo. Conta com o patroc\u00ednio master da CBMM e Zema, e patroc\u00ednios da Hipper Cal\u00e7ados, Soma Engenharia, Famac, Asserpa Sa\u00fade, dentre outras institui\u00e7\u00f5es que valorizam e apoiam esta iniciativa.<\/p>\n","protected":false},"excerpt":{"rendered":"<p>Ser\u00e3o 3 dias de programa\u00e7\u00e3o exclusiva para as crian\u00e7as em diferentes pontos da cidade. Uma programa\u00e7\u00e3o especial para crian\u00e7as e<\/p>\n","protected":false},"author":2,"featured_media":2820,"comment_status":"open","ping_status":"open","sticky":false,"template":"","format":"standard","meta":{"footnotes":""},"categories":[9,5],"tags":[],"class_list":["post-2819","post","type-post","status-publish","format-standard","has-post-thumbnail","hentry","category-araxa","category-arte-e-cultura"],"_links":{"self":[{"href":"http:\/\/blogdoarmindomaia.com.br\/index.php?rest_route=\/wp\/v2\/posts\/2819","targetHints":{"allow":["GET"]}}],"collection":[{"href":"http:\/\/blogdoarmindomaia.com.br\/index.php?rest_route=\/wp\/v2\/posts"}],"about":[{"href":"http:\/\/blogdoarmindomaia.com.br\/index.php?rest_route=\/wp\/v2\/types\/post"}],"author":[{"embeddable":true,"href":"http:\/\/blogdoarmindomaia.com.br\/index.php?rest_route=\/wp\/v2\/users\/2"}],"replies":[{"embeddable":true,"href":"http:\/\/blogdoarmindomaia.com.br\/index.php?rest_route=%2Fwp%2Fv2%2Fcomments&post=2819"}],"version-history":[{"count":1,"href":"http:\/\/blogdoarmindomaia.com.br\/index.php?rest_route=\/wp\/v2\/posts\/2819\/revisions"}],"predecessor-version":[{"id":2821,"href":"http:\/\/blogdoarmindomaia.com.br\/index.php?rest_route=\/wp\/v2\/posts\/2819\/revisions\/2821"}],"wp:featuredmedia":[{"embeddable":true,"href":"http:\/\/blogdoarmindomaia.com.br\/index.php?rest_route=\/wp\/v2\/media\/2820"}],"wp:attachment":[{"href":"http:\/\/blogdoarmindomaia.com.br\/index.php?rest_route=%2Fwp%2Fv2%2Fmedia&parent=2819"}],"wp:term":[{"taxonomy":"category","embeddable":true,"href":"http:\/\/blogdoarmindomaia.com.br\/index.php?rest_route=%2Fwp%2Fv2%2Fcategories&post=2819"},{"taxonomy":"post_tag","embeddable":true,"href":"http:\/\/blogdoarmindomaia.com.br\/index.php?rest_route=%2Fwp%2Fv2%2Ftags&post=2819"}],"curies":[{"name":"wp","href":"https:\/\/api.w.org\/{rel}","templated":true}]}}