{"id":2826,"date":"2022-09-27T14:21:32","date_gmt":"2022-09-27T17:21:32","guid":{"rendered":"http:\/\/blogdoarmindomaia.com.br\/?p=2826"},"modified":"2022-09-27T14:21:34","modified_gmt":"2022-09-27T17:21:34","slug":"visitas-tecnicas-visam-regularizacao-de-1-050-imoveis-de-10-bairros-de-araxa","status":"publish","type":"post","link":"http:\/\/blogdoarmindomaia.com.br\/?p=2826","title":{"rendered":"Visitas t\u00e9cnicas visam regulariza\u00e7\u00e3o de 1.050 im\u00f3veis de 10 bairros de Arax\u00e1"},"content":{"rendered":"\n<figure class=\"wp-block-image size-full\"><img loading=\"lazy\" decoding=\"async\" width=\"1024\" height=\"683\" src=\"http:\/\/blogdoarmindomaia.com.br\/wp-content\/uploads\/2022\/09\/reurb.jpeg\" alt=\"\" class=\"wp-image-2827\" srcset=\"http:\/\/blogdoarmindomaia.com.br\/wp-content\/uploads\/2022\/09\/reurb.jpeg 1024w, http:\/\/blogdoarmindomaia.com.br\/wp-content\/uploads\/2022\/09\/reurb-300x200.jpeg 300w, http:\/\/blogdoarmindomaia.com.br\/wp-content\/uploads\/2022\/09\/reurb-768x512.jpeg 768w\" sizes=\"auto, (max-width: 1024px) 100vw, 1024px\" \/><\/figure>\n\n\n\n<p>A Prefeitura de Arax\u00e1 iniciou nesta semana as visitas t\u00e9cnicas em im\u00f3veis de 10 bairros que ser\u00e3o beneficiados pelo projeto Meu Lar, atrav\u00e9s da Regulariza\u00e7\u00e3o Fundi\u00e1ria Urbana (Reurb).<br><br>O Meu Lar tem como objetivo garantir o direito \u00e0 moradia, por meio do Reurb, da popula\u00e7\u00e3o que reside em terrenos informais localizados nas \u00e1reas urbanas atrav\u00e9s da titulariza\u00e7\u00e3o de seus ocupantes, al\u00e9m de promover a incorpora\u00e7\u00e3o dos n\u00facleos urbanos informais ao ordenamento territorial urbano.<br><br>Nesta etapa do programa, ser\u00e3o contempladas cerca de 1.050 fam\u00edlias dos bairros Aboli\u00e7\u00e3o, Ana Pinto de Almeida, Boa Vista, Bom Jesus, Santa Maria, S\u00e3o Domingos, Adhemar Rodrigues Valle, Odilon Jos\u00e9 Carneiro (Recanto das Mangueiras), Domingos Zema e Francisco Duarte.<br><br>O programa est\u00e1 sendo coordenado pela Secretaria Municipal de A\u00e7\u00e3o Social, atrav\u00e9s do Setor de Habita\u00e7\u00e3o, que est\u00e1 acompanhando todo o processo conduzido por empresa contratada atrav\u00e9s de licita\u00e7\u00e3o para realizar o estudo urban\u00edstico e social que resultar\u00e1 na regulariza\u00e7\u00e3o desses im\u00f3veis.<br><br>De acordo com a coordenadora do Setor de Habita\u00e7\u00e3o, Alessandra Silva, j\u00e1 foi feito o levantamento a\u00e9reo e cartor\u00e1rio que ir\u00e1 nortear a mobiliza\u00e7\u00e3o social. &#8220;Os t\u00e9cnicos far\u00e3o as visitas aos im\u00f3veis contemplados para coleta de informa\u00e7\u00f5es e documenta\u00e7\u00e3o. Caso o morador n\u00e3o esteja em casa, ser\u00e1 deixado um folheto orientando que entre em contato para fazer o agendamento da visita&#8221;, explica.<br><br><strong>Audi\u00eancia p\u00fablica<br><\/strong><br>Os contemplados com o Reurb tamb\u00e9m est\u00e3o sendo convocados para audi\u00eancia p\u00fablica no pr\u00f3ximo s\u00e1bado (24), das 9h \u00e0s 12h, no Teatro Municipal Maximiliano Rocha. A convoca\u00e7\u00e3o est\u00e1 sendo feita atrav\u00e9s de carro de som e nas redes sociais da Prefeitura de Arax\u00e1 e a audi\u00eancia ser\u00e1 momento oportuno para esclarecimentos sobre o Reurb.<br><br>O secret\u00e1rio municipal de A\u00e7\u00e3o Social, Wagner Cruz, enfatiza que este \u00e9 o primeiro grande estudo realizado na cidade para regularizar a situa\u00e7\u00e3o de fam\u00edlias que h\u00e1 anos residem em suas casas sem a escritura\u00e7\u00e3o.<br><br>&#8220;\u00c9 um projeto de grande impacto social, afinal o maior bem material que uma fam\u00edlia tem \u00e9 a sua moradia. E sens\u00edvel a isso, a Gest\u00e3o Municipal j\u00e1 acenou positivamente para uma segunda fase do projeto, ainda a ser estudada, para conseguirmos alcan\u00e7ar ainda fam\u00edlias de outros bairros que se encontram na mesma situa\u00e7\u00e3o&#8221;, afirma.<br><br>O Reurb \u00e9 financiado atrav\u00e9s de conv\u00eanio celebrado entre a Administra\u00e7\u00e3o Municipal e o Governo de Minas Gerais para a implementa\u00e7\u00e3o do programa. A regulariza\u00e7\u00e3o tem custo zero para ocupantes de \u00e1reas irregulares. J\u00e1 as fam\u00edlias que possuem renda superior a cinco sal\u00e1rios m\u00ednimos ou que usam a \u00e1rea com destina\u00e7\u00e3o que n\u00e3o seja exclusivamente residencial arcam com uma taxa cartor\u00e1ria vari\u00e1vel, de acordo com o valor do im\u00f3vel.<br><\/p>\n","protected":false},"excerpt":{"rendered":"<p>A Prefeitura de Arax\u00e1 iniciou nesta semana as visitas t\u00e9cnicas em im\u00f3veis de 10 bairros que ser\u00e3o beneficiados pelo projeto<\/p>\n","protected":false},"author":2,"featured_media":2827,"comment_status":"open","ping_status":"open","sticky":false,"template":"","format":"standard","meta":{"footnotes":""},"categories":[9,8],"tags":[],"class_list":["post-2826","post","type-post","status-publish","format-standard","has-post-thumbnail","hentry","category-araxa","category-cidades"],"_links":{"self":[{"href":"http:\/\/blogdoarmindomaia.com.br\/index.php?rest_route=\/wp\/v2\/posts\/2826","targetHints":{"allow":["GET"]}}],"collection":[{"href":"http:\/\/blogdoarmindomaia.com.br\/index.php?rest_route=\/wp\/v2\/posts"}],"about":[{"href":"http:\/\/blogdoarmindomaia.com.br\/index.php?rest_route=\/wp\/v2\/types\/post"}],"author":[{"embeddable":true,"href":"http:\/\/blogdoarmindomaia.com.br\/index.php?rest_route=\/wp\/v2\/users\/2"}],"replies":[{"embeddable":true,"href":"http:\/\/blogdoarmindomaia.com.br\/index.php?rest_route=%2Fwp%2Fv2%2Fcomments&post=2826"}],"version-history":[{"count":1,"href":"http:\/\/blogdoarmindomaia.com.br\/index.php?rest_route=\/wp\/v2\/posts\/2826\/revisions"}],"predecessor-version":[{"id":2829,"href":"http:\/\/blogdoarmindomaia.com.br\/index.php?rest_route=\/wp\/v2\/posts\/2826\/revisions\/2829"}],"wp:featuredmedia":[{"embeddable":true,"href":"http:\/\/blogdoarmindomaia.com.br\/index.php?rest_route=\/wp\/v2\/media\/2827"}],"wp:attachment":[{"href":"http:\/\/blogdoarmindomaia.com.br\/index.php?rest_route=%2Fwp%2Fv2%2Fmedia&parent=2826"}],"wp:term":[{"taxonomy":"category","embeddable":true,"href":"http:\/\/blogdoarmindomaia.com.br\/index.php?rest_route=%2Fwp%2Fv2%2Fcategories&post=2826"},{"taxonomy":"post_tag","embeddable":true,"href":"http:\/\/blogdoarmindomaia.com.br\/index.php?rest_route=%2Fwp%2Fv2%2Ftags&post=2826"}],"curies":[{"name":"wp","href":"https:\/\/api.w.org\/{rel}","templated":true}]}}