{"id":2833,"date":"2022-09-27T14:29:22","date_gmt":"2022-09-27T17:29:22","guid":{"rendered":"http:\/\/blogdoarmindomaia.com.br\/?p=2833"},"modified":"2022-09-27T14:29:23","modified_gmt":"2022-09-27T17:29:23","slug":"lancamento-e-homenagens-marcam-posse-da-academia-araxaense-juvenil-de-letras","status":"publish","type":"post","link":"http:\/\/blogdoarmindomaia.com.br\/?p=2833","title":{"rendered":"<strong>Lan\u00e7amento e homenagens marcam posse da Academia Araxaense Juvenil de Letras<\/strong>"},"content":{"rendered":"\n<figure class=\"wp-block-image size-large\"><img loading=\"lazy\" decoding=\"async\" width=\"1024\" height=\"682\" src=\"http:\/\/blogdoarmindomaia.com.br\/wp-content\/uploads\/2022\/09\/posse_ajule-4-1024x682.jpg\" alt=\"\" class=\"wp-image-2834\" srcset=\"http:\/\/blogdoarmindomaia.com.br\/wp-content\/uploads\/2022\/09\/posse_ajule-4-1024x682.jpg 1024w, http:\/\/blogdoarmindomaia.com.br\/wp-content\/uploads\/2022\/09\/posse_ajule-4-300x200.jpg 300w, http:\/\/blogdoarmindomaia.com.br\/wp-content\/uploads\/2022\/09\/posse_ajule-4-768x512.jpg 768w, http:\/\/blogdoarmindomaia.com.br\/wp-content\/uploads\/2022\/09\/posse_ajule-4.jpg 1280w\" sizes=\"auto, (max-width: 1024px) 100vw, 1024px\" \/><\/figure>\n\n\n\n<figure class=\"wp-block-image size-large\"><img loading=\"lazy\" decoding=\"async\" width=\"1024\" height=\"707\" src=\"http:\/\/blogdoarmindomaia.com.br\/wp-content\/uploads\/2022\/09\/posse_ajule-6-1024x707.jpg\" alt=\"\" class=\"wp-image-2835\" srcset=\"http:\/\/blogdoarmindomaia.com.br\/wp-content\/uploads\/2022\/09\/posse_ajule-6-1024x707.jpg 1024w, http:\/\/blogdoarmindomaia.com.br\/wp-content\/uploads\/2022\/09\/posse_ajule-6-300x207.jpg 300w, http:\/\/blogdoarmindomaia.com.br\/wp-content\/uploads\/2022\/09\/posse_ajule-6-768x530.jpg 768w, http:\/\/blogdoarmindomaia.com.br\/wp-content\/uploads\/2022\/09\/posse_ajule-6-1536x1060.jpg 1536w, http:\/\/blogdoarmindomaia.com.br\/wp-content\/uploads\/2022\/09\/posse_ajule-6-392x272.jpg 392w, http:\/\/blogdoarmindomaia.com.br\/wp-content\/uploads\/2022\/09\/posse_ajule-6-130x90.jpg 130w, http:\/\/blogdoarmindomaia.com.br\/wp-content\/uploads\/2022\/09\/posse_ajule-6.jpg 1600w\" sizes=\"auto, (max-width: 1024px) 100vw, 1024px\" \/><\/figure>\n\n\n\n<figure class=\"wp-block-image size-large\"><img loading=\"lazy\" decoding=\"async\" width=\"1024\" height=\"682\" src=\"http:\/\/blogdoarmindomaia.com.br\/wp-content\/uploads\/2022\/09\/posse_ajule-7-1024x682.jpg\" alt=\"\" class=\"wp-image-2836\" srcset=\"http:\/\/blogdoarmindomaia.com.br\/wp-content\/uploads\/2022\/09\/posse_ajule-7-1024x682.jpg 1024w, http:\/\/blogdoarmindomaia.com.br\/wp-content\/uploads\/2022\/09\/posse_ajule-7-300x200.jpg 300w, http:\/\/blogdoarmindomaia.com.br\/wp-content\/uploads\/2022\/09\/posse_ajule-7-768x512.jpg 768w, http:\/\/blogdoarmindomaia.com.br\/wp-content\/uploads\/2022\/09\/posse_ajule-7-1536x1023.jpg 1536w, http:\/\/blogdoarmindomaia.com.br\/wp-content\/uploads\/2022\/09\/posse_ajule-7.jpg 1600w\" sizes=\"auto, (max-width: 1024px) 100vw, 1024px\" \/><\/figure>\n\n\n\n<figure class=\"wp-block-image size-large\"><img loading=\"lazy\" decoding=\"async\" width=\"1024\" height=\"682\" src=\"http:\/\/blogdoarmindomaia.com.br\/wp-content\/uploads\/2022\/09\/Lancamento-e-homenagens-marcam-posse-da-Academia-Araxaense-pag-06-1024x682.jpg\" alt=\"\" class=\"wp-image-2837\" srcset=\"http:\/\/blogdoarmindomaia.com.br\/wp-content\/uploads\/2022\/09\/Lancamento-e-homenagens-marcam-posse-da-Academia-Araxaense-pag-06-1024x682.jpg 1024w, http:\/\/blogdoarmindomaia.com.br\/wp-content\/uploads\/2022\/09\/Lancamento-e-homenagens-marcam-posse-da-Academia-Araxaense-pag-06-300x200.jpg 300w, http:\/\/blogdoarmindomaia.com.br\/wp-content\/uploads\/2022\/09\/Lancamento-e-homenagens-marcam-posse-da-Academia-Araxaense-pag-06-768x512.jpg 768w, http:\/\/blogdoarmindomaia.com.br\/wp-content\/uploads\/2022\/09\/Lancamento-e-homenagens-marcam-posse-da-Academia-Araxaense-pag-06-1536x1023.jpg 1536w, http:\/\/blogdoarmindomaia.com.br\/wp-content\/uploads\/2022\/09\/Lancamento-e-homenagens-marcam-posse-da-Academia-Araxaense-pag-06.jpg 1600w\" sizes=\"auto, (max-width: 1024px) 100vw, 1024px\" \/><\/figure>\n\n\n\n<p><em>Quarenta jovens participam da nova forma\u00e7\u00e3o e t\u00eam o desafio de incentivar a escrita e a leitura na cidade<\/em><\/p>\n\n\n\n<p>Tomaram posse na \u00faltima quinta-feira (22) os novos membros da Academia Araxaense Juvenil de Letras (Ajule). Quarenta jovens, entre eles 10 suplentes, passam a compor a nova forma\u00e7\u00e3o da entidade que tem o objetivo de despertar e promover o intenso contato da juventude com os universos da comunica\u00e7\u00e3o, especialmente atrav\u00e9s da literatura como instrumento de express\u00e3o do pensamento humano e de transforma\u00e7\u00e3o social.<\/p>\n\n\n\n<p>A cerim\u00f4nia teve in\u00edcio com uma apresenta\u00e7\u00e3o do Centro de Dan\u00e7as Kathak \u2013 CDK. Na sequ\u00eancia, os acad\u00eamicos juvenis fizeram a leitura do termo de compromisso da Ajule, receberam os diplomas e assinaram o termo de posse. Os novos membros efetivos e suplentes da Academia Araxaense Juvenil de Letras foram selecionados pelo Concurso Liter\u00e1rio Maria de Lourdes Bittencourt de Vasconcellos. A diretoria foi eleita por maioria absoluta dos votos em 15 de julho de 2022. A nova presidente da Ajule \u00e9 Ana Luiza Ribeiro de Melo Silva. \u201cEsta experi\u00eancia \u00e9 muito importante em nosso aprendizado com a literatura, al\u00e9m de nossa forma\u00e7\u00e3o como indiv\u00edduos. Acredito que faremos amizades para vida toda e nos tornaremos uma fam\u00edlia\u201d, diz Ana Luiza.<\/p>\n\n\n\n<p><strong>Homenagem<\/strong><\/p>\n\n\n\n<p>Ap\u00f3s a posse dos novos membros foi realizada a outorga da Comenda Maria de Lourdes Bittencourt de Vasconcellos, idealizadora e fundadora da Academia Araxaense Juvenil de Letras, em reconhecimento \u00e0s relevantes a\u00e7\u00f5es em prol da juventude araxaense. Maria de Lourdes ocupa a Cadeira de n\u00famero 3 da Academia Araxaense de Letras, cujo patrono \u00e9 Alphonsus de Guimar\u00e3ens, e foi a primeira a receber a comenda que leva seu nome. \u201cSensibilizada e profundamente emocionada, registro a minha gratid\u00e3o a todos os membros da AAL pelo fato de ter meu nome sido honrado para compor essa hist\u00f3ria de amor e confian\u00e7a nos destinos da Academia Araxaense Juvenil de Letras, motivo do meu, do nosso, mais justo orgulho e esperan\u00e7a\u201d, disse Maria de Lourdes em seu discurso.<\/p>\n\n\n\n<p>Tamb\u00e9m receberam a honraria o ex-presidente da Ajule, Lucas Soares Freitas; a presidente da OAB de Arax\u00e1, D\u00e9bora de Melo Vale e o presidente da Academia Araxaense de Letras, Luiz Humberto Fran\u00e7a. \u201cEsse momento especial marca o recome\u00e7o, o resgate de um movimento iniciado em 2013 pela escritora e acad\u00eamica Maria de Lourdes Bittencourt de Vasconcellos. Uma iniciativa que prop\u00f5e o incentivo \u00e0 leitura, o est\u00edmulo \u00e0 escrita, a divulga\u00e7\u00e3o da literatura e o aperfei\u00e7oamento dos jovens. A Ajule retorna com for\u00e7a total e queremos que esses jovens assumam o protagonismo e fa\u00e7am a diferen\u00e7a\u201d, destacou Luiz Humberto Fran\u00e7a.<\/p>\n\n\n\n<p><strong>Livro<\/strong><\/p>\n\n\n\n<p>A noite foi encerrada com o lan\u00e7amento do livro \u201cJovens Escritores\u201d, uma colet\u00e2nea com 95 p\u00e1ginas que re\u00fane textos de todos os novos acad\u00eamicos. \u201c\u00c9 um mosaico que reflete o pensamento da nossa juventude, com suas ang\u00fastias, transforma\u00e7\u00f5es, acertos, erros, vivendo um turbilh\u00e3o de sentimentos, como muitos contaram nos seus textos. Algumas vezes est\u00e1 dito claramente e outras vezes, o recado est\u00e1 apenas nas entrelinhas. Essa gera\u00e7\u00e3o que vive com intensidade, pede socorro e temos que ajud\u00e1-la. Ouvindo, oferecendo o ombro amigo, dando oportunidades, procurando entend\u00ea-la sem julgamentos, sem preconceitos ou cobran\u00e7as excessivas. Que sejam respeitados, s\u00f3 assim v\u00e3o poder escrever sua pr\u00f3pria hist\u00f3ria\u201d, destaca o presidente da Academia Araxaense de Letras.<\/p>\n\n\n\n<p><strong>Novos acad\u00eamicos:<\/strong><\/p>\n\n\n\n<ul class=\"wp-block-list\"><li>Mayra Monteiro de Castro, Cadeira 1, patrono Carlos Drummond de Andrade, 14 anos, cursa o 8\u00ba ano na Escola Estadual Padre Anacleto Giraldi.<\/li><li>L\u00e1zaro Ant\u00f4nio Pereira Rocha, Cadeira 2, patrono Euclides da Cunha, 15 anos, cursa o 9\u00ba ano na Escola Municipal Padre In\u00e1cio.<\/li><li>Matheus Schvartz, Cadeira 3, patrono Alphonsus de Guimar\u00e3ens, 14 anos, cursa o 9\u00ba ano na Escola Estadual Padre Anacleto Giraldi.<\/li><li>Maria Fernanda Duarte Souza, Cadeira 4, Patrona Rachel de Queiroz, 14 anos, cursa o 8\u00ba ano na Escola Municipal Professora Rom\u00e1lia Porf\u00edrio de Azevedo Leite.<\/li><li>Micyellen de Andrade Freitas, Cadeira 5, Patrono Rubem Alves, 13 anos, cursa o 8\u00ba ano no Col\u00e9gio S\u00e3o Domingos.<\/li><li>J\u00falia Oliveira Costa, Cadeira 6, Patrono Ariano Suassuna, 15 anos, cursa o 9\u00ba ano no Col\u00e9gio Atena.<\/li><li>Maria Fernanda Silva Ferreira de Souza, Cadeira 7, Patrono Olavo Bilac, 14 anos, cursa o 8\u00ba ano na Escola Municipal Padre In\u00e1cio.<\/li><li>Anna Clara Sofia Silva, Cadeira 8, Patrona Cora Coralina, 14 anos, cursa o 9\u00ba ano na Escola Estadual Coronel Jos\u00e9 Adolfo de Aguiar.<\/li><li>Karolayne Aparecida de Jesus Firmino, Cadeira 9, Patrona Clarice Lispector, 14 anos, cursa o 9\u00ba ano na Escola Estadual Loren Rios Feres.<\/li><li>Ana Luiza Ribeiro de Melo Silva, Cadeira 10, Patrono Castro Alves, 14 anos, cursa o 9\u00ba ano no Col\u00e9gio S\u00e3o Domingos.<\/li><li>Felipe Adriano Tavares Santos, Cadeira 11, Patrona Cec\u00edlia Meireles, 17 anos, cursa o 9\u00ba ano na Escola Estadual Luiza de Oliveira Faria.<\/li><li>Ana Beatriz Pereira dos Santos, Cadeira 12, Patrono Rui Barbosa, 13 anos, cursa o 8\u00ba ano na Escola Municipal Professora Rom\u00e1lia Porf\u00edrio de Azevedo Leite.<\/li><li>Manuelle Souza Matias, Cadeira 13, Patrono Rubem Braga, 13 anos, cursa o 8\u00ba ano na Escola Municipal Ant\u00f4nio Augusto de Paiva.<\/li><li>Amanda Vit\u00f3ria Campos Moreira, Cadeira 14, patrono Luiz Fernando Ver\u00edssimo, 15 anos, cursa o 9\u00ba ano na Escola Municipal Professora Auxiliadora Paiva.<\/li><li>Kauane Silva, Cadeira 15, Patrono Jorge Amado, 13 anos, cursa o 8\u00ba ano na Escola Estadual Padre Anacleto Giraldi.<\/li><li>Sofia Maria de Resende, Cadeira 16, Patrono Fernando Sabino, 14 anos, cursa o 9\u00ba ano no Col\u00e9gio Dom Bosco.<\/li><li>Vit\u00f3ria Aparecida do Carmo Silva, Cadeira 17, Patrono Ministro Olavo Drummond, 13 anos, cursa o 8\u00ba ano na Escola Municipal Professora Rom\u00e1lia Porf\u00edrio de Azevedo Leite.<\/li><li>Shayene Ribeiro da Silva, Cadeira 18, Patrono M\u00e1rio de Andrade, 15 anos, cursa o 9\u00ba ano na Escola Municipal Aziz J. Chaer.<\/li><li>Maria Eduarda Gon\u00e7alves Silva, Cadeira 19, Patrono Monteiro Lobato, 13 anos, cursa o 8\u00ba ano na Escola Municipal Padre In\u00e1cio.<\/li><li>Amy Lee Alves Barreto, Cadeira 20, Patrono Guimar\u00e3es Rosa, 13 anos, cursa o 8\u00ba ano na Escola Estadual Padre Anacleto Giraldi.<\/li><li>Maria Gabriela Parreira Silva, Cadeira 21, Patrono Machado de Assis, 14 anos, cursa o 8\u00ba ano no Col\u00e9gio Atena.<\/li><li>Laiza Edwirges Ferreira de Paiva, Cadeira 22, Patrono Vin\u00edcius de Moraes, 13 anos, cursa o 8\u00ba ano na Escola Municipal Ant\u00f4nio Augusto de Paiva.<\/li><li>Luiz Felipe de Souza Vaz, Cadeira 23, Patrono Ant\u00f4nio Alvarenga de Rezende, 13 anos, cursa o 8\u00ba ano no Col\u00e9gio S\u00e3o Domingos.<\/li><li>Emanuelle Santana de Ara\u00fajo, Cadeira 24, Patrono Agnelo Guimar\u00e3es Borges, 14 anos, cursa o 9\u00ba ano na Escola Estadual Armando Santos.<\/li><li>Olyvia Vit\u00f3ria Pereira Silva, Cadeira 25, Patrona Sofia Tannus Malki, 14 anos, cursa o 9\u00ba ano na Escola Estadual Luiza de Oliveira Faria.<\/li><li>Julia Santos Rodrigues, Cadeira 26, Patrono Paulo de Tarso Santos, 14 anos, cursa o 9\u00ba ano na Escola Estadual Luiza de Oliveira Faria.<\/li><li>Nicole Wendy de Oliveira Rosa, Cadeira 27, Patrono Atanagildo C\u00f4rtes, 14 anos, cursa o 8\u00ba ano na Escola Municipal Professora Leonilda Montandon.<\/li><li>Maria Fernanda Borges, Cadeira 28, Patrona Maria Santos Teixeira, 14 anos, cursa o 8\u00ba ano na Escola Estadual Luiz Ant\u00f4nio Corr\u00eaa Oliveira &#8211; Polivalente.<\/li><li>Ana Laura Freitas de Menezes, Cadeira 29, Patrono Calmon Barreto, 15 anos, cursa o 9\u00ba ano na Escola Estadual Luiz Ant\u00f4nio Corr\u00eaa Oliveira \u2013 Polivalente.<\/li><li>C\u00e1ssio Willian Freire J\u00fanior, Cadeira 30, Patrono Jo\u00e3o Rios Montandon, 14 anos, cursa o 8\u00ba ano na Escola Municipal Professora Auxiliadora Paiva.<\/li><\/ul>\n\n\n\n<p><strong>Suplentes:<\/strong><\/p>\n\n\n\n<ul class=\"wp-block-list\"><li>Ana Sayegh Lopes, 14 anos, cursa o 8\u00ba ano no Col\u00e9gio Atena.<\/li><li>Cecilia de Oliveira Borges, 15 anos, cursa o 9\u00ba ano no Col\u00e9gio Dom Bosco.<\/li><li>Jorge Luiz Tobias Filho, 13 anos, cursa o 8\u00ba ano na Escola Estadual Coronel Jos\u00e9 Adolfo de Aguiar.<\/li><li>Kaue Daniel Pessoa Silva, 14 anos, cursa o 9\u00ba ano na Escola Estadual Armando Santos.<\/li><li>Lilian Lima dos Santos, 14 anos, cursa o 9\u00ba ano na Escola Municipal Ant\u00f4nio Augusto Paiva.<\/li><li>Maria Eduarda da Silva Almeida, 14 anos, cursa o 9\u00ba ano na Escola Estadual Loren Rios Feres.<\/li><li>Mary Helen Rodrigues Carneiro, 14 anos, cursa o 8\u00ba ano na Escola Municipal Professora Leonilda Montandon.<\/li><li>Nyca\u00e9ly Irany Dias Ferreira, 14, cursa o 9\u00ba ano na Escola Municipal Professora Auxiliadora Paiva.<\/li><li>Tha\u00edssa dos Reis Aparecida, 13 anos, cursa o 8\u00ba ano na Escola Estadual Luiza de Oliveira Faria.<\/li><li>Yara Abadia Rodrigues de Oliveira, 14 anos, cursa o 8\u00ba ano na Escola Municipal Aziz J. Chaer.<\/li><\/ul>\n","protected":false},"excerpt":{"rendered":"<p>Quarenta jovens participam da nova forma\u00e7\u00e3o e t\u00eam o desafio de incentivar a escrita e a leitura na cidade Tomaram<\/p>\n","protected":false},"author":2,"featured_media":2837,"comment_status":"open","ping_status":"open","sticky":false,"template":"","format":"standard","meta":{"footnotes":""},"categories":[9,5,11],"tags":[],"class_list":["post-2833","post","type-post","status-publish","format-standard","has-post-thumbnail","hentry","category-araxa","category-arte-e-cultura","category-destaques"],"_links":{"self":[{"href":"http:\/\/blogdoarmindomaia.com.br\/index.php?rest_route=\/wp\/v2\/posts\/2833","targetHints":{"allow":["GET"]}}],"collection":[{"href":"http:\/\/blogdoarmindomaia.com.br\/index.php?rest_route=\/wp\/v2\/posts"}],"about":[{"href":"http:\/\/blogdoarmindomaia.com.br\/index.php?rest_route=\/wp\/v2\/types\/post"}],"author":[{"embeddable":true,"href":"http:\/\/blogdoarmindomaia.com.br\/index.php?rest_route=\/wp\/v2\/users\/2"}],"replies":[{"embeddable":true,"href":"http:\/\/blogdoarmindomaia.com.br\/index.php?rest_route=%2Fwp%2Fv2%2Fcomments&post=2833"}],"version-history":[{"count":1,"href":"http:\/\/blogdoarmindomaia.com.br\/index.php?rest_route=\/wp\/v2\/posts\/2833\/revisions"}],"predecessor-version":[{"id":2838,"href":"http:\/\/blogdoarmindomaia.com.br\/index.php?rest_route=\/wp\/v2\/posts\/2833\/revisions\/2838"}],"wp:featuredmedia":[{"embeddable":true,"href":"http:\/\/blogdoarmindomaia.com.br\/index.php?rest_route=\/wp\/v2\/media\/2837"}],"wp:attachment":[{"href":"http:\/\/blogdoarmindomaia.com.br\/index.php?rest_route=%2Fwp%2Fv2%2Fmedia&parent=2833"}],"wp:term":[{"taxonomy":"category","embeddable":true,"href":"http:\/\/blogdoarmindomaia.com.br\/index.php?rest_route=%2Fwp%2Fv2%2Fcategories&post=2833"},{"taxonomy":"post_tag","embeddable":true,"href":"http:\/\/blogdoarmindomaia.com.br\/index.php?rest_route=%2Fwp%2Fv2%2Ftags&post=2833"}],"curies":[{"name":"wp","href":"https:\/\/api.w.org\/{rel}","templated":true}]}}