{"id":284,"date":"2022-04-13T21:17:04","date_gmt":"2022-04-14T00:17:04","guid":{"rendered":"http:\/\/blogdoarmindomaia.com.br\/?p=284"},"modified":"2022-04-13T21:17:07","modified_gmt":"2022-04-14T00:17:07","slug":"prefeitura-de-araxa-assina-concessao-para-construcao-de-fabrica-de-avioes%ef%bf%bc","status":"publish","type":"post","link":"http:\/\/blogdoarmindomaia.com.br\/?p=284","title":{"rendered":"Prefeitura de Arax\u00e1 assina concess\u00e3o para constru\u00e7\u00e3o de f\u00e1brica de avi\u00f5es\ufffc"},"content":{"rendered":"\n<figure class=\"wp-block-image size-full is-style-default\"><img loading=\"lazy\" decoding=\"async\" width=\"1024\" height=\"683\" src=\"http:\/\/blogdoarmindomaia.com.br\/wp-content\/uploads\/2022\/04\/Desaer-4.jpeg\" alt=\"\" class=\"wp-image-287\" srcset=\"http:\/\/blogdoarmindomaia.com.br\/wp-content\/uploads\/2022\/04\/Desaer-4.jpeg 1024w, http:\/\/blogdoarmindomaia.com.br\/wp-content\/uploads\/2022\/04\/Desaer-4-300x200.jpeg 300w, http:\/\/blogdoarmindomaia.com.br\/wp-content\/uploads\/2022\/04\/Desaer-4-768x512.jpeg 768w\" sizes=\"auto, (max-width: 1024px) 100vw, 1024px\" \/><\/figure>\n\n\n\n<figure class=\"wp-block-image size-full is-style-default\"><img loading=\"lazy\" decoding=\"async\" width=\"392\" height=\"472\" src=\"http:\/\/blogdoarmindomaia.com.br\/wp-content\/uploads\/2022\/04\/Ceo-da-Desar-Evandro-Fileno.jpg\" alt=\"\" class=\"wp-image-286\" srcset=\"http:\/\/blogdoarmindomaia.com.br\/wp-content\/uploads\/2022\/04\/Ceo-da-Desar-Evandro-Fileno.jpg 392w, http:\/\/blogdoarmindomaia.com.br\/wp-content\/uploads\/2022\/04\/Ceo-da-Desar-Evandro-Fileno-249x300.jpg 249w\" sizes=\"auto, (max-width: 392px) 100vw, 392px\" \/><\/figure>\n\n\n\n<figure class=\"wp-block-image size-full is-style-default\"><img loading=\"lazy\" decoding=\"async\" width=\"1024\" height=\"683\" src=\"http:\/\/blogdoarmindomaia.com.br\/wp-content\/uploads\/2022\/04\/Desaer-3.jpeg\" alt=\"\" class=\"wp-image-285\" srcset=\"http:\/\/blogdoarmindomaia.com.br\/wp-content\/uploads\/2022\/04\/Desaer-3.jpeg 1024w, http:\/\/blogdoarmindomaia.com.br\/wp-content\/uploads\/2022\/04\/Desaer-3-300x200.jpeg 300w, http:\/\/blogdoarmindomaia.com.br\/wp-content\/uploads\/2022\/04\/Desaer-3-768x512.jpeg 768w\" sizes=\"auto, (max-width: 1024px) 100vw, 1024px\" \/><\/figure>\n\n\n\n<p>A Prefeitura de Arax\u00e1 assinou, nesta quarta-feira (13), a concess\u00e3o de uma \u00e1rea de 277.800 m\u00b2 anexa ao Aeroporto Municipal para a empresa Desaer Desenvolvimento Aeron\u00e1utico. O local vai receber uma f\u00e1brica de aeronaves para atender os mercados comercial, cargueiro e de defesa, com investimento inicial previsto de US$ 250 milh\u00f5es e gera\u00e7\u00e3o de 1.000 empregos diretos e indiretos.<\/p>\n\n\n\n<p>De acordo com o diretor-presidente da Desaer, Evandro Fileno, um dos conceitos que serviram de base para a cria\u00e7\u00e3o do empreendimento em Arax\u00e1 foi o de atrair parceiros para o Brasil, contribuindo para a gera\u00e7\u00e3o de novos empregos no pa\u00eds e na regi\u00e3o.<\/p>\n\n\n\n<p>\u201cHouve um momento em que chegamos a pensar em desistir de instalar a f\u00e1brica na cidade. Foi quando, nesta nova gest\u00e3o, encontramos apoio e incentivo para fazer tudo acontecer e chegarmos a este momento. A perspectiva agora \u00e9 incentivar a vinda de outras empresas que possam ser fornecedoras da f\u00e1brica, al\u00e9m de fomentar a abertura de cursos de ensino superior voltados para tecnologia\u201d, ressalta. Ele fala que a expectativa \u00e9 que at\u00e9 o final de 2024 a f\u00e1brica j\u00e1 esteja produzindo aeronaves para atender contratos de compras j\u00e1 assinados.<\/p>\n\n\n\n<p>O secret\u00e1rio municipal de Desenvolvimento Econ\u00f4mico, Inova\u00e7\u00e3o e Turismo, Juliano Cesar da Silva, destaca que viabilizar a vinda da Desaer em Arax\u00e1 favorece n\u00e3o apenas a economia local, como tamb\u00e9m o desenvolvimento tecnol\u00f3gico.<\/p>\n\n\n\n<p>\u201c\u00c9 um marco para o munic\u00edpio ter um grande investidor, sobretudo, na \u00e1rea de inova\u00e7\u00e3o, que \u00e9 uma das apostas da atual administra\u00e7\u00e3o como forma de atrair novas empresas e estimular a qualifica\u00e7\u00e3o da m\u00e3o de obra local\u201d, destaca o secret\u00e1rio.<\/p>\n\n\n\n<p>O prefeito Robson Magela reitera a participa\u00e7\u00e3o efetiva da Administra\u00e7\u00e3o Municipal para a instala\u00e7\u00e3o da f\u00e1brica da Desaer. \u201cDesde que assumimos a gest\u00e3o, o secret\u00e1rio Juliano fez contatos assertivos, como, por exemplo, a f\u00e1brica de avi\u00f5es da Desaer, que est\u00e1 vindo tamb\u00e9m gra\u00e7as ao apoio do Governo de Minas Gerais atrav\u00e9s da Codemge. Com previs\u00e3o de 1.000 empregos gerados, com certeza ser\u00e1 um grande fomento para a nossa economia. \u00c9 um momento hist\u00f3rico para a cidade\u201d, destaca o prefeito.<\/p>\n\n\n\n<p>&#8212;<\/p>\n","protected":false},"excerpt":{"rendered":"<p>A Prefeitura de Arax\u00e1 assinou, nesta quarta-feira (13), a concess\u00e3o de uma \u00e1rea de 277.800 m\u00b2 anexa ao Aeroporto Municipal<\/p>\n","protected":false},"author":2,"featured_media":285,"comment_status":"open","ping_status":"open","sticky":false,"template":"","format":"standard","meta":{"footnotes":""},"categories":[11],"tags":[],"class_list":["post-284","post","type-post","status-publish","format-standard","has-post-thumbnail","hentry","category-destaques"],"_links":{"self":[{"href":"http:\/\/blogdoarmindomaia.com.br\/index.php?rest_route=\/wp\/v2\/posts\/284","targetHints":{"allow":["GET"]}}],"collection":[{"href":"http:\/\/blogdoarmindomaia.com.br\/index.php?rest_route=\/wp\/v2\/posts"}],"about":[{"href":"http:\/\/blogdoarmindomaia.com.br\/index.php?rest_route=\/wp\/v2\/types\/post"}],"author":[{"embeddable":true,"href":"http:\/\/blogdoarmindomaia.com.br\/index.php?rest_route=\/wp\/v2\/users\/2"}],"replies":[{"embeddable":true,"href":"http:\/\/blogdoarmindomaia.com.br\/index.php?rest_route=%2Fwp%2Fv2%2Fcomments&post=284"}],"version-history":[{"count":1,"href":"http:\/\/blogdoarmindomaia.com.br\/index.php?rest_route=\/wp\/v2\/posts\/284\/revisions"}],"predecessor-version":[{"id":288,"href":"http:\/\/blogdoarmindomaia.com.br\/index.php?rest_route=\/wp\/v2\/posts\/284\/revisions\/288"}],"wp:featuredmedia":[{"embeddable":true,"href":"http:\/\/blogdoarmindomaia.com.br\/index.php?rest_route=\/wp\/v2\/media\/285"}],"wp:attachment":[{"href":"http:\/\/blogdoarmindomaia.com.br\/index.php?rest_route=%2Fwp%2Fv2%2Fmedia&parent=284"}],"wp:term":[{"taxonomy":"category","embeddable":true,"href":"http:\/\/blogdoarmindomaia.com.br\/index.php?rest_route=%2Fwp%2Fv2%2Fcategories&post=284"},{"taxonomy":"post_tag","embeddable":true,"href":"http:\/\/blogdoarmindomaia.com.br\/index.php?rest_route=%2Fwp%2Fv2%2Ftags&post=284"}],"curies":[{"name":"wp","href":"https:\/\/api.w.org\/{rel}","templated":true}]}}