{"id":2840,"date":"2022-09-28T14:08:28","date_gmt":"2022-09-28T17:08:28","guid":{"rendered":"http:\/\/blogdoarmindomaia.com.br\/?p=2840"},"modified":"2022-09-28T14:08:34","modified_gmt":"2022-09-28T17:08:34","slug":"prefeitura-e-governo-de-minas-vao-revitalizar-as-avenidas-do-comboio-e-geraldo-porfirio-%ef%bf%bc","status":"publish","type":"post","link":"http:\/\/blogdoarmindomaia.com.br\/?p=2840","title":{"rendered":"Prefeitura e Governo de Minas v\u00e3o revitalizar as avenidas do Comboio e Geraldo Porf\u00edrio \ufffc"},"content":{"rendered":"\n<figure class=\"wp-block-image size-full\"><img loading=\"lazy\" decoding=\"async\" width=\"1024\" height=\"683\" src=\"http:\/\/blogdoarmindomaia.com.br\/wp-content\/uploads\/2022\/09\/Prefeitura-e-Governo-de-Minas-vao-revitalizar-as-avenidas-do-Comboio.jpg\" alt=\"\" class=\"wp-image-2841\" srcset=\"http:\/\/blogdoarmindomaia.com.br\/wp-content\/uploads\/2022\/09\/Prefeitura-e-Governo-de-Minas-vao-revitalizar-as-avenidas-do-Comboio.jpg 1024w, http:\/\/blogdoarmindomaia.com.br\/wp-content\/uploads\/2022\/09\/Prefeitura-e-Governo-de-Minas-vao-revitalizar-as-avenidas-do-Comboio-300x200.jpg 300w, http:\/\/blogdoarmindomaia.com.br\/wp-content\/uploads\/2022\/09\/Prefeitura-e-Governo-de-Minas-vao-revitalizar-as-avenidas-do-Comboio-768x512.jpg 768w\" sizes=\"auto, (max-width: 1024px) 100vw, 1024px\" \/><\/figure>\n\n\n\n<p>Nos pr\u00f3ximos dias, a avenida Jos\u00e9 Ananias de Aguiar (Comboio \/ AMG-0705) vai se transformar num grande canteiro de obras. A revitaliza\u00e7\u00e3o da via \u00e9 o primeiro passo para a concretiza\u00e7\u00e3o do acordo firmado entre a Prefeitura de Arax\u00e1 e a Secretaria de Estado de Infraestrutura e Mobilidade (Seinfra) para a municipaliza\u00e7\u00e3o da avenida.<\/p>\n\n\n\n<p>No in\u00edcio da noite da \u00faltima ter\u00e7a-feira (27), o prefeito Robson Magela recebeu o secret\u00e1rio de Estado de Infraestrutura e Mobilidade Urbana, Fernando Marcato, para assinatura de ordem de servi\u00e7o da revitaliza\u00e7\u00e3o da avenida que est\u00e1 prevista para iniciar nos pr\u00f3ximos 10 dias.<\/p>\n\n\n\n<p>A obra, contratada pelo Estado de Minas Gerais no valor de R$ 3,3 milh\u00f5es, tem previs\u00e3o de dura\u00e7\u00e3o de 90 dias, e, al\u00e9m do Comboio, vai contemplar o trecho da avenida Geraldo Porf\u00edrio Botelho (AMG-715) que fica entre as rotat\u00f3rias da avenida Imbiara e do pr\u00f3prio Comboio, totalizando 5,3 quil\u00f4metros, incluindo fresagem, microrrevestimento, sinaliza\u00e7\u00e3o horizontal e vertical, recomposi\u00e7\u00e3o de meio-fio e sarjeta. Ap\u00f3s a conclus\u00e3o da obra, o Governo do Estado ir\u00e1 repassar a avenida ao Munic\u00edpio.<\/p>\n\n\n\n<p>O prefeito Robson Magela destaca que a municipaliza\u00e7\u00e3o foi a melhor alternativa para resolver problemas relacionados a obras de infraestrutura da a avenida, como tamb\u00e9m solucionar a situa\u00e7\u00e3o de empresas que foram constru\u00eddas dentro da faixa de dom\u00ednio.<\/p>\n\n\n\n<p>&#8220;Por ser um trecho estadual, essas empresas corriam o risco de terem parte de suas estruturas demolidas devido a uma a\u00e7\u00e3o movida pelo Minist\u00e9rio P\u00fablico Estadual. A municipaliza\u00e7\u00e3o incorpora a via \u00e0 malha urbana, reduz a metragem da faixa de dom\u00ednio e vai resolver essa quest\u00e3o das empresas&#8221;, explica o prefeito.<\/p>\n\n\n\n<p>De acordo com ele, assim que for municipalizada, a Gest\u00e3o Municipal ir\u00e1 discutir projetos de urbaniza\u00e7\u00e3o da via. &#8220;Ilumina\u00e7\u00e3o em Led e implanta\u00e7\u00e3o de ciclovias est\u00e3o entre os projetos que queremos implantar&#8221;, adianta Robson.<\/p>\n\n\n\n<p>O secret\u00e1rio Fernando Marcato destaca a parceria como forma de resolver quest\u00f5es pontuais da popula\u00e7\u00e3o local. &#8220;O Estado delega o termo t\u00e9cnico para a Prefeitura de Arax\u00e1 e ent\u00e3o ela tem autonomia para cuidar da rodovia e resolver todos os problemas, tanto estruturais como fundi\u00e1rios&#8221;, afirma.<\/p>\n\n\n\n<p>Al\u00e9m do prefeito Robson Magela e do secret\u00e1rio Fernando Marcato, a assinatura da ordem de servi\u00e7o contou com as presen\u00e7as do secret\u00e1rio municipal de Obras P\u00fablicas e Mobilidade Urbana, \u00c2ngelo Fran\u00e7a, do secret\u00e1rio municipal de Governo, Rick Paranhos, do procurador-geral do Munic\u00edpio, Jonathan Ferreira, dos vereadores Pastor Moacir e Evaldo do Ferrocarril, representando a C\u00e2mara Municipal, do coordenador regional do Departamento de Edifica\u00e7\u00f5es e Estradas de Rodagem de Minas Gerais (DER\/MG), Geraldo Ponciano, e imprensa.<\/p>\n","protected":false},"excerpt":{"rendered":"<p>Nos pr\u00f3ximos dias, a avenida Jos\u00e9 Ananias de Aguiar (Comboio \/ AMG-0705) vai se transformar num grande canteiro de obras.<\/p>\n","protected":false},"author":2,"featured_media":2841,"comment_status":"open","ping_status":"open","sticky":false,"template":"","format":"standard","meta":{"footnotes":""},"categories":[9,11],"tags":[],"class_list":["post-2840","post","type-post","status-publish","format-standard","has-post-thumbnail","hentry","category-araxa","category-destaques"],"_links":{"self":[{"href":"http:\/\/blogdoarmindomaia.com.br\/index.php?rest_route=\/wp\/v2\/posts\/2840","targetHints":{"allow":["GET"]}}],"collection":[{"href":"http:\/\/blogdoarmindomaia.com.br\/index.php?rest_route=\/wp\/v2\/posts"}],"about":[{"href":"http:\/\/blogdoarmindomaia.com.br\/index.php?rest_route=\/wp\/v2\/types\/post"}],"author":[{"embeddable":true,"href":"http:\/\/blogdoarmindomaia.com.br\/index.php?rest_route=\/wp\/v2\/users\/2"}],"replies":[{"embeddable":true,"href":"http:\/\/blogdoarmindomaia.com.br\/index.php?rest_route=%2Fwp%2Fv2%2Fcomments&post=2840"}],"version-history":[{"count":1,"href":"http:\/\/blogdoarmindomaia.com.br\/index.php?rest_route=\/wp\/v2\/posts\/2840\/revisions"}],"predecessor-version":[{"id":2842,"href":"http:\/\/blogdoarmindomaia.com.br\/index.php?rest_route=\/wp\/v2\/posts\/2840\/revisions\/2842"}],"wp:featuredmedia":[{"embeddable":true,"href":"http:\/\/blogdoarmindomaia.com.br\/index.php?rest_route=\/wp\/v2\/media\/2841"}],"wp:attachment":[{"href":"http:\/\/blogdoarmindomaia.com.br\/index.php?rest_route=%2Fwp%2Fv2%2Fmedia&parent=2840"}],"wp:term":[{"taxonomy":"category","embeddable":true,"href":"http:\/\/blogdoarmindomaia.com.br\/index.php?rest_route=%2Fwp%2Fv2%2Fcategories&post=2840"},{"taxonomy":"post_tag","embeddable":true,"href":"http:\/\/blogdoarmindomaia.com.br\/index.php?rest_route=%2Fwp%2Fv2%2Ftags&post=2840"}],"curies":[{"name":"wp","href":"https:\/\/api.w.org\/{rel}","templated":true}]}}