{"id":2844,"date":"2022-09-29T13:58:28","date_gmt":"2022-09-29T16:58:28","guid":{"rendered":"http:\/\/blogdoarmindomaia.com.br\/?p=2844"},"modified":"2022-09-29T13:58:31","modified_gmt":"2022-09-29T16:58:31","slug":"encontro-multissetorial-busca-fortalecer-a-rede-de-apoio-e-combate-a-violencia%ef%bf%bc","status":"publish","type":"post","link":"http:\/\/blogdoarmindomaia.com.br\/?p=2844","title":{"rendered":"Encontro Multissetorial busca fortalecer a Rede de Apoio e Combate \u00e0 Viol\u00eancia\ufffc"},"content":{"rendered":"\n<figure class=\"wp-block-image size-full\"><img loading=\"lazy\" decoding=\"async\" width=\"1024\" height=\"683\" src=\"http:\/\/blogdoarmindomaia.com.br\/wp-content\/uploads\/2022\/09\/encontro_saude_-3.jpeg\" alt=\"\" class=\"wp-image-2845\" srcset=\"http:\/\/blogdoarmindomaia.com.br\/wp-content\/uploads\/2022\/09\/encontro_saude_-3.jpeg 1024w, http:\/\/blogdoarmindomaia.com.br\/wp-content\/uploads\/2022\/09\/encontro_saude_-3-300x200.jpeg 300w, http:\/\/blogdoarmindomaia.com.br\/wp-content\/uploads\/2022\/09\/encontro_saude_-3-768x512.jpeg 768w\" sizes=\"auto, (max-width: 1024px) 100vw, 1024px\" \/><\/figure>\n\n\n\n<figure class=\"wp-block-image size-full\"><img loading=\"lazy\" decoding=\"async\" width=\"1024\" height=\"683\" src=\"http:\/\/blogdoarmindomaia.com.br\/wp-content\/uploads\/2022\/09\/encontro_saude_-4.jpeg\" alt=\"\" class=\"wp-image-2846\" srcset=\"http:\/\/blogdoarmindomaia.com.br\/wp-content\/uploads\/2022\/09\/encontro_saude_-4.jpeg 1024w, http:\/\/blogdoarmindomaia.com.br\/wp-content\/uploads\/2022\/09\/encontro_saude_-4-300x200.jpeg 300w, http:\/\/blogdoarmindomaia.com.br\/wp-content\/uploads\/2022\/09\/encontro_saude_-4-768x512.jpeg 768w\" sizes=\"auto, (max-width: 1024px) 100vw, 1024px\" \/><\/figure>\n\n\n\n<p>A Prefeitura de Arax\u00e1 recebeu, na quarta-feira (28), representantes de oito munic\u00edpios da microrregi\u00e3o para o Encontro Multissetorial \u201cDebatendo a Rede de Apoio de Combate \u00e0 Viol\u00eancia de Forma Integral\u201d. O evento foi coordenado pela Superintend\u00eancia Regional de Sa\u00fade (SRS) de Uberaba, com apoio da Secretaria Municipal de Sa\u00fade.<\/p>\n\n\n\n<p>Os objetivos do encontro foram de incentivar que os munic\u00edpios possam trabalhar a\u00e7\u00f5es de viol\u00eancia de maneira mais efetiva e capacitar os servidores para o preenchimento adequado da \u2018Ficha de Viol\u00eancia\u2019 do Sistema de Informa\u00e7\u00e3o de Agravos de Notifica\u00e7\u00e3o (Sinan).<\/p>\n\n\n\n<p>\u201cA ficha de viol\u00eancia do Sinan \u00e9 de notifica\u00e7\u00e3o compuls\u00f3ria. Ela \u00e9 necess\u00e1ria, pois \u00e9 considerada um instrumento de garantia de direitos. Por meio dela \u00e9 poss\u00edvel realizar as interven\u00e7\u00f5es necess\u00e1rias para que se rompa o ciclo de viol\u00eancia que aquela v\u00edtima est\u00e1 submetida\u201d, explica a refer\u00eancia t\u00e9cnica de Doen\u00e7as e Agravos n\u00e3o Transmiss\u00edveis (Dante\u2019s) da SRS, Edinel de \u00c1vila.<\/p>\n\n\n\n<p>Ainda segundo Edinel, entre os v\u00e1rios tipos de viol\u00eancia praticados, como a viol\u00eancia contra o idoso; a neglig\u00eancia; a viol\u00eancia f\u00edsica contra a crian\u00e7a e adolescente; o trabalho infantil e escravo; e a viol\u00eancia psicol\u00f3gica, entre outras, a principal \u00eanfase do encontro foi a viol\u00eancia sexual.<\/p>\n\n\n\n<p>\u201cA viol\u00eancia sexual \u00e9 muito traumatizante, e em Arax\u00e1 \u00e9 importante que a popula\u00e7\u00e3o saiba que a porta de entrada para qualquer v\u00edtima desta viol\u00eancia \u00e9 a Santa Casa de Miseric\u00f3rdia, que est\u00e1 preparada para prestar o atendimento adequado a quem precisar\u201d, ressalta.<\/p>\n\n\n\n<p>Para a secret\u00e1ria municipal de Sa\u00fade, Cristiane Gon\u00e7alves Pereira, o evento foi uma oportunidade para que toda a rede consiga agir de maneira mais efetiva no combate \u00e0 viol\u00eancia. \u201cEssa integra\u00e7\u00e3o \u00e9 muito importante. N\u00e3o podemos atuar de forma isolada. A sa\u00fade precisa saber, por exemplo, o que a assist\u00eancia social faz, o que educa\u00e7\u00e3o faz, tudo de maneira geral, como um todo. As \u00e1reas t\u00eam que saber o papel de cada uma para integrarem e conseguirem maior efetividade nas a\u00e7\u00f5es\u201d, destaca.<\/p>\n\n\n\n<p>O juiz titular da 2\u00aa Vara da Inf\u00e2ncia e Juventude de Arax\u00e1, Dimas Ramon Esper, ressalta que a viol\u00eancia \u00e9 um assunto de grande complexidade e que envolve problemas sociais muito graves. \u201cPor isso, exige uma atua\u00e7\u00e3o conjunta, onde contamos com o envolvimento dos \u00f3rg\u00e3os municipais, Minist\u00e9rio P\u00fablico e Poder Judici\u00e1rio. Primamos pelo fortalecimento da rede para garantirmos esses direitos\u201d, pondera.<\/p>\n\n\n\n<p>As atividades tamb\u00e9m contemplam debates com a Aten\u00e7\u00e3o Prim\u00e1ria da Secretaria Municipal de Sa\u00fade e Conselhos de Direito.<\/p>\n","protected":false},"excerpt":{"rendered":"<p>A Prefeitura de Arax\u00e1 recebeu, na quarta-feira (28), representantes de oito munic\u00edpios da microrregi\u00e3o para o Encontro Multissetorial \u201cDebatendo a<\/p>\n","protected":false},"author":2,"featured_media":2845,"comment_status":"open","ping_status":"open","sticky":false,"template":"","format":"standard","meta":{"footnotes":""},"categories":[9,29],"tags":[],"class_list":["post-2844","post","type-post","status-publish","format-standard","has-post-thumbnail","hentry","category-araxa","category-saude"],"_links":{"self":[{"href":"http:\/\/blogdoarmindomaia.com.br\/index.php?rest_route=\/wp\/v2\/posts\/2844","targetHints":{"allow":["GET"]}}],"collection":[{"href":"http:\/\/blogdoarmindomaia.com.br\/index.php?rest_route=\/wp\/v2\/posts"}],"about":[{"href":"http:\/\/blogdoarmindomaia.com.br\/index.php?rest_route=\/wp\/v2\/types\/post"}],"author":[{"embeddable":true,"href":"http:\/\/blogdoarmindomaia.com.br\/index.php?rest_route=\/wp\/v2\/users\/2"}],"replies":[{"embeddable":true,"href":"http:\/\/blogdoarmindomaia.com.br\/index.php?rest_route=%2Fwp%2Fv2%2Fcomments&post=2844"}],"version-history":[{"count":1,"href":"http:\/\/blogdoarmindomaia.com.br\/index.php?rest_route=\/wp\/v2\/posts\/2844\/revisions"}],"predecessor-version":[{"id":2847,"href":"http:\/\/blogdoarmindomaia.com.br\/index.php?rest_route=\/wp\/v2\/posts\/2844\/revisions\/2847"}],"wp:featuredmedia":[{"embeddable":true,"href":"http:\/\/blogdoarmindomaia.com.br\/index.php?rest_route=\/wp\/v2\/media\/2845"}],"wp:attachment":[{"href":"http:\/\/blogdoarmindomaia.com.br\/index.php?rest_route=%2Fwp%2Fv2%2Fmedia&parent=2844"}],"wp:term":[{"taxonomy":"category","embeddable":true,"href":"http:\/\/blogdoarmindomaia.com.br\/index.php?rest_route=%2Fwp%2Fv2%2Fcategories&post=2844"},{"taxonomy":"post_tag","embeddable":true,"href":"http:\/\/blogdoarmindomaia.com.br\/index.php?rest_route=%2Fwp%2Fv2%2Ftags&post=2844"}],"curies":[{"name":"wp","href":"https:\/\/api.w.org\/{rel}","templated":true}]}}