{"id":2853,"date":"2022-09-29T15:32:14","date_gmt":"2022-09-29T18:32:14","guid":{"rendered":"http:\/\/blogdoarmindomaia.com.br\/?p=2853"},"modified":"2022-09-29T15:32:16","modified_gmt":"2022-09-29T18:32:16","slug":"minas-gerais-nao-tera-lei-seca-nestas-eleicoes","status":"publish","type":"post","link":"http:\/\/blogdoarmindomaia.com.br\/?p=2853","title":{"rendered":"Minas Gerais n\u00e3o ter\u00e1 Lei Seca nestas elei\u00e7\u00f5es"},"content":{"rendered":"\n<figure class=\"wp-block-image size-large\"><img loading=\"lazy\" decoding=\"async\" width=\"682\" height=\"1024\" src=\"http:\/\/blogdoarmindomaia.com.br\/wp-content\/uploads\/2022\/09\/Minas-Gerais-nao-tera-Lei-Seca-nestas-eleicoes-pag-07-682x1024.jpg\" alt=\"\" class=\"wp-image-2854\" srcset=\"http:\/\/blogdoarmindomaia.com.br\/wp-content\/uploads\/2022\/09\/Minas-Gerais-nao-tera-Lei-Seca-nestas-eleicoes-pag-07-682x1024.jpg 682w, http:\/\/blogdoarmindomaia.com.br\/wp-content\/uploads\/2022\/09\/Minas-Gerais-nao-tera-Lei-Seca-nestas-eleicoes-pag-07-200x300.jpg 200w, http:\/\/blogdoarmindomaia.com.br\/wp-content\/uploads\/2022\/09\/Minas-Gerais-nao-tera-Lei-Seca-nestas-eleicoes-pag-07-768x1153.jpg 768w, http:\/\/blogdoarmindomaia.com.br\/wp-content\/uploads\/2022\/09\/Minas-Gerais-nao-tera-Lei-Seca-nestas-eleicoes-pag-07.jpg 800w\" sizes=\"auto, (max-width: 682px) 100vw, 682px\" \/><\/figure>\n\n\n\n<p>O Governo de Minas confirmou na \u00faltima quarta-feira (28) que n\u00e3o editar\u00e1, neste ano, nenhuma norma que pro\u00edba a venda de bebidas alco\u00f3licas durante a realiza\u00e7\u00e3o das elei\u00e7\u00f5es. O primeiro turno do pleito est\u00e1 marcado para este domingo, 2 de outubro. A decis\u00e3o foi tomada de forma colegiada pelo Governo e pelas for\u00e7as de seguran\u00e7a do estado e est\u00e1 alinhada com o Gabinete Institucional de Seguran\u00e7a (GIS) do Tribunal Regional Eleitoral (TRE) de Minas Gerais. Segundo o Estado, a ado\u00e7\u00e3o da chamada \u201cLei Seca\u201d nas elei\u00e7\u00f5es, com proibi\u00e7\u00e3o de venda de \u00e1lcool nos hor\u00e1rios pr\u00f3ximos \u00e0 vota\u00e7\u00e3o, \u00e9 facultativa. Desta forma, cada unidade da federa\u00e7\u00e3o tem autonomia para definir ades\u00e3o \u00e0 medida ou n\u00e3o. \u201cEm Minas, a avalia\u00e7\u00e3o \u00e9 de que h\u00e1 uma fragilidade no amparo legal da decis\u00e3o, por parte do Estado, de proibir a venda de \u00e1lcool. Isso porque a edi\u00e7\u00e3o de uma portaria sobre esse tema viola o princ\u00edpio da legalidade e o princ\u00edpio da reserva legal, uma vez que n\u00e3o h\u00e1 lei anterior que criminalize a conduta de comercializar ou consumir bebidas alco\u00f3licas nos dias de elei\u00e7\u00f5es\u201d, afirma o Governo de Minas. O Estado considera ainda que, durante a pandemia, por exemplo, \u201co Supremo Tribunal Federal (STF) chegou a deliberar, por diversas vezes, que quem regula a atividade comercial s\u00e3o os munic\u00edpios, e n\u00e3o o Estado\u201d. \u201cTamb\u00e9m h\u00e1 uma avalia\u00e7\u00e3o de que h\u00e1 preju\u00edzo para o com\u00e9rcio, sem, contudo, uma constata\u00e7\u00e3o de que a proibi\u00e7\u00e3o da venda de \u00e1lcool traga benef\u00edcios para a seguran\u00e7a\u201d, afirma o Governo de Minas por meio de nota oficial.<\/p>\n","protected":false},"excerpt":{"rendered":"<p>O Governo de Minas confirmou na \u00faltima quarta-feira (28) que n\u00e3o editar\u00e1, neste ano, nenhuma norma que pro\u00edba a venda<\/p>\n","protected":false},"author":2,"featured_media":2854,"comment_status":"open","ping_status":"open","sticky":false,"template":"","format":"standard","meta":{"footnotes":""},"categories":[9,25],"tags":[],"class_list":["post-2853","post","type-post","status-publish","format-standard","has-post-thumbnail","hentry","category-araxa","category-politica"],"_links":{"self":[{"href":"http:\/\/blogdoarmindomaia.com.br\/index.php?rest_route=\/wp\/v2\/posts\/2853","targetHints":{"allow":["GET"]}}],"collection":[{"href":"http:\/\/blogdoarmindomaia.com.br\/index.php?rest_route=\/wp\/v2\/posts"}],"about":[{"href":"http:\/\/blogdoarmindomaia.com.br\/index.php?rest_route=\/wp\/v2\/types\/post"}],"author":[{"embeddable":true,"href":"http:\/\/blogdoarmindomaia.com.br\/index.php?rest_route=\/wp\/v2\/users\/2"}],"replies":[{"embeddable":true,"href":"http:\/\/blogdoarmindomaia.com.br\/index.php?rest_route=%2Fwp%2Fv2%2Fcomments&post=2853"}],"version-history":[{"count":1,"href":"http:\/\/blogdoarmindomaia.com.br\/index.php?rest_route=\/wp\/v2\/posts\/2853\/revisions"}],"predecessor-version":[{"id":2855,"href":"http:\/\/blogdoarmindomaia.com.br\/index.php?rest_route=\/wp\/v2\/posts\/2853\/revisions\/2855"}],"wp:featuredmedia":[{"embeddable":true,"href":"http:\/\/blogdoarmindomaia.com.br\/index.php?rest_route=\/wp\/v2\/media\/2854"}],"wp:attachment":[{"href":"http:\/\/blogdoarmindomaia.com.br\/index.php?rest_route=%2Fwp%2Fv2%2Fmedia&parent=2853"}],"wp:term":[{"taxonomy":"category","embeddable":true,"href":"http:\/\/blogdoarmindomaia.com.br\/index.php?rest_route=%2Fwp%2Fv2%2Fcategories&post=2853"},{"taxonomy":"post_tag","embeddable":true,"href":"http:\/\/blogdoarmindomaia.com.br\/index.php?rest_route=%2Fwp%2Fv2%2Ftags&post=2853"}],"curies":[{"name":"wp","href":"https:\/\/api.w.org\/{rel}","templated":true}]}}