{"id":2863,"date":"2022-09-30T11:26:09","date_gmt":"2022-09-30T14:26:09","guid":{"rendered":"http:\/\/blogdoarmindomaia.com.br\/?p=2863"},"modified":"2022-09-30T11:26:11","modified_gmt":"2022-09-30T14:26:11","slug":"2a-edicao-do-festival-paralimpico-reune-mais-de-200-inscritos-na-praca-da-juventude%ef%bf%bc","status":"publish","type":"post","link":"http:\/\/blogdoarmindomaia.com.br\/?p=2863","title":{"rendered":"2\u00aa edi\u00e7\u00e3o do Festival Paral\u00edmpico re\u00fane mais de 200 inscritos na Pra\u00e7a da Juventude\ufffc"},"content":{"rendered":"\n<figure class=\"wp-block-image size-full\"><img loading=\"lazy\" decoding=\"async\" width=\"1024\" height=\"683\" src=\"http:\/\/blogdoarmindomaia.com.br\/wp-content\/uploads\/2022\/09\/festivalparalimpico2-1.jpeg\" alt=\"\" class=\"wp-image-2865\" srcset=\"http:\/\/blogdoarmindomaia.com.br\/wp-content\/uploads\/2022\/09\/festivalparalimpico2-1.jpeg 1024w, http:\/\/blogdoarmindomaia.com.br\/wp-content\/uploads\/2022\/09\/festivalparalimpico2-1-300x200.jpeg 300w, http:\/\/blogdoarmindomaia.com.br\/wp-content\/uploads\/2022\/09\/festivalparalimpico2-1-768x512.jpeg 768w\" sizes=\"auto, (max-width: 1024px) 100vw, 1024px\" \/><\/figure>\n\n\n\n<figure class=\"wp-block-image size-full\"><img loading=\"lazy\" decoding=\"async\" width=\"1024\" height=\"683\" src=\"http:\/\/blogdoarmindomaia.com.br\/wp-content\/uploads\/2022\/09\/festivalparalimpico2-5.jpeg\" alt=\"\" class=\"wp-image-2864\" srcset=\"http:\/\/blogdoarmindomaia.com.br\/wp-content\/uploads\/2022\/09\/festivalparalimpico2-5.jpeg 1024w, http:\/\/blogdoarmindomaia.com.br\/wp-content\/uploads\/2022\/09\/festivalparalimpico2-5-300x200.jpeg 300w, http:\/\/blogdoarmindomaia.com.br\/wp-content\/uploads\/2022\/09\/festivalparalimpico2-5-768x512.jpeg 768w\" sizes=\"auto, (max-width: 1024px) 100vw, 1024px\" \/><\/figure>\n\n\n\n<p>A inclus\u00e3o e o incentivo ao esporte foram os pilares do 2\u00ba Festival Paral\u00edmpico, realizado na manh\u00e3 do \u00faltimo s\u00e1bado (24), na Pra\u00e7a da Juventude, no bairro Urciano Lemos. Os 212 inscritos, crian\u00e7as e adolescentes entre 8 e 17 anos, tiveram a oportunidade de interagir e praticar tr\u00eas modalidades esportivas: voleibol sentado, bocha e atletismo.<\/p>\n\n\n\n<p>De acordo com o assessor municipal de Esportes Especializados, Danilo Borges, as atividades buscaram refletir sobre a import\u00e2ncia da inclus\u00e3o e foram desenvolvidas em alus\u00e3o ao Dia Nacional do Atleta Paral\u00edmpico, comemorado em 22 de setembro.<\/p>\n\n\n\n<p>\u201cO festival n\u00e3o foi de competi\u00e7\u00e3o, mas, sim, demonstrativo, onde os jovens vivenciaram as modalidades paral\u00edmpicas. Em forma de rod\u00edzio, durante a manh\u00e3, os inscritos praticaram todos os esportes. Foi a oportunidade das pessoas com e sem defici\u00eancia estarem juntas para que pudessem conhecer um pouco da realidade do outro, refletindo que \u00e9 poss\u00edvel, sim, conviver com as diferen\u00e7as\u201d, destaca Danilo.<\/p>\n\n\n\n<p>O 2\u00ba Festival Paral\u00edmpico foi um evento de mobiliza\u00e7\u00e3o nacional realizado pelo Comit\u00ea Paral\u00edmpico Brasileiro (CPB), em parceria com a Secretaria Municipal de Esportes, sob a coordena\u00e7\u00e3o da Assessoria Municipal de Esportes Especializados.<\/p>\n","protected":false},"excerpt":{"rendered":"<p>A inclus\u00e3o e o incentivo ao esporte foram os pilares do 2\u00ba Festival Paral\u00edmpico, realizado na manh\u00e3 do \u00faltimo s\u00e1bado<\/p>\n","protected":false},"author":2,"featured_media":2865,"comment_status":"open","ping_status":"open","sticky":false,"template":"","format":"standard","meta":{"footnotes":""},"categories":[9,15],"tags":[],"class_list":["post-2863","post","type-post","status-publish","format-standard","has-post-thumbnail","hentry","category-araxa","category-esportes"],"_links":{"self":[{"href":"http:\/\/blogdoarmindomaia.com.br\/index.php?rest_route=\/wp\/v2\/posts\/2863","targetHints":{"allow":["GET"]}}],"collection":[{"href":"http:\/\/blogdoarmindomaia.com.br\/index.php?rest_route=\/wp\/v2\/posts"}],"about":[{"href":"http:\/\/blogdoarmindomaia.com.br\/index.php?rest_route=\/wp\/v2\/types\/post"}],"author":[{"embeddable":true,"href":"http:\/\/blogdoarmindomaia.com.br\/index.php?rest_route=\/wp\/v2\/users\/2"}],"replies":[{"embeddable":true,"href":"http:\/\/blogdoarmindomaia.com.br\/index.php?rest_route=%2Fwp%2Fv2%2Fcomments&post=2863"}],"version-history":[{"count":1,"href":"http:\/\/blogdoarmindomaia.com.br\/index.php?rest_route=\/wp\/v2\/posts\/2863\/revisions"}],"predecessor-version":[{"id":2866,"href":"http:\/\/blogdoarmindomaia.com.br\/index.php?rest_route=\/wp\/v2\/posts\/2863\/revisions\/2866"}],"wp:featuredmedia":[{"embeddable":true,"href":"http:\/\/blogdoarmindomaia.com.br\/index.php?rest_route=\/wp\/v2\/media\/2865"}],"wp:attachment":[{"href":"http:\/\/blogdoarmindomaia.com.br\/index.php?rest_route=%2Fwp%2Fv2%2Fmedia&parent=2863"}],"wp:term":[{"taxonomy":"category","embeddable":true,"href":"http:\/\/blogdoarmindomaia.com.br\/index.php?rest_route=%2Fwp%2Fv2%2Fcategories&post=2863"},{"taxonomy":"post_tag","embeddable":true,"href":"http:\/\/blogdoarmindomaia.com.br\/index.php?rest_route=%2Fwp%2Fv2%2Ftags&post=2863"}],"curies":[{"name":"wp","href":"https:\/\/api.w.org\/{rel}","templated":true}]}}