{"id":2878,"date":"2022-10-02T23:19:19","date_gmt":"2022-10-03T02:19:19","guid":{"rendered":"http:\/\/blogdoarmindomaia.com.br\/?p=2878"},"modified":"2022-10-02T23:19:21","modified_gmt":"2022-10-03T02:19:21","slug":"romeu-zema-derrota-kalil-e-e-reeleito-governador-de-minas-em-1o-turno","status":"publish","type":"post","link":"http:\/\/blogdoarmindomaia.com.br\/?p=2878","title":{"rendered":"<strong>Romeu Zema derrota Kalil e \u00e9 reeleito &nbsp;governador de Minas em 1\u00ba turno<\/strong>"},"content":{"rendered":"\n<figure class=\"wp-block-image size-full is-style-default\"><img loading=\"lazy\" decoding=\"async\" width=\"529\" height=\"370\" src=\"http:\/\/blogdoarmindomaia.com.br\/wp-content\/uploads\/2022\/10\/Zema-reeltiso-71.png\" alt=\"\" class=\"wp-image-2879\" srcset=\"http:\/\/blogdoarmindomaia.com.br\/wp-content\/uploads\/2022\/10\/Zema-reeltiso-71.png 529w, http:\/\/blogdoarmindomaia.com.br\/wp-content\/uploads\/2022\/10\/Zema-reeltiso-71-300x210.png 300w, http:\/\/blogdoarmindomaia.com.br\/wp-content\/uploads\/2022\/10\/Zema-reeltiso-71-130x90.png 130w\" sizes=\"auto, (max-width: 529px) 100vw, 529px\" \/><\/figure>\n\n\n\n<figure class=\"wp-block-image size-full is-style-default\"><img loading=\"lazy\" decoding=\"async\" width=\"578\" height=\"522\" src=\"http:\/\/blogdoarmindomaia.com.br\/wp-content\/uploads\/2022\/10\/Zema-reeleito-1.jpg\" alt=\"\" class=\"wp-image-2880\" srcset=\"http:\/\/blogdoarmindomaia.com.br\/wp-content\/uploads\/2022\/10\/Zema-reeleito-1.jpg 578w, http:\/\/blogdoarmindomaia.com.br\/wp-content\/uploads\/2022\/10\/Zema-reeleito-1-300x271.jpg 300w\" sizes=\"auto, (max-width: 578px) 100vw, 578px\" \/><\/figure>\n\n\n\n<figure class=\"wp-block-image size-large is-style-default\"><img loading=\"lazy\" decoding=\"async\" width=\"1024\" height=\"683\" src=\"http:\/\/blogdoarmindomaia.com.br\/wp-content\/uploads\/2022\/10\/Zema-reeleicao-2-1024x683.webp\" alt=\"\" class=\"wp-image-2881\" srcset=\"http:\/\/blogdoarmindomaia.com.br\/wp-content\/uploads\/2022\/10\/Zema-reeleicao-2-1024x683.webp 1024w, http:\/\/blogdoarmindomaia.com.br\/wp-content\/uploads\/2022\/10\/Zema-reeleicao-2-300x200.webp 300w, http:\/\/blogdoarmindomaia.com.br\/wp-content\/uploads\/2022\/10\/Zema-reeleicao-2-768x512.webp 768w, http:\/\/blogdoarmindomaia.com.br\/wp-content\/uploads\/2022\/10\/Zema-reeleicao-2.webp 1224w\" sizes=\"auto, (max-width: 1024px) 100vw, 1024px\" \/><\/figure>\n\n\n\n<p>O governador&nbsp;<a href=\"https:\/\/www.otempo.com.br\/eleicoes\/2022\/candidatos\/governador\/mg\/zema-30\" target=\"_blank\" rel=\"noreferrer noopener\"><strong>Romeu Zema (Novo)<\/strong><\/a>&nbsp;foi reeleito neste domingo (2) em uma elei\u00e7\u00e3o resolvida no primeiro turno em Minas Gerais. O chefe do Executivo teve a elei\u00e7\u00e3o confirmada matematicamente quando&nbsp; 92% das urnas estavam apuradas. O candidato do partido do partido Novo teve mais de 56% dos votos v\u00e1lidos. O ex-prefeito de Belo Horizonte,&nbsp;<a href=\"https:\/\/www.otempo.com.br\/eleicoes\/2022\/candidatos\/governador\/mg\/kalil-55\"><strong>Alexandre Kalil (PSD)<\/strong><\/a>, tinha 34% dos votos.&nbsp;Segundo o Tribunal Superior Eleitoral (TSE), Carlos Viana (PL) ficou em terceiro lugar na disputa com 7,26% dos votos.&nbsp;<a href=\"https:\/\/www.otempo.com.br\/eleicoes\/pestana-tem-menos-de-1-dos-votos-e-marca-a-pior-campanha-do-psdb-em-mg-1.2743916\">Os demais candidatos, Marcus Pestana (PSDB), Lorene Figueiredo (PSOL), Cabo Trist\u00e3o (PMB), Indira Xavier (UP) e Renata Regina (PCB) tiveram menos de 1% dos votos.&nbsp;<\/a><\/p>\n\n\n\n<p><strong>Trajet\u00f3ria<\/strong><\/p>\n\n\n\n<p><strong><u><a href=\"https:\/\/www.otempo.com.br\/eleicoes\/sem-nacionalizar-disputa-zema-tenta-reeleicao-no-primeiro-turno-1.2742956\">Diferente do principal concorrente, Romeu Zema n\u00e3o teve nenhum palanque presidencial no Estado<\/a><\/u><\/strong>&nbsp;durante a campanha que culminou no segundo mandato do atual governador. Ao longo dos 45 dias de campanha, Alexandre Kalil esteve com Luiz In\u00e1cio Lula da Silva (PT) em diversos eventos por Minas Gerais, inclusive em Belo Horizonte, que era a principal base eleitoral do ex-prefeito.&nbsp;<\/p>\n\n\n\n<p>O vice dele, o professor Mateus Sim\u00f5es, um dos principais aliados e homem de confian\u00e7a de Zema no primeiro mandato \u00e9 um velho conhecido de Arax\u00e1. Sim\u00f5es morou em Arax\u00e1 e chegou a disputar elei\u00e7\u00f5es para deputado estadual na cidade. Ele \u00e9 irm\u00e3o da super atleta Catarina Porf\u00edrio e da Presidente da Funda\u00e7\u00e3o da Crian\u00e7a e Adolescente de Arax\u00e1 no governo Robson Magela.<\/p>\n\n\n\n<p>O novo governador dos mineiros para os pr\u00f3ximos quatro anos \u00e9 o mesmo da gest\u00e3o passada e \u00e9 do Novo. O empres\u00e1rio araxaense Romeu Zema Neto, que ir\u00e1 completar 58 anos no pr\u00f3ximo dia 28 de outubro, venceu as elei\u00e7\u00f5es para o executivo mineiro em primeiro turno, neste domingo dia 02 de outubro de 2022, ao derrotar o principal advers\u00e1rio, o prefeito afastado de Belo Horizonte, Alexandre Kalil de 63 anos, do partido PSD.<\/p>\n\n\n\n<p>Romeu Zema, teve como fatores principais para o desempenho positivo na sua reelei\u00e7\u00e3o em primeiro turno; uma primeira gest\u00e3o de recupera\u00e7\u00e3o financeira e administrativa, principalmente na regulariza\u00e7\u00e3o dos sal\u00e1rios dos servidores p\u00fablicos estaduais e com medidas de conten\u00e7\u00e3o de gastos e redu\u00e7\u00e3o de despesas com servi\u00e7os e corte de atividades dispens\u00e1veis em v\u00e1rios setores da sua administra\u00e7\u00e3o.<\/p>\n\n\n\n<p>A campanha \u00e0 reelei\u00e7\u00e3o de Zema, foi pautada principalmente nas a\u00e7\u00f5es de desenvolvimento e atividades b\u00e1sicas para melhorar a qualidade de vidas das regi\u00f5es mais carentes do Estado. O Governador reeleito n\u00e3o economizou nas visitas que fez a todas as regi\u00f5es de Minas Gerais, sempre de olho nas demandas relacionadas a infraestrutura, sa\u00fade, educa\u00e7\u00e3o e gera\u00e7\u00e3o de renda. As suas maiores bandeiras durante a primeira gest\u00e3o, foram o combate \u00e0 corrup\u00e7\u00e3o, promo\u00e7\u00e3o do emprego e renda e solucionar a situa\u00e7\u00e3o financeira do Estado.&nbsp;&nbsp;&nbsp;&nbsp;<\/p>\n\n\n\n<p>Romeu Zema esteve na manh\u00e3 deste domingo, em Arax\u00e1, onde voltou na Escola Estadual Delfim Moreira, a mesma escola perto da casa de seus pais (Ricardo e Maria L\u00facia Zema), onde ele quando crian\u00e7a fez o prim\u00e1rio. Acompanhado de muitos simpatizantes, assessores, amigos e da imprensa de Arax\u00e1, Minas e at\u00e9 do Brasil, Zema. Ap\u00f3s votar Zema fez um breve pronunciamento onde disse que, \u201c tivemos uma campanha limpa, uma campanha propositiva e n\u00e3o uma campanha de ataque, que geralmente \u00e9 o que prevalece na pol\u00edtica. Ent\u00e3o, eu acredito muito nisso. Quem fica muito preocupado em mandar pedra, geralmente acaba esquecendo de alguma coisa. E eu sempre vivi do meu trabalho, e considero que devo proceder desta mesma maneira, como governador e como candidato. Estou muito confiante que, caso eleito, terei um segundo governo muito melhor do que o primeiro, porque n\u00e3o terei mais um Estado ca\u00f3tico como aquele que eu assumi h\u00e1 quatro anos e nem uma d\u00edvida monstruosa, que hoje j\u00e1 \u00e9 uma d\u00edvida administrada. Ent\u00e3o, eu tenho obriga\u00e7\u00e3o de fazer um segundo governo melhor do que o primeiro\u201d, concluiu Romeu Zema Neto.<\/p>\n\n\n\n<p>At\u00e9 o fechamento desta edi\u00e7\u00e3o, com 99.74% das se\u00e7\u00f5es apuradas em Minas Gerais, Romeu Zema do Partido Novo tinha 56,21% dos votos v\u00e1lidos com 6.083.411 votos &nbsp;&nbsp;e Alexandre Kalil do PSD, tinha 35,05%, sendo 3.792.581 votos.<\/p>\n\n\n\n<p>Em Arax\u00e1 com todas as urnas totalizadas, Romeu Zema obteve 85,73% dos votos v\u00e1lidos, sendo 48.341 votos e Kalil teve 6.236 votos.<\/p>\n","protected":false},"excerpt":{"rendered":"<p>O governador&nbsp;Romeu Zema (Novo)&nbsp;foi reeleito neste domingo (2) em uma elei\u00e7\u00e3o resolvida no primeiro turno em Minas Gerais. O chefe<\/p>\n","protected":false},"author":2,"featured_media":2881,"comment_status":"open","ping_status":"open","sticky":false,"template":"","format":"standard","meta":{"footnotes":""},"categories":[9,11,25],"tags":[],"class_list":["post-2878","post","type-post","status-publish","format-standard","has-post-thumbnail","hentry","category-araxa","category-destaques","category-politica"],"_links":{"self":[{"href":"http:\/\/blogdoarmindomaia.com.br\/index.php?rest_route=\/wp\/v2\/posts\/2878","targetHints":{"allow":["GET"]}}],"collection":[{"href":"http:\/\/blogdoarmindomaia.com.br\/index.php?rest_route=\/wp\/v2\/posts"}],"about":[{"href":"http:\/\/blogdoarmindomaia.com.br\/index.php?rest_route=\/wp\/v2\/types\/post"}],"author":[{"embeddable":true,"href":"http:\/\/blogdoarmindomaia.com.br\/index.php?rest_route=\/wp\/v2\/users\/2"}],"replies":[{"embeddable":true,"href":"http:\/\/blogdoarmindomaia.com.br\/index.php?rest_route=%2Fwp%2Fv2%2Fcomments&post=2878"}],"version-history":[{"count":1,"href":"http:\/\/blogdoarmindomaia.com.br\/index.php?rest_route=\/wp\/v2\/posts\/2878\/revisions"}],"predecessor-version":[{"id":2882,"href":"http:\/\/blogdoarmindomaia.com.br\/index.php?rest_route=\/wp\/v2\/posts\/2878\/revisions\/2882"}],"wp:featuredmedia":[{"embeddable":true,"href":"http:\/\/blogdoarmindomaia.com.br\/index.php?rest_route=\/wp\/v2\/media\/2881"}],"wp:attachment":[{"href":"http:\/\/blogdoarmindomaia.com.br\/index.php?rest_route=%2Fwp%2Fv2%2Fmedia&parent=2878"}],"wp:term":[{"taxonomy":"category","embeddable":true,"href":"http:\/\/blogdoarmindomaia.com.br\/index.php?rest_route=%2Fwp%2Fv2%2Fcategories&post=2878"},{"taxonomy":"post_tag","embeddable":true,"href":"http:\/\/blogdoarmindomaia.com.br\/index.php?rest_route=%2Fwp%2Fv2%2Ftags&post=2878"}],"curies":[{"name":"wp","href":"https:\/\/api.w.org\/{rel}","templated":true}]}}