{"id":2895,"date":"2022-10-04T11:18:27","date_gmt":"2022-10-04T14:18:27","guid":{"rendered":"http:\/\/blogdoarmindomaia.com.br\/?p=2895"},"modified":"2022-10-04T11:18:29","modified_gmt":"2022-10-04T14:18:29","slug":"cia-de-teatro-buzum-chega-em-araxa-para-apresentacoes","status":"publish","type":"post","link":"http:\/\/blogdoarmindomaia.com.br\/?p=2895","title":{"rendered":"<strong>Cia. de teatro BuZum chega em Arax\u00e1 para apresenta\u00e7\u00f5es<\/strong>"},"content":{"rendered":"\n<p><strong>do &nbsp;\u201cFloresta Viva\u201d<\/strong><\/p>\n\n\n\n<figure class=\"wp-block-image size-full\"><img loading=\"lazy\" decoding=\"async\" width=\"1024\" height=\"576\" src=\"http:\/\/blogdoarmindomaia.com.br\/wp-content\/uploads\/2022\/10\/323243223432424-1024x576-1.jpg\" alt=\"\" class=\"wp-image-2896\" srcset=\"http:\/\/blogdoarmindomaia.com.br\/wp-content\/uploads\/2022\/10\/323243223432424-1024x576-1.jpg 1024w, http:\/\/blogdoarmindomaia.com.br\/wp-content\/uploads\/2022\/10\/323243223432424-1024x576-1-300x169.jpg 300w, http:\/\/blogdoarmindomaia.com.br\/wp-content\/uploads\/2022\/10\/323243223432424-1024x576-1-768x432.jpg 768w\" sizes=\"auto, (max-width: 1024px) 100vw, 1024px\" \/><\/figure>\n\n\n\n<p><em>Com 12 anos de estrada, completados agora em setembro, a trupe leva a arte do teatro de bonecos para crian\u00e7as que ainda n\u00e3o conhecem ou t\u00eam pouco acesso a esse mundo l\u00fadico <\/em><em><\/em><\/p>\n\n\n\n\n\n\n\n<p><em>Fotos do espet\u00e1culo \u201cFloresta Viva\u201d <\/em><em>(Cr\u00e9dito: Sato do Brasil)<\/em><\/p>\n\n\n\n<p><strong>Setembro de 2022 \u2013<\/strong> Com sua f\u00e1bula <strong>\u201cFloresta Viva\u201d<\/strong>,que retrata a import\u00e2ncia da preserva\u00e7\u00e3o das florestas, a cia. de teatro de bonecos <strong>BuZum! <\/strong>se apresenta gratuitamente em <strong>Arax\u00e1<\/strong> nos dias <strong>3, 4, 5 e 6 de outubro<\/strong>. As apresenta\u00e7\u00f5es da cia de teatro <strong>BuZum!<\/strong> acontecem em escolas p\u00fablicas municipais por meio da Secretaria Especial da Cultura \u2013 Minist\u00e9rio do Turismo, com incentivo da Lei Rouanet (Pronac 191707) e patroc\u00ednio da CBMM.<\/p>\n\n\n\n<p>A cia. \u00e9 reconhecida nacionalmente por criar de forma pioneira uma sala de teatro dentro de \u00f4nibus rodovi\u00e1rios, a cia. percorre o pa\u00eds levando a alegria, a ludicidade e o encanto do teatro de bonecos para o p\u00fablico infanto-juvenil, que acaba aprendendo e se divertindo.<\/p>\n\n\n\n<p>\u201cO teatro e a educa\u00e7\u00e3o s\u00e3o o combust\u00edvel que move a nossa companhia h\u00e1 exatos 12 anos. Com a arte do teatro de bonecos o <strong>BuZum!<\/strong> conscientiza e ensina as crian\u00e7as, e porque n\u00e3o dizer adultos, de forma l\u00fadica, ao abordar tem\u00e1ticas que s\u00e3o atuais e que necessitam da aten\u00e7\u00e3o de toda a sociedade. Em <strong>\u2018Floresta Viva\u2019<\/strong> falamos sobre a import\u00e2ncia de cuidarmos do nosso meio ambiente, e em especial das nossas florestas\u201d, explica Mari Gutierrez, diretora do <strong>BuZum!<\/strong>.<\/p>\n\n\n\n<p>\u201cA cultura \u00e9 fundamental para a transforma\u00e7\u00e3o da sociedade. \u00c9 uma ferramenta importante no<\/p>\n\n\n\n<p>processo de forma\u00e7\u00e3o das novas gera\u00e7\u00f5es. Por isso, nossa atua\u00e7\u00e3o prev\u00ea o apoio a iniciativas<\/p>\n\n\n\n<p>voltadas \u00e0s nossas crian\u00e7as e adolescentes, levando conhecimento e informa\u00e7\u00e3o tamb\u00e9m por<\/p>\n\n\n\n<p>meio da arte\u201d, destaca Alvaro Rezende, da \u00e1rea de Relacionamento com a Comunidade da<\/p>\n\n\n\n<p>CBMM.<\/p>\n\n\n\n<p>\u201cNa \u2018Semana da Crian\u00e7a\u2019 oito Centros Municipais de Educa\u00e7\u00e3o Infantil (CEMEIs), totalizando 800 crian\u00e7as, receber\u00e3o o BuZum! Al\u00e9m disso, nesse projeto existe a parceria para a distribui\u00e7\u00e3o do material pedag\u00f3gico que ser\u00e1 utilizado nas aulas como continuidade desta interessante e atrativa proposta de trabalho, que enriquece o dia a dia da escola e vai nos ajudar a educar em amplitude as nossas crian\u00e7as\u201d, diz a secret\u00e1ria municipal de Educa\u00e7\u00e3o de Arax\u00e1, Zulma Moreira.<\/p>\n\n\n\n<p><strong>Reinven\u00e7\u00e3o<\/strong><\/p>\n\n\n\n<p>Antes da pandemia, o espet\u00e1culo acontecia dentro dos \u00f4nibus, por isso o nome <strong>BuZum!<\/strong>. No entanto, devido \u00e0s necessidades sanit\u00e1rias, as apresenta\u00e7\u00f5es foram adaptadas para a \u00e1rea externa do ve\u00edculo, como gin\u00e1sios, quadras p\u00e1tios das escolas.<\/p>\n\n\n\n<p><strong>Aprendizado fora e dentro da sala de aula<\/strong><\/p>\n\n\n\n<p>As apresenta\u00e7\u00f5es gratuitas aliam o espet\u00e1culo do palco com o conte\u00fado da sala de aula. Isso porque o <strong>BuZum!<\/strong> fornece para as escolas material pedag\u00f3gico para que os educadores trabalhem temas transversais nas aulas. As crian\u00e7as ganham um teatro de papel para brincarem e criarem as pr\u00f3prias hist\u00f3rias com seus bonecos e cen\u00e1rios.<\/p>\n\n\n\n<p><strong>Sobre o espet\u00e1culo \u201cFloresta Viva\u201d<\/strong><\/p>\n\n\n\n<p>\u00c9 a hist\u00f3ria de uma abelha, Fil\u00f3, que conhece uma formiga esperta, a Jacira. As duas viram amigas insepar\u00e1veis, passam por diversas situa\u00e7\u00f5es na&nbsp;floresta&nbsp;em que vivem, cada uma fazendo seu importante trabalho para o ecossistema e lutando contra alguns de seus predadores: p\u00e1ssaros e tamandu\u00e1s. At\u00e9 que um dia, a abelha percebe que a&nbsp;floresta&nbsp;est\u00e1 em chamas e convoca sua amiga formiga para que juntas possam salvar as \u00e1rvores e os animais do inc\u00eandio, causado por um fazendeiro ganancioso e malvado. As duas, reunidas com todas as formigas e abelhas da&nbsp;floresta, conseguem assustar o fazendeiro e proteger seu habitat.<\/p>\n","protected":false},"excerpt":{"rendered":"<p>do &nbsp;\u201cFloresta Viva\u201d Com 12 anos de estrada, completados agora em setembro, a trupe leva a arte do teatro de<\/p>\n","protected":false},"author":2,"featured_media":2896,"comment_status":"open","ping_status":"open","sticky":false,"template":"","format":"standard","meta":{"footnotes":""},"categories":[9,5],"tags":[],"class_list":["post-2895","post","type-post","status-publish","format-standard","has-post-thumbnail","hentry","category-araxa","category-arte-e-cultura"],"_links":{"self":[{"href":"http:\/\/blogdoarmindomaia.com.br\/index.php?rest_route=\/wp\/v2\/posts\/2895","targetHints":{"allow":["GET"]}}],"collection":[{"href":"http:\/\/blogdoarmindomaia.com.br\/index.php?rest_route=\/wp\/v2\/posts"}],"about":[{"href":"http:\/\/blogdoarmindomaia.com.br\/index.php?rest_route=\/wp\/v2\/types\/post"}],"author":[{"embeddable":true,"href":"http:\/\/blogdoarmindomaia.com.br\/index.php?rest_route=\/wp\/v2\/users\/2"}],"replies":[{"embeddable":true,"href":"http:\/\/blogdoarmindomaia.com.br\/index.php?rest_route=%2Fwp%2Fv2%2Fcomments&post=2895"}],"version-history":[{"count":1,"href":"http:\/\/blogdoarmindomaia.com.br\/index.php?rest_route=\/wp\/v2\/posts\/2895\/revisions"}],"predecessor-version":[{"id":2897,"href":"http:\/\/blogdoarmindomaia.com.br\/index.php?rest_route=\/wp\/v2\/posts\/2895\/revisions\/2897"}],"wp:featuredmedia":[{"embeddable":true,"href":"http:\/\/blogdoarmindomaia.com.br\/index.php?rest_route=\/wp\/v2\/media\/2896"}],"wp:attachment":[{"href":"http:\/\/blogdoarmindomaia.com.br\/index.php?rest_route=%2Fwp%2Fv2%2Fmedia&parent=2895"}],"wp:term":[{"taxonomy":"category","embeddable":true,"href":"http:\/\/blogdoarmindomaia.com.br\/index.php?rest_route=%2Fwp%2Fv2%2Fcategories&post=2895"},{"taxonomy":"post_tag","embeddable":true,"href":"http:\/\/blogdoarmindomaia.com.br\/index.php?rest_route=%2Fwp%2Fv2%2Ftags&post=2895"}],"curies":[{"name":"wp","href":"https:\/\/api.w.org\/{rel}","templated":true}]}}