{"id":2901,"date":"2022-10-04T14:29:05","date_gmt":"2022-10-04T17:29:05","guid":{"rendered":"http:\/\/blogdoarmindomaia.com.br\/?p=2901"},"modified":"2022-10-04T14:29:07","modified_gmt":"2022-10-04T17:29:07","slug":"compulsao-alimentar-como-reconhecer-se-voce-tem-esse-transtorno","status":"publish","type":"post","link":"http:\/\/blogdoarmindomaia.com.br\/?p=2901","title":{"rendered":"Compuls\u00e3o alimentar: como reconhecer se voc\u00ea tem esse transtorno"},"content":{"rendered":"\n<figure class=\"wp-block-image size-full\"><img loading=\"lazy\" decoding=\"async\" width=\"830\" height=\"404\" src=\"http:\/\/blogdoarmindomaia.com.br\/wp-content\/uploads\/2022\/10\/foto_ilustrativa.jpg\" alt=\"\" class=\"wp-image-2902\" srcset=\"http:\/\/blogdoarmindomaia.com.br\/wp-content\/uploads\/2022\/10\/foto_ilustrativa.jpg 830w, http:\/\/blogdoarmindomaia.com.br\/wp-content\/uploads\/2022\/10\/foto_ilustrativa-300x146.jpg 300w, http:\/\/blogdoarmindomaia.com.br\/wp-content\/uploads\/2022\/10\/foto_ilustrativa-768x374.jpg 768w\" sizes=\"auto, (max-width: 830px) 100vw, 830px\" \/><\/figure>\n\n\n\n<figure class=\"wp-block-image size-full\"><img loading=\"lazy\" decoding=\"async\" width=\"683\" height=\"1024\" src=\"http:\/\/blogdoarmindomaia.com.br\/wp-content\/uploads\/2022\/10\/dra_thais_1.jpg\" alt=\"\" class=\"wp-image-2903\" srcset=\"http:\/\/blogdoarmindomaia.com.br\/wp-content\/uploads\/2022\/10\/dra_thais_1.jpg 683w, http:\/\/blogdoarmindomaia.com.br\/wp-content\/uploads\/2022\/10\/dra_thais_1-200x300.jpg 200w\" sizes=\"auto, (max-width: 683px) 100vw, 683px\" \/><\/figure>\n\n\n\n<p><em>Leia o artigo da m\u00e9dica endocrinologista da Unimed Arax\u00e1, Tha\u00eds Vital Costa Vivenza<\/em><\/p>\n\n\n\n<p>O fen\u00f4meno da compuls\u00e3o alimentar foi descrito formalmente pela primeira vez em 1959. No entanto, o transtorno da compuls\u00e3o alimentar peri\u00f3dica s\u00f3 foi formulado como um diagn\u00f3stico distinto na d\u00e9cada de 1990.<\/p>\n\n\n\n<p>O transtorno da compuls\u00e3o alimentar peri\u00f3dica \u00e9 mais comum em mulheres do que em homens e a idade m\u00e9dia do diagn\u00f3stico \u00e9 de 23 anos. Indiv\u00edduos com essa condi\u00e7\u00e3o correm maior risco de desenvolver dist\u00farbios m\u00e9dicos gerais, incluindo diabetes mellitus, hipertens\u00e3o e obesidade.<\/p>\n\n\n\n<p>Essa condi\u00e7\u00e3o \u00e9 definida como a ingest\u00e3o de uma quantidade de comida em um per\u00edodo de tempo (por exemplo, duas horas), que \u00e9 definitivamente maior do que a maioria das pessoas comeria em per\u00edodo de tempo e circunst\u00e2ncias semelhantes. Esses epis\u00f3dios ocorrem, em m\u00e9dia, pelo menos uma vez por semana durante tr\u00eas meses. Durante os epis\u00f3dios, os pacientes sentem que n\u00e3o t\u00eam controle sobre a alimenta\u00e7\u00e3o (por exemplo, sentem que n\u00e3o conseguem parar de comer ou controlar a quantidade ou o que est\u00e3o comendo).<\/p>\n\n\n\n<p>Os epis\u00f3dios de compuls\u00e3o alimentar s\u00e3o marcados por pelo menos tr\u00eas das seguintes situa\u00e7\u00f5es:<\/p>\n\n\n\n<p>\u2022 Comer mais r\u00e1pido do que o normal;<\/p>\n\n\n\n<p>\u2022 Comer at\u00e9 sentir-se desconfortavelmente cheio;<\/p>\n\n\n\n<p>\u2022 Comer grandes quantidades de comida quando n\u00e3o se sente fisicamente com fome;<\/p>\n\n\n\n<p>\u2022 Comer sozinho por vergonha da quantidade de comida consumida;<\/p>\n\n\n\n<p>\u2022 Sentir-se desgostoso consigo mesmo, deprimido ou culpado depois de comer demais.<\/p>\n\n\n\n<p>A psicopatologia central entre os pacientes com transtorno da compuls\u00e3o alimentar peri\u00f3dica \u00e9 uma supervaloriza\u00e7\u00e3o da forma do corpo e do peso, o que significa que a autoestima depende em grande parte ou exclusivamente desses fatores e da capacidade de control\u00e1-los. Isso produz comportamentos alimentares disfuncionais, que levam a uma vulnerabilidade psicol\u00f3gica e fisiol\u00f3gica e, consequentemente, aos epis\u00f3dios de compuls\u00e3o alimentar.<\/p>\n\n\n\n<p>Uma avalia\u00e7\u00e3o completa do paciente com transtorno da compuls\u00e3o alimentar peri\u00f3dica \u00e9 necess\u00e1ria para planejar o tratamento. Essa avalia\u00e7\u00e3o deve incluir:<\/p>\n\n\n\n<p>&#8211; o estado psiqui\u00e1trico do paciente (atitude em rela\u00e7\u00e3o ao peso e forma do corpo, autoestima);<\/p>\n\n\n\n<p>&#8211; estado m\u00e9dico (\u00edndice de massa corporal, presen\u00e7a de diabetes, altera\u00e7\u00e3o de colesterol, doen\u00e7a card\u00edaca, doen\u00e7a do refluxo gastroesof\u00e1gico);<\/p>\n\n\n\n<p>&#8211; estado nutricional (padr\u00e3o alimentar, tipos de excessos, frequ\u00eancia e intensidade dos epis\u00f3dios de compuls\u00e3o alimentar) e o impacto dessa condi\u00e7\u00e3o na qualidade de vida.<\/p>\n\n\n\n<p>As metas de tratamento incluem reduzir os epis\u00f3dios de compuls\u00e3o alimentar, controle do peso (caso haja sobrepeso ou obesidade associados), aumentar a autoaceita\u00e7\u00e3o e manejar comorbidades psiqui\u00e1tricas, caso estejam presentes.<\/p>\n\n\n\n<p>O tratamento deve ser multidisciplinar e envolver o Endocrinologista, Psiquiatra, Terapeuta e Nutricionista, uma vez que inclui psicoterapia, terapias de autoajuda e comportamentais e o tratamento medicamentoso, quando indicado.<\/p>\n\n\n\n<p>V\u00e1rios tipos de medicamentos foram estudados, incluindo inibidores seletivos da recapta\u00e7\u00e3o de serotonina, drogas antiepil\u00e9pticas (por exemplo, Topiramato) e medicamentos tipicamente indicados para transtorno de d\u00e9ficit de aten\u00e7\u00e3o e hiperatividade (por exemplo, Lisdenxefetamina).<\/p>\n\n\n\n<p>O benef\u00edcio da farmacoterapia para os sintomas do transtorno da compuls\u00e3o alimentar peri\u00f3dica parece ser menor do que o efeito da psicoterapia, portanto ressalta-se a import\u00e2ncia do tratamento multidisciplinar dessa condi\u00e7\u00e3o, reconhecendo os gatilhos e as condi\u00e7\u00f5es psiqui\u00e1tricas associadas.<\/p>\n\n\n\n<p>O transtorno da compuls\u00e3o alimentar peri\u00f3dica pode ser dif\u00edcil de detectar porque os pacientes muitas vezes sentem vergonha e podem demorar a buscar ajuda. A presen\u00e7a do transtorno \u00e9 sugerida por pistas como: insatisfa\u00e7\u00e3o com o peso maior do que o esperado, grandes flutua\u00e7\u00f5es de peso e sintomas depressivos. Na presen\u00e7a destes sinais, \u00e9 importante procurar ajuda m\u00e9dica. Pacientes com essa condi\u00e7\u00e3o merecem acolhimento e tratamento adequado.<\/p>\n\n\n\n<p><strong>Tha\u00eds Vital Costa Vivenza<\/strong><\/p>\n\n\n\n<p><em>m\u00e9dica endocrinologista<\/em><\/p>\n","protected":false},"excerpt":{"rendered":"<p>Leia o artigo da m\u00e9dica endocrinologista da Unimed Arax\u00e1, Tha\u00eds Vital Costa Vivenza O fen\u00f4meno da compuls\u00e3o alimentar foi descrito<\/p>\n","protected":false},"author":2,"featured_media":2903,"comment_status":"open","ping_status":"open","sticky":false,"template":"","format":"standard","meta":{"footnotes":""},"categories":[9,29],"tags":[],"class_list":["post-2901","post","type-post","status-publish","format-standard","has-post-thumbnail","hentry","category-araxa","category-saude"],"_links":{"self":[{"href":"http:\/\/blogdoarmindomaia.com.br\/index.php?rest_route=\/wp\/v2\/posts\/2901","targetHints":{"allow":["GET"]}}],"collection":[{"href":"http:\/\/blogdoarmindomaia.com.br\/index.php?rest_route=\/wp\/v2\/posts"}],"about":[{"href":"http:\/\/blogdoarmindomaia.com.br\/index.php?rest_route=\/wp\/v2\/types\/post"}],"author":[{"embeddable":true,"href":"http:\/\/blogdoarmindomaia.com.br\/index.php?rest_route=\/wp\/v2\/users\/2"}],"replies":[{"embeddable":true,"href":"http:\/\/blogdoarmindomaia.com.br\/index.php?rest_route=%2Fwp%2Fv2%2Fcomments&post=2901"}],"version-history":[{"count":1,"href":"http:\/\/blogdoarmindomaia.com.br\/index.php?rest_route=\/wp\/v2\/posts\/2901\/revisions"}],"predecessor-version":[{"id":2904,"href":"http:\/\/blogdoarmindomaia.com.br\/index.php?rest_route=\/wp\/v2\/posts\/2901\/revisions\/2904"}],"wp:featuredmedia":[{"embeddable":true,"href":"http:\/\/blogdoarmindomaia.com.br\/index.php?rest_route=\/wp\/v2\/media\/2903"}],"wp:attachment":[{"href":"http:\/\/blogdoarmindomaia.com.br\/index.php?rest_route=%2Fwp%2Fv2%2Fmedia&parent=2901"}],"wp:term":[{"taxonomy":"category","embeddable":true,"href":"http:\/\/blogdoarmindomaia.com.br\/index.php?rest_route=%2Fwp%2Fv2%2Fcategories&post=2901"},{"taxonomy":"post_tag","embeddable":true,"href":"http:\/\/blogdoarmindomaia.com.br\/index.php?rest_route=%2Fwp%2Fv2%2Ftags&post=2901"}],"curies":[{"name":"wp","href":"https:\/\/api.w.org\/{rel}","templated":true}]}}