{"id":2905,"date":"2022-10-04T14:32:37","date_gmt":"2022-10-04T17:32:37","guid":{"rendered":"http:\/\/blogdoarmindomaia.com.br\/?p=2905"},"modified":"2022-10-04T14:32:39","modified_gmt":"2022-10-04T17:32:39","slug":"jornalista-paulo-menezes-visita-memorial-mauricio-rosa-e-relembra-historias-da-imprensa-araxaense-do-seculo-passado","status":"publish","type":"post","link":"http:\/\/blogdoarmindomaia.com.br\/?p=2905","title":{"rendered":"Jornalista Paulo Menezes visita Memorial Maur\u00edcio Rosa e relembra hist\u00f3rias da imprensa araxaense do s\u00e9culo passado"},"content":{"rendered":"\n<figure class=\"wp-block-image size-large\"><img loading=\"lazy\" decoding=\"async\" width=\"1024\" height=\"768\" src=\"http:\/\/blogdoarmindomaia.com.br\/wp-content\/uploads\/2022\/10\/Mauricinho-Paulo-e-Domingos-1024x768.jpg\" alt=\"\" class=\"wp-image-2906\" srcset=\"http:\/\/blogdoarmindomaia.com.br\/wp-content\/uploads\/2022\/10\/Mauricinho-Paulo-e-Domingos-1024x768.jpg 1024w, http:\/\/blogdoarmindomaia.com.br\/wp-content\/uploads\/2022\/10\/Mauricinho-Paulo-e-Domingos-300x225.jpg 300w, http:\/\/blogdoarmindomaia.com.br\/wp-content\/uploads\/2022\/10\/Mauricinho-Paulo-e-Domingos-768x576.jpg 768w, http:\/\/blogdoarmindomaia.com.br\/wp-content\/uploads\/2022\/10\/Mauricinho-Paulo-e-Domingos-1536x1152.jpg 1536w, http:\/\/blogdoarmindomaia.com.br\/wp-content\/uploads\/2022\/10\/Mauricinho-Paulo-e-Domingos.jpg 1600w\" sizes=\"auto, (max-width: 1024px) 100vw, 1024px\" \/><\/figure>\n\n\n\n<figure class=\"wp-block-image size-large\"><img loading=\"lazy\" decoding=\"async\" width=\"1024\" height=\"969\" src=\"http:\/\/blogdoarmindomaia.com.br\/wp-content\/uploads\/2022\/10\/Paulo-ao-lado-da-antiga-maquina-de-escreve-alema-1024x969.jpg\" alt=\"\" class=\"wp-image-2907\" srcset=\"http:\/\/blogdoarmindomaia.com.br\/wp-content\/uploads\/2022\/10\/Paulo-ao-lado-da-antiga-maquina-de-escreve-alema-1024x969.jpg 1024w, http:\/\/blogdoarmindomaia.com.br\/wp-content\/uploads\/2022\/10\/Paulo-ao-lado-da-antiga-maquina-de-escreve-alema-300x284.jpg 300w, http:\/\/blogdoarmindomaia.com.br\/wp-content\/uploads\/2022\/10\/Paulo-ao-lado-da-antiga-maquina-de-escreve-alema-768x727.jpg 768w, http:\/\/blogdoarmindomaia.com.br\/wp-content\/uploads\/2022\/10\/Paulo-ao-lado-da-antiga-maquina-de-escreve-alema.jpg 1163w\" sizes=\"auto, (max-width: 1024px) 100vw, 1024px\" \/><\/figure>\n\n\n\n<p>A surpresa estava logo na entrada do Memorial. Uma c\u00f3pia rara da primeira edi\u00e7\u00e3o do jornal impresso, Di\u00e1rio de Arax\u00e1, do ano de 1964. Essa raridade do acervo do Memorial, &nbsp;foi o bastante para que o jornalista e advogado araxaense Paulo Gomes de Menezes de 82 anos, regressasse ao in\u00edcio de sua brilhante carreira de jornalista em meados dos anos 50 em Arax\u00e1, a sua terra natal. E o motivo de tanto entusiasmo e nostalgia, n\u00e3o foi a toa! Paulo Menezes foi o fundador, redator e rep\u00f3rter, do antigo e hoje extinto Di\u00e1rio de Arax\u00e1 em sua vers\u00e3o impressa. Lembran\u00e7as que fizeram o jornalista compartilhar com a nossa reportagem e com a dire\u00e7\u00e3o do Museu da Escrita e da Imprensa Maur\u00edcio Rosa, algumas de suas hist\u00f3rias curiosas e interessantes ao longo de sua consagrada carreira profissional.<\/p>\n\n\n\n<p><\/p>\n\n\n\n<p>Radicado na capital paulista, o jornalista Paulo Gomes Menezes, esteve em Arax\u00e1 na semana passada e visitou o Memorial da Escrita e da Imprensa Maur\u00edcio Rosa. Dono de uma mem\u00f3ria privilegiada e muito culto, ele disse que, \u201c eu como jornalista que comecei na \u00e9poca do tipogr\u00e1fico chegando na era do off set (a impress\u00e3o \u00e9 um processo planogr\u00e1fico cuja ess\u00eancia consiste em repuls\u00e3o entre \u00e1gua e gordura. O nome ingl\u00eas off-set &#8211; fora do lugar &#8211; vem do fato de a impress\u00e3o ser indireta, ou seja, a tinta passa antes por um cilindro intermedi\u00e1rio ); estou vendo neste Museu um reconstitui\u00e7\u00e3o hist\u00f3rica da maior relev\u00e2ncia para aas novas gera\u00e7\u00f5es. Eles v\u00e3o poder conhecer todo o processo de evolu\u00e7\u00e3o da imprensa no mundo, pois come\u00e7a com Gutenberg em 1492. Ele criou os tipos m\u00f3veis, imprimiu a primeira b\u00edblia e ali se deu o primeiro passo para a cria\u00e7\u00e3o da imprensa. A partir da\u00ed se passo para o tipogr\u00e1fico e numa etapa seguinte surgiu&nbsp; a m\u00e1quina linotipo que voc\u00ea t\u00eam aqui no Museu da Escrita, que remonta aquela \u00e9poca que constituiu um passo de grande import\u00e2ncia que ajudou muito no processo de cria\u00e7\u00e3o de jornais e logo em seguida surge o offset que j\u00e1 permite as impress\u00f5es de policromia, impress\u00e3o a cores que tamb\u00e9m \u00e9 reproduzida aqui no Memorial de uma forma brilhante. Eu vejo esse Museu, com tremendo orgulho e parabenizo a dire\u00e7\u00e3o do Memorial por ter tomado essa iniciativa e espero que as gera\u00e7\u00f5es futuras, fa\u00e7am desse espa\u00e7o um roteiro obrigat\u00f3rio de visitas, para que conhe\u00e7am a evolu\u00e7\u00e3o do processo &nbsp;de comunica\u00e7\u00e3o de todos os tempos\u201d.<\/p>\n\n\n\n<p>O jornalista tamb\u00e9m revelou algumas hist\u00f3rias do in\u00edcio da carreira. Ele disse que, \u201c eu comecei minha carreira aqui em Arax\u00e1 por volta de 1956, quando o Atanagildo Cortes criou o Correio de Arax\u00e1, e um belo dia impulsionado pelo sonho da minha adolesc\u00eancia e juventude, eu escrevi uma cr\u00f4nica e coloquei debaixo da porta do Correio de Arax\u00e1. O Atanagildo viu que eu tinha colocado, e sem me dizer nada publicou o artigo com a assinatura de \u2018Pagome\u2019 \u2013 as primeiras letras do meu nome. No domingo eu fui na banca do seu Genaro que ficava na rua Boa Vista. Muito apreensivo eu comprei o jornal e fiquei muito orgulhoso e na segunda-feira&nbsp; o Atanagildo me procurou, me parabenizou pela cr\u00f4nica e a partir daquele momento passei a escrever no Correio de Arax\u00e1\u201d.<\/p>\n\n\n\n<p>Por quase uma hora o mestre das letras, Paulo Menezes, percorreu cada cantinho do Memorial e em cada parada, ele sempre tinha um rico coment\u00e1rio did\u00e1tico sobre as m\u00e1quinas, tipos, acervo de revistas, livros e impressos do s\u00e9culo passado, que fizeram parte da hist\u00f3ria dele e de muitos araxaenses. O jornalista relembrou hist\u00f3rias importantes da introdu\u00e7\u00e3o das cores nos impressos produzidos no Brasil. Falou de sua rela\u00e7\u00e3o com as reda\u00e7\u00f5es dos principais e mais relevantes \u00f3rg\u00e3os de imprensa nacionais. Revelou os seus contatos profissionais e de amizade com Roberto Marinho da Rede Globo &nbsp;e com grandes personalidades da arte e da pol\u00edtica brasileiras, Al\u00e9m das experi\u00eancias no exterior e trabalhos de destaques em diversas empresas de comunica\u00e7\u00e3o do Brasil. &nbsp;&nbsp;&nbsp;&nbsp;&nbsp;&nbsp;&nbsp;&nbsp;&nbsp;&nbsp;&nbsp;&nbsp;&nbsp;&nbsp;&nbsp;&nbsp;<\/p>\n","protected":false},"excerpt":{"rendered":"<p>A surpresa estava logo na entrada do Memorial. Uma c\u00f3pia rara da primeira edi\u00e7\u00e3o do jornal impresso, Di\u00e1rio de Arax\u00e1,<\/p>\n","protected":false},"author":2,"featured_media":2907,"comment_status":"open","ping_status":"open","sticky":false,"template":"","format":"standard","meta":{"footnotes":""},"categories":[9,5,11],"tags":[],"class_list":["post-2905","post","type-post","status-publish","format-standard","has-post-thumbnail","hentry","category-araxa","category-arte-e-cultura","category-destaques"],"_links":{"self":[{"href":"http:\/\/blogdoarmindomaia.com.br\/index.php?rest_route=\/wp\/v2\/posts\/2905","targetHints":{"allow":["GET"]}}],"collection":[{"href":"http:\/\/blogdoarmindomaia.com.br\/index.php?rest_route=\/wp\/v2\/posts"}],"about":[{"href":"http:\/\/blogdoarmindomaia.com.br\/index.php?rest_route=\/wp\/v2\/types\/post"}],"author":[{"embeddable":true,"href":"http:\/\/blogdoarmindomaia.com.br\/index.php?rest_route=\/wp\/v2\/users\/2"}],"replies":[{"embeddable":true,"href":"http:\/\/blogdoarmindomaia.com.br\/index.php?rest_route=%2Fwp%2Fv2%2Fcomments&post=2905"}],"version-history":[{"count":1,"href":"http:\/\/blogdoarmindomaia.com.br\/index.php?rest_route=\/wp\/v2\/posts\/2905\/revisions"}],"predecessor-version":[{"id":2908,"href":"http:\/\/blogdoarmindomaia.com.br\/index.php?rest_route=\/wp\/v2\/posts\/2905\/revisions\/2908"}],"wp:featuredmedia":[{"embeddable":true,"href":"http:\/\/blogdoarmindomaia.com.br\/index.php?rest_route=\/wp\/v2\/media\/2907"}],"wp:attachment":[{"href":"http:\/\/blogdoarmindomaia.com.br\/index.php?rest_route=%2Fwp%2Fv2%2Fmedia&parent=2905"}],"wp:term":[{"taxonomy":"category","embeddable":true,"href":"http:\/\/blogdoarmindomaia.com.br\/index.php?rest_route=%2Fwp%2Fv2%2Fcategories&post=2905"},{"taxonomy":"post_tag","embeddable":true,"href":"http:\/\/blogdoarmindomaia.com.br\/index.php?rest_route=%2Fwp%2Fv2%2Ftags&post=2905"}],"curies":[{"name":"wp","href":"https:\/\/api.w.org\/{rel}","templated":true}]}}