{"id":2916,"date":"2022-10-05T11:13:14","date_gmt":"2022-10-05T14:13:14","guid":{"rendered":"http:\/\/blogdoarmindomaia.com.br\/?p=2916"},"modified":"2022-10-05T11:13:17","modified_gmt":"2022-10-05T14:13:17","slug":"inscricoes-para-o-concurso-publico-da-fca-ficam-abertas-ate-4-de-novembro","status":"publish","type":"post","link":"http:\/\/blogdoarmindomaia.com.br\/?p=2916","title":{"rendered":"Inscri\u00e7\u00f5es para o Concurso P\u00fablico da FCA ficam abertas at\u00e9 4 de novembro"},"content":{"rendered":"\n<figure class=\"wp-block-image size-full\"><img loading=\"lazy\" decoding=\"async\" width=\"1024\" height=\"683\" src=\"http:\/\/blogdoarmindomaia.com.br\/wp-content\/uploads\/2022\/10\/Inscricoes-para-o-Concurso-Publico-da-FCA-ficam-abertas-ate-4-de-novembro-pag-03.jpeg\" alt=\"\" class=\"wp-image-2917\" srcset=\"http:\/\/blogdoarmindomaia.com.br\/wp-content\/uploads\/2022\/10\/Inscricoes-para-o-Concurso-Publico-da-FCA-ficam-abertas-ate-4-de-novembro-pag-03.jpeg 1024w, http:\/\/blogdoarmindomaia.com.br\/wp-content\/uploads\/2022\/10\/Inscricoes-para-o-Concurso-Publico-da-FCA-ficam-abertas-ate-4-de-novembro-pag-03-300x200.jpeg 300w, http:\/\/blogdoarmindomaia.com.br\/wp-content\/uploads\/2022\/10\/Inscricoes-para-o-Concurso-Publico-da-FCA-ficam-abertas-ate-4-de-novembro-pag-03-768x512.jpeg 768w\" sizes=\"auto, (max-width: 1024px) 100vw, 1024px\" \/><\/figure>\n\n\n\n<p>O Concurso P\u00fablico da Funda\u00e7\u00e3o da Crian\u00e7a e do Adolescente de Arax\u00e1 (FCCA) estar\u00e1 com inscri\u00e7\u00f5es abertas a partir das 9h desta quarta-feira (5) at\u00e9 \u00e0s 15h59 do dia 4 de novembro. No certame, s\u00e3o ofertadas 54 vagas, cinco delas reservadas para pessoas com defici\u00eancia (PCD). A remunera\u00e7\u00e3o mensal varia entre R$ 1.276,40 e R$ 3.395,65.<br><br>As inscri\u00e7\u00f5es dever\u00e3o ser realizadas, exclusivamente, via internet, pelo endere\u00e7o eletr\u00f4nico (&nbsp;<a href=\"http:\/\/www.ibgpconcursos.com.br\/\" target=\"_blank\" rel=\"noreferrer noopener\">www.ibgpconcursos.com.br<\/a>&nbsp;). A taxa \u00e9 de R$ 60 (n\u00edvel fundamental), R$ 80 (n\u00edvel m\u00e9dio) e R$ 100 (n\u00edvel superior).<br><br>O pagamento dever\u00e1 ser efetuado at\u00e9 o dia 7 de novembro, em toda a rede banc\u00e1ria, observados a data de vencimento do boleto, os hor\u00e1rios de atendimento e as transa\u00e7\u00f5es financeiras de cada institui\u00e7\u00e3o banc\u00e1ria.<br><br>O concurso ter\u00e1 prova objetiva de m\u00faltipla escolha para todos os cargos\/fun\u00e7\u00f5es (eliminat\u00f3ria e classificat\u00f3ria) e provas de t\u00edtulos para cargos\/fun\u00e7\u00f5es de n\u00edvel superior (classificat\u00f3ria).<br><br>O edital, anexos e todas as informa\u00e7\u00f5es respectivas ao concurso, al\u00e9m de dispon\u00edveis no site da IBGP Concursos, tamb\u00e9m est\u00e3o no site da Prefeitura de Arax\u00e1 &#8211; link Editais e Processos &gt; Funda\u00e7\u00e3o da Crian\u00e7a e do Adolescente de Arax\u00e1.<br><br>Pedidos de isen\u00e7\u00e3o<br><br>A solicita\u00e7\u00e3o de isen\u00e7\u00e3o do pagamento da taxa de inscri\u00e7\u00e3o dever\u00e1 ser realizada entre \u00e0s 9h do dia 5 de outubro (quarta) at\u00e9 \u00e0s 15h59 do dia 7 de outubro (sexta-feira). O candidato dever\u00e1 ler atentamente o item 5 do edital, com seus demais subitens, e verificar as condi\u00e7\u00f5es estabelecidas.<br><br>Logo ap\u00f3s, dever\u00e3o ser enviados\/entregues os documentos comprobat\u00f3rios correspondentes, por e-mail ou Sedex (de acordo com as orienta\u00e7\u00f5es do subitem 5.5 do edital).<\/p>\n","protected":false},"excerpt":{"rendered":"<p>O Concurso P\u00fablico da Funda\u00e7\u00e3o da Crian\u00e7a e do Adolescente de Arax\u00e1 (FCCA) estar\u00e1 com inscri\u00e7\u00f5es abertas a partir das<\/p>\n","protected":false},"author":2,"featured_media":2917,"comment_status":"open","ping_status":"open","sticky":false,"template":"","format":"standard","meta":{"footnotes":""},"categories":[9,13],"tags":[],"class_list":["post-2916","post","type-post","status-publish","format-standard","has-post-thumbnail","hentry","category-araxa","category-educacao"],"_links":{"self":[{"href":"http:\/\/blogdoarmindomaia.com.br\/index.php?rest_route=\/wp\/v2\/posts\/2916","targetHints":{"allow":["GET"]}}],"collection":[{"href":"http:\/\/blogdoarmindomaia.com.br\/index.php?rest_route=\/wp\/v2\/posts"}],"about":[{"href":"http:\/\/blogdoarmindomaia.com.br\/index.php?rest_route=\/wp\/v2\/types\/post"}],"author":[{"embeddable":true,"href":"http:\/\/blogdoarmindomaia.com.br\/index.php?rest_route=\/wp\/v2\/users\/2"}],"replies":[{"embeddable":true,"href":"http:\/\/blogdoarmindomaia.com.br\/index.php?rest_route=%2Fwp%2Fv2%2Fcomments&post=2916"}],"version-history":[{"count":1,"href":"http:\/\/blogdoarmindomaia.com.br\/index.php?rest_route=\/wp\/v2\/posts\/2916\/revisions"}],"predecessor-version":[{"id":2918,"href":"http:\/\/blogdoarmindomaia.com.br\/index.php?rest_route=\/wp\/v2\/posts\/2916\/revisions\/2918"}],"wp:featuredmedia":[{"embeddable":true,"href":"http:\/\/blogdoarmindomaia.com.br\/index.php?rest_route=\/wp\/v2\/media\/2917"}],"wp:attachment":[{"href":"http:\/\/blogdoarmindomaia.com.br\/index.php?rest_route=%2Fwp%2Fv2%2Fmedia&parent=2916"}],"wp:term":[{"taxonomy":"category","embeddable":true,"href":"http:\/\/blogdoarmindomaia.com.br\/index.php?rest_route=%2Fwp%2Fv2%2Fcategories&post=2916"},{"taxonomy":"post_tag","embeddable":true,"href":"http:\/\/blogdoarmindomaia.com.br\/index.php?rest_route=%2Fwp%2Fv2%2Ftags&post=2916"}],"curies":[{"name":"wp","href":"https:\/\/api.w.org\/{rel}","templated":true}]}}