{"id":2919,"date":"2022-10-05T11:23:05","date_gmt":"2022-10-05T14:23:05","guid":{"rendered":"http:\/\/blogdoarmindomaia.com.br\/?p=2919"},"modified":"2022-10-05T11:23:07","modified_gmt":"2022-10-05T14:23:07","slug":"prefeitura-de-araxa-firma-convenio-com-a-aephar","status":"publish","type":"post","link":"http:\/\/blogdoarmindomaia.com.br\/?p=2919","title":{"rendered":"Prefeitura de Arax\u00e1 firma conv\u00eanio com a Aephar\u00a0"},"content":{"rendered":"\n<figure class=\"wp-block-image size-full\"><img loading=\"lazy\" decoding=\"async\" width=\"1024\" height=\"683\" src=\"http:\/\/blogdoarmindomaia.com.br\/wp-content\/uploads\/2022\/10\/MG_5596.jpg\" alt=\"\" class=\"wp-image-2920\" srcset=\"http:\/\/blogdoarmindomaia.com.br\/wp-content\/uploads\/2022\/10\/MG_5596.jpg 1024w, http:\/\/blogdoarmindomaia.com.br\/wp-content\/uploads\/2022\/10\/MG_5596-300x200.jpg 300w, http:\/\/blogdoarmindomaia.com.br\/wp-content\/uploads\/2022\/10\/MG_5596-768x512.jpg 768w\" sizes=\"auto, (max-width: 1024px) 100vw, 1024px\" \/><\/figure>\n\n\n\n<p>A Prefeitura de Arax\u00e1 firmou conv\u00eanio no valor de R$ 40.000 com a Associa\u00e7\u00e3o Educacional de Promo\u00e7\u00e3o Humana Araxaense (Aephar). O termo foi assinado pelo prefeito Robson Magela na ter\u00e7a-feira (4) e ser\u00e1 pago em parcela \u00fanica por meio de recursos pr\u00f3prios. A assinatura contou com a presen\u00e7a da presidente da entidade, L\u00eddia Nara da Silva Benfica, e do vereador Pastor Moacir, autor da indica\u00e7\u00e3o do conv\u00eanio.<\/p>\n\n\n\n<p>A associa\u00e7\u00e3o \u00e9 uma entidade sem fins lucrativos que oferece de forma gratuita para crian\u00e7as e adolescentes carentes, cursos de computa\u00e7\u00e3o, croch\u00ea, bordado, al\u00e9m disso, realiza tamb\u00e9m a doa\u00e7\u00e3o de marmitas, roupas e brinquedos. A entidade presta esses servi\u00e7os desde 2019 e atende cerca de 170 pessoas no bairro Bom Jesus.<\/p>\n\n\n\n<p>De acordo com L\u00eddia Nara, o apoio da prefeitura foi fundamental para manter as atividades da entidade. \u201cEst\u00e1vamos prestes a fechar as portas devido \u00e0 dificuldade financeira, porque para tudo a gente precisa de recursos, e a associa\u00e7\u00e3o \u00e9 muito importante para a comunidade. Nossos cursos tiram as crian\u00e7as das ruas, crian\u00e7as que n\u00e3o tem estrutura familiar, muitas vezes os pais est\u00e3o presos, s\u00e3o criados pelos av\u00f3s, pelos tios. Ent\u00e3o, envolve a quest\u00e3o social e a educacional\u201d, explica.<\/p>\n\n\n\n<p>O vereador Pastor Moacir destaca a import\u00e2ncia da parceria. \u201cEu creio que essa vis\u00e3o de apoiar o Terceiro Setor \u00e9 important\u00edssima. Eu conheci o trabalho que essa associa\u00e7\u00e3o desenvolve no Setor Norte, e \u00e9 um trabalho muito bonito, as pessoas ficam felizes por participar\u201d, reitera.<\/p>\n\n\n\n<p>O prefeito Robson Magela reitera que a Gest\u00e3o Municipal sempre vai apoiar o trabalho de entidades do Terceiro Setor em Arax\u00e1 que prestam um trabalho s\u00e9rio. \u201cA Administra\u00e7\u00e3o Municipal est\u00e1 muito feliz em poder contribuir com o trabalho por institui\u00e7\u00f5es como a Aephar desempenha. \u00c9 um papel fundamental no aux\u00edlio do Munic\u00edpio ao atendimento \u00e0 popula\u00e7\u00e3o, e nada mais justo que o Poder P\u00fablico contribua financeiramente para manter suas atividades\u201d, conclui o prefeito.<\/p>\n","protected":false},"excerpt":{"rendered":"<p>A Prefeitura de Arax\u00e1 firmou conv\u00eanio no valor de R$ 40.000 com a Associa\u00e7\u00e3o Educacional de Promo\u00e7\u00e3o Humana Araxaense (Aephar).<\/p>\n","protected":false},"author":2,"featured_media":2920,"comment_status":"open","ping_status":"open","sticky":false,"template":"","format":"standard","meta":{"footnotes":""},"categories":[9,8],"tags":[],"class_list":["post-2919","post","type-post","status-publish","format-standard","has-post-thumbnail","hentry","category-araxa","category-cidades"],"_links":{"self":[{"href":"http:\/\/blogdoarmindomaia.com.br\/index.php?rest_route=\/wp\/v2\/posts\/2919","targetHints":{"allow":["GET"]}}],"collection":[{"href":"http:\/\/blogdoarmindomaia.com.br\/index.php?rest_route=\/wp\/v2\/posts"}],"about":[{"href":"http:\/\/blogdoarmindomaia.com.br\/index.php?rest_route=\/wp\/v2\/types\/post"}],"author":[{"embeddable":true,"href":"http:\/\/blogdoarmindomaia.com.br\/index.php?rest_route=\/wp\/v2\/users\/2"}],"replies":[{"embeddable":true,"href":"http:\/\/blogdoarmindomaia.com.br\/index.php?rest_route=%2Fwp%2Fv2%2Fcomments&post=2919"}],"version-history":[{"count":1,"href":"http:\/\/blogdoarmindomaia.com.br\/index.php?rest_route=\/wp\/v2\/posts\/2919\/revisions"}],"predecessor-version":[{"id":2921,"href":"http:\/\/blogdoarmindomaia.com.br\/index.php?rest_route=\/wp\/v2\/posts\/2919\/revisions\/2921"}],"wp:featuredmedia":[{"embeddable":true,"href":"http:\/\/blogdoarmindomaia.com.br\/index.php?rest_route=\/wp\/v2\/media\/2920"}],"wp:attachment":[{"href":"http:\/\/blogdoarmindomaia.com.br\/index.php?rest_route=%2Fwp%2Fv2%2Fmedia&parent=2919"}],"wp:term":[{"taxonomy":"category","embeddable":true,"href":"http:\/\/blogdoarmindomaia.com.br\/index.php?rest_route=%2Fwp%2Fv2%2Fcategories&post=2919"},{"taxonomy":"post_tag","embeddable":true,"href":"http:\/\/blogdoarmindomaia.com.br\/index.php?rest_route=%2Fwp%2Fv2%2Ftags&post=2919"}],"curies":[{"name":"wp","href":"https:\/\/api.w.org\/{rel}","templated":true}]}}