{"id":2922,"date":"2022-10-05T11:40:02","date_gmt":"2022-10-05T14:40:02","guid":{"rendered":"http:\/\/blogdoarmindomaia.com.br\/?p=2922"},"modified":"2022-10-05T11:40:05","modified_gmt":"2022-10-05T14:40:05","slug":"encerrada-a-temporada-cimtb-2022","status":"publish","type":"post","link":"http:\/\/blogdoarmindomaia.com.br\/?p=2922","title":{"rendered":"Encerrada a temporada CIMTB 2022"},"content":{"rendered":"\n<figure class=\"wp-block-image size-full\"><img loading=\"lazy\" decoding=\"async\" width=\"640\" height=\"427\" src=\"http:\/\/blogdoarmindomaia.com.br\/wp-content\/uploads\/2022\/10\/Encerrada-a-temporada-CIMTB-2022-esportes.jpg\" alt=\"\" class=\"wp-image-2923\" srcset=\"http:\/\/blogdoarmindomaia.com.br\/wp-content\/uploads\/2022\/10\/Encerrada-a-temporada-CIMTB-2022-esportes.jpg 640w, http:\/\/blogdoarmindomaia.com.br\/wp-content\/uploads\/2022\/10\/Encerrada-a-temporada-CIMTB-2022-esportes-300x200.jpg 300w\" sizes=\"auto, (max-width: 640px) 100vw, 640px\" \/><\/figure>\n\n\n\n<p>\u00a0<em>(Cr\u00e9dito: Ultrafotos)<\/em><\/p>\n\n\n\n<p>Uma temporada hist\u00f3rica da Copa Internacional Michelin de Mountain Bike, talvez a mais emblem\u00e1tica em seus 26 anos de hist\u00f3ria, foi encerrada no \u00faltimo dia 25 em Congonhas (MG). No Parque Ecol\u00f3gico da Cachoeira, atletas de todo o pa\u00eds e da Am\u00e9rica do Sul participaram de uma verdadeira festa do MTB. Ao todo, 42 categorias definiram seus campe\u00f5es, com maiores destaques para Raiza Goul\u00e3o, em seu primeiro t\u00edtulo da CIMTB Michelin na carreira, e Jos\u00e9 Gabriel Marques, bicampe\u00e3o geral, os vencedores das Super Elites Feminina e Masculina, respectivamente.<\/p>\n\n\n\n<p>\u201cA temporada de 2022 foi espetacular, al\u00e9m do imagin\u00e1vel. Um ano hist\u00f3rico para o mountain bike brasileiro e mundial, e consequentemente para a CIMTB Michelin tamb\u00e9m. Organizamos a abertura da Copa do Mundo, em uma entrega espetacular. Em um ano de retomada neste momento de pandemia. Muitas pessoas felizes de estarem voltando, mas outras, de categorias composta por atletas mais velhos, que ainda n\u00e3o voltaram por um certo receio. Em 2023, acredito que ser\u00e1 o ano da normalidade ap\u00f3s a retomada nesta temporada que se encerra\u201d, comentou Rog\u00e9rio Bernardes, organizador do evento.<\/p>\n\n\n\n<p>\u201cEm 2023, temos v\u00e1rias situa\u00e7\u00f5es legais. Abertura com os 20 anos em Arax\u00e1, em uma grandiosa festa.<\/p>\n\n\n\n<p>&nbsp;<em>(Cr\u00e9dito: Ultrafotos)<\/em><\/p>\n","protected":false},"excerpt":{"rendered":"<p>\u00a0(Cr\u00e9dito: Ultrafotos) Uma temporada hist\u00f3rica da Copa Internacional Michelin de Mountain Bike, talvez a mais emblem\u00e1tica em seus 26 anos<\/p>\n","protected":false},"author":2,"featured_media":2923,"comment_status":"open","ping_status":"open","sticky":false,"template":"","format":"standard","meta":{"footnotes":""},"categories":[9,15],"tags":[],"class_list":["post-2922","post","type-post","status-publish","format-standard","has-post-thumbnail","hentry","category-araxa","category-esportes"],"_links":{"self":[{"href":"http:\/\/blogdoarmindomaia.com.br\/index.php?rest_route=\/wp\/v2\/posts\/2922","targetHints":{"allow":["GET"]}}],"collection":[{"href":"http:\/\/blogdoarmindomaia.com.br\/index.php?rest_route=\/wp\/v2\/posts"}],"about":[{"href":"http:\/\/blogdoarmindomaia.com.br\/index.php?rest_route=\/wp\/v2\/types\/post"}],"author":[{"embeddable":true,"href":"http:\/\/blogdoarmindomaia.com.br\/index.php?rest_route=\/wp\/v2\/users\/2"}],"replies":[{"embeddable":true,"href":"http:\/\/blogdoarmindomaia.com.br\/index.php?rest_route=%2Fwp%2Fv2%2Fcomments&post=2922"}],"version-history":[{"count":1,"href":"http:\/\/blogdoarmindomaia.com.br\/index.php?rest_route=\/wp\/v2\/posts\/2922\/revisions"}],"predecessor-version":[{"id":2924,"href":"http:\/\/blogdoarmindomaia.com.br\/index.php?rest_route=\/wp\/v2\/posts\/2922\/revisions\/2924"}],"wp:featuredmedia":[{"embeddable":true,"href":"http:\/\/blogdoarmindomaia.com.br\/index.php?rest_route=\/wp\/v2\/media\/2923"}],"wp:attachment":[{"href":"http:\/\/blogdoarmindomaia.com.br\/index.php?rest_route=%2Fwp%2Fv2%2Fmedia&parent=2922"}],"wp:term":[{"taxonomy":"category","embeddable":true,"href":"http:\/\/blogdoarmindomaia.com.br\/index.php?rest_route=%2Fwp%2Fv2%2Fcategories&post=2922"},{"taxonomy":"post_tag","embeddable":true,"href":"http:\/\/blogdoarmindomaia.com.br\/index.php?rest_route=%2Fwp%2Fv2%2Ftags&post=2922"}],"curies":[{"name":"wp","href":"https:\/\/api.w.org\/{rel}","templated":true}]}}