{"id":2925,"date":"2022-10-05T11:46:38","date_gmt":"2022-10-05T14:46:38","guid":{"rendered":"http:\/\/blogdoarmindomaia.com.br\/?p=2925"},"modified":"2022-10-05T11:46:40","modified_gmt":"2022-10-05T14:46:40","slug":"araxa-supera-a-meta-de-cobertura-vacinal-contra-a-poliomielite","status":"publish","type":"post","link":"http:\/\/blogdoarmindomaia.com.br\/?p=2925","title":{"rendered":"Arax\u00e1 supera a meta de cobertura vacinal contra a poliomielite"},"content":{"rendered":"\n<figure class=\"wp-block-image size-large\"><img loading=\"lazy\" decoding=\"async\" width=\"1024\" height=\"682\" src=\"http:\/\/blogdoarmindomaia.com.br\/wp-content\/uploads\/2022\/10\/Araxa-supera-a-meta-de-cobertura-vacinal-contra-a-poliomielite-pag-04-1024x682.jpg\" alt=\"\" class=\"wp-image-2926\" srcset=\"http:\/\/blogdoarmindomaia.com.br\/wp-content\/uploads\/2022\/10\/Araxa-supera-a-meta-de-cobertura-vacinal-contra-a-poliomielite-pag-04-1024x682.jpg 1024w, http:\/\/blogdoarmindomaia.com.br\/wp-content\/uploads\/2022\/10\/Araxa-supera-a-meta-de-cobertura-vacinal-contra-a-poliomielite-pag-04-300x200.jpg 300w, http:\/\/blogdoarmindomaia.com.br\/wp-content\/uploads\/2022\/10\/Araxa-supera-a-meta-de-cobertura-vacinal-contra-a-poliomielite-pag-04-768x512.jpg 768w, http:\/\/blogdoarmindomaia.com.br\/wp-content\/uploads\/2022\/10\/Araxa-supera-a-meta-de-cobertura-vacinal-contra-a-poliomielite-pag-04.jpg 1280w\" sizes=\"auto, (max-width: 1024px) 100vw, 1024px\" \/><\/figure>\n\n\n\n<p>Em Arax\u00e1, das 5.227 crian\u00e7as de 1 ano a menores de 5 anos que fazem parte do p\u00fablico-alvo da Campanha Nacional de Vacina\u00e7\u00e3o contra a Poliomielite, 5.072 j\u00e1 foram imunizadas, o que corresponde a 97% de doses aplicadas.<\/p>\n\n\n\n<p>O Minist\u00e9rio da Sa\u00fade colocou como meta 95% de imuniza\u00e7\u00e3o do p\u00fablico-alvo para atingir esse percentual. Para superar esse percentual, umas das estrat\u00e9gias da Prefeitura de Arax\u00e1 foi ter realizado, no m\u00eas de setembro, a mobiliza\u00e7\u00e3o em escolas e creches municipais.<\/p>\n\n\n\n<p>De acordo com a coordenadora de Imuniza\u00e7\u00e3o, \u00c9rica Fonseca, essa parceria com a Secretaria Municipal de Educa\u00e7\u00e3o fez toda a diferen\u00e7a para que a meta fosse atingida.<\/p>\n\n\n\n<p>\u201cArax\u00e1 conseguiu alcan\u00e7ar 97% da popula\u00e7\u00e3o apta a tomar a vacina da poliomielite, e isso foi poss\u00edvel com o apoio da Secretaria de Educa\u00e7\u00e3o, das enfermeiras das Estrat\u00e9gias de Sa\u00fade da Fam\u00edlia, da equipe de Vacina\u00e7\u00e3o e da Comunica\u00e7\u00e3o. Quero agradecer a todos, pois \u00e9 uma campanha de grande import\u00e2ncia e relev\u00e2ncia. A poliomielite \u00e9 uma doen\u00e7a grave, que j\u00e1 foi erradicada no pa\u00eds e precisamos evitar esse ressurgimento\u201d, explica.<\/p>\n\n\n\n<p>A Campanha Nacional de Vacina\u00e7\u00e3o Contra a Poliomielite foi prorrogada at\u00e9 o dia 21 de outubro. A imuniza\u00e7\u00e3o \u00e9 voltada para crian\u00e7as de 1 a 4 anos, 11 meses e 29 dias. Tamb\u00e9m para o mesmo per\u00edodo, foi prorrogada a Campanha de Multivacina\u00e7\u00e3o, que \u00e9 voltada para o p\u00fablico de 2 meses a menores de 15 anos.<\/p>\n\n\n\n<p>Em Arax\u00e1, a aplica\u00e7\u00e3o acontece, de segunda a sexta, nas Salas de Vacina da Unicentro, Unioeste, Unileste, Uninordeste e Uninorte, das 8h \u00e0s 16h; na Unisa e Unisul, das 8h \u00e0s 13h; e no ESF Max Neumann, das 12h30 \u00e0s 17h. Os menores devem estar acompanhados e levar a Certid\u00e3o de Nascimento ou RG, o Cart\u00e3o de Vacina e o Cart\u00e3o do&nbsp;SUS&nbsp;(se&nbsp;tiver).<\/p>\n\n\n\n<p>&#8212;<\/p>\n","protected":false},"excerpt":{"rendered":"<p>Em Arax\u00e1, das 5.227 crian\u00e7as de 1 ano a menores de 5 anos que fazem parte do p\u00fablico-alvo da Campanha<\/p>\n","protected":false},"author":2,"featured_media":2926,"comment_status":"open","ping_status":"open","sticky":false,"template":"","format":"standard","meta":{"footnotes":""},"categories":[9,29],"tags":[],"class_list":["post-2925","post","type-post","status-publish","format-standard","has-post-thumbnail","hentry","category-araxa","category-saude"],"_links":{"self":[{"href":"http:\/\/blogdoarmindomaia.com.br\/index.php?rest_route=\/wp\/v2\/posts\/2925","targetHints":{"allow":["GET"]}}],"collection":[{"href":"http:\/\/blogdoarmindomaia.com.br\/index.php?rest_route=\/wp\/v2\/posts"}],"about":[{"href":"http:\/\/blogdoarmindomaia.com.br\/index.php?rest_route=\/wp\/v2\/types\/post"}],"author":[{"embeddable":true,"href":"http:\/\/blogdoarmindomaia.com.br\/index.php?rest_route=\/wp\/v2\/users\/2"}],"replies":[{"embeddable":true,"href":"http:\/\/blogdoarmindomaia.com.br\/index.php?rest_route=%2Fwp%2Fv2%2Fcomments&post=2925"}],"version-history":[{"count":1,"href":"http:\/\/blogdoarmindomaia.com.br\/index.php?rest_route=\/wp\/v2\/posts\/2925\/revisions"}],"predecessor-version":[{"id":2927,"href":"http:\/\/blogdoarmindomaia.com.br\/index.php?rest_route=\/wp\/v2\/posts\/2925\/revisions\/2927"}],"wp:featuredmedia":[{"embeddable":true,"href":"http:\/\/blogdoarmindomaia.com.br\/index.php?rest_route=\/wp\/v2\/media\/2926"}],"wp:attachment":[{"href":"http:\/\/blogdoarmindomaia.com.br\/index.php?rest_route=%2Fwp%2Fv2%2Fmedia&parent=2925"}],"wp:term":[{"taxonomy":"category","embeddable":true,"href":"http:\/\/blogdoarmindomaia.com.br\/index.php?rest_route=%2Fwp%2Fv2%2Fcategories&post=2925"},{"taxonomy":"post_tag","embeddable":true,"href":"http:\/\/blogdoarmindomaia.com.br\/index.php?rest_route=%2Fwp%2Fv2%2Ftags&post=2925"}],"curies":[{"name":"wp","href":"https:\/\/api.w.org\/{rel}","templated":true}]}}