{"id":2928,"date":"2022-10-05T15:29:21","date_gmt":"2022-10-05T18:29:21","guid":{"rendered":"http:\/\/blogdoarmindomaia.com.br\/?p=2928"},"modified":"2022-10-05T15:29:23","modified_gmt":"2022-10-05T18:29:23","slug":"araxa-vai-sediar-mais-um-rally-de-regularidade","status":"publish","type":"post","link":"http:\/\/blogdoarmindomaia.com.br\/?p=2928","title":{"rendered":"Arax\u00e1 vai sediar mais um Rally de Regularidade"},"content":{"rendered":"\n<figure class=\"wp-block-image size-large\"><img loading=\"lazy\" decoding=\"async\" width=\"1024\" height=\"682\" src=\"http:\/\/blogdoarmindomaia.com.br\/wp-content\/uploads\/2022\/10\/Araxa-sediar-mais-um-Rally-de-regularidade-pag-09-1024x682.jpg\" alt=\"\" class=\"wp-image-2929\" srcset=\"http:\/\/blogdoarmindomaia.com.br\/wp-content\/uploads\/2022\/10\/Araxa-sediar-mais-um-Rally-de-regularidade-pag-09-1024x682.jpg 1024w, http:\/\/blogdoarmindomaia.com.br\/wp-content\/uploads\/2022\/10\/Araxa-sediar-mais-um-Rally-de-regularidade-pag-09-300x200.jpg 300w, http:\/\/blogdoarmindomaia.com.br\/wp-content\/uploads\/2022\/10\/Araxa-sediar-mais-um-Rally-de-regularidade-pag-09-768x512.jpg 768w, http:\/\/blogdoarmindomaia.com.br\/wp-content\/uploads\/2022\/10\/Araxa-sediar-mais-um-Rally-de-regularidade-pag-09.jpg 1280w\" sizes=\"auto, (max-width: 1024px) 100vw, 1024px\" \/><\/figure>\n\n\n\n<p>A prova j\u00e1 tem data definida e vai reunir carros e motos.&nbsp; J\u00e1 est\u00e3o abertas as inscri\u00e7\u00f5es para o Rally de Regularidade que ser\u00e1 realizado em Arax\u00e1, no pr\u00f3ximo dia 29 de outubro (s\u00e1bado). O evento vai reunir carros e motos e ter\u00e1 uma ampla programa\u00e7\u00e3o art\u00edstica e cultural para os participantes inscritos. A realiza\u00e7\u00e3o \u00e9 do Cerrado Minas Rally comandada pelo Daniel Boi.&nbsp; Em entrevista ao Jornal Intera\u00e7\u00e3o, Daniel disse que, \u201c era para ser um evento de porte menor para frecharmos a temporada 2022, mas a gente n\u00e3o consegue realizar eventos pequenos. O Rally ter\u00e1 o mesmo&nbsp; padr\u00e3o do evento que aconteceu&nbsp; em agosto. N\u00f3s j\u00e1 estamos com uma programa\u00e7\u00e3o bem definida e cheia de atra\u00e7\u00f5es, como: show musical com a Banda Shots, gastronomia requintada e variada e muita divers\u00e3o.\u201d Ainda de acordo com Daniel, \u201c nossa inten\u00e7\u00e3o e tornar o evento tradicional em Arax\u00e1 e realizar v\u00e1rias etapas a partir do ano de 2023. N\u00f3s j\u00e1 estamos estruturando o Rally do Cerrado para que ganha for\u00e7a e fique definitivamente em Arax\u00e1. Este evento de agora seria como um \u2018confraRally\u201d, que seria uma prova-festa de encerramento para coroar toda a temporada realizada. N\u00f3s j\u00e1 estamos com quase 20 equipes inscritas para participar desta prova do dia 29 de outubro e como ser\u00e1 um rally limitado, n\u00f3s estamos esperando 40 equipes no m\u00e1ximo\u201d.<\/p>\n\n\n\n<p>A largada ser\u00e1 do Bull Alto Pe\u00e7as e a chegada ser\u00e1 no Girassol Clube de Campo com festa. A prova ter\u00e1 uma m\u00e9dia de 85 quil\u00f4metros. A organiza\u00e7\u00e3o da prova far\u00e1 duas aulas de navega\u00e7\u00e3o para os pilotos inscritos ( iniciantes e experientes).<\/p>\n\n\n\n<p>Mais que um evento esportivo e competitivo, o Rally ter\u00e1 um grande diferencial;&nbsp; ser\u00e1 uma prova para todos os pilotos;&nbsp; dos mais experientes at\u00e9 os iniciantes. Como forma de garantir a todos os participantes,&nbsp; seguran\u00e7a e orienta\u00e7\u00f5es b\u00e1sicas e&nbsp; no\u00e7\u00f5es da prova, a organiza\u00e7\u00e3o do evento vai ministrar aos pilotos uma aula de navega\u00e7\u00e3o.<\/p>\n\n\n\n<p>Poder\u00e3o se inscrever e participar do Rally, carros, motos, UTV, 4X4 e caminhonetes.<\/p>\n\n\n\n<p>A competi\u00e7\u00e3o ser\u00e1 uma prova automobil\u00edstica na categoria RAID (Regularidade Absoluta em Itiner\u00e1rio Desconhecido) e que tem como objetivo desenvolver a capacidade do piloto e navegador em manter m\u00e9dias hor\u00e1rias estabelecidas&nbsp; e seguir o roteiro at\u00e9 o destino final da prova. Exige per\u00edcia, capacidade de c\u00e1lculo e racioc\u00ednio, necessitando um excelente entrosamento entre piloto e o navegador. A prova ser\u00e1 cercada de seguran\u00e7a, a planilha e aula de navega\u00e7\u00e3o, garantem que todos ter\u00e3o a oportunidade de participar do evento e se divertir com seguran\u00e7a.<\/p>\n\n\n\n<p>&nbsp;Os interessados em participar da competi\u00e7\u00e3o podem entrar em contato pelo telefone:<\/p>\n\n\n\n<p>34 -9 9830 5273&nbsp; &nbsp;&nbsp;<\/p>\n","protected":false},"excerpt":{"rendered":"<p>A prova j\u00e1 tem data definida e vai reunir carros e motos.&nbsp; J\u00e1 est\u00e3o abertas as inscri\u00e7\u00f5es para o Rally<\/p>\n","protected":false},"author":2,"featured_media":2929,"comment_status":"open","ping_status":"open","sticky":false,"template":"","format":"standard","meta":{"footnotes":""},"categories":[9,11,15],"tags":[],"class_list":["post-2928","post","type-post","status-publish","format-standard","has-post-thumbnail","hentry","category-araxa","category-destaques","category-esportes"],"_links":{"self":[{"href":"http:\/\/blogdoarmindomaia.com.br\/index.php?rest_route=\/wp\/v2\/posts\/2928","targetHints":{"allow":["GET"]}}],"collection":[{"href":"http:\/\/blogdoarmindomaia.com.br\/index.php?rest_route=\/wp\/v2\/posts"}],"about":[{"href":"http:\/\/blogdoarmindomaia.com.br\/index.php?rest_route=\/wp\/v2\/types\/post"}],"author":[{"embeddable":true,"href":"http:\/\/blogdoarmindomaia.com.br\/index.php?rest_route=\/wp\/v2\/users\/2"}],"replies":[{"embeddable":true,"href":"http:\/\/blogdoarmindomaia.com.br\/index.php?rest_route=%2Fwp%2Fv2%2Fcomments&post=2928"}],"version-history":[{"count":1,"href":"http:\/\/blogdoarmindomaia.com.br\/index.php?rest_route=\/wp\/v2\/posts\/2928\/revisions"}],"predecessor-version":[{"id":2930,"href":"http:\/\/blogdoarmindomaia.com.br\/index.php?rest_route=\/wp\/v2\/posts\/2928\/revisions\/2930"}],"wp:featuredmedia":[{"embeddable":true,"href":"http:\/\/blogdoarmindomaia.com.br\/index.php?rest_route=\/wp\/v2\/media\/2929"}],"wp:attachment":[{"href":"http:\/\/blogdoarmindomaia.com.br\/index.php?rest_route=%2Fwp%2Fv2%2Fmedia&parent=2928"}],"wp:term":[{"taxonomy":"category","embeddable":true,"href":"http:\/\/blogdoarmindomaia.com.br\/index.php?rest_route=%2Fwp%2Fv2%2Fcategories&post=2928"},{"taxonomy":"post_tag","embeddable":true,"href":"http:\/\/blogdoarmindomaia.com.br\/index.php?rest_route=%2Fwp%2Fv2%2Ftags&post=2928"}],"curies":[{"name":"wp","href":"https:\/\/api.w.org\/{rel}","templated":true}]}}