{"id":2931,"date":"2022-10-06T15:35:55","date_gmt":"2022-10-06T18:35:55","guid":{"rendered":"http:\/\/blogdoarmindomaia.com.br\/?p=2931"},"modified":"2022-10-06T15:35:57","modified_gmt":"2022-10-06T18:35:57","slug":"retomados-os-atendimentos-medicos-na-boca-da-mata","status":"publish","type":"post","link":"http:\/\/blogdoarmindomaia.com.br\/?p=2931","title":{"rendered":"Retomados os atendimentos m\u00e9dicos na\u00a0 Boca da Mata"},"content":{"rendered":"\n<figure class=\"wp-block-image size-full\"><img loading=\"lazy\" decoding=\"async\" width=\"1024\" height=\"683\" src=\"http:\/\/blogdoarmindomaia.com.br\/wp-content\/uploads\/2022\/10\/boca-da-mata-3.jpeg\" alt=\"\" class=\"wp-image-2932\" srcset=\"http:\/\/blogdoarmindomaia.com.br\/wp-content\/uploads\/2022\/10\/boca-da-mata-3.jpeg 1024w, http:\/\/blogdoarmindomaia.com.br\/wp-content\/uploads\/2022\/10\/boca-da-mata-3-300x200.jpeg 300w, http:\/\/blogdoarmindomaia.com.br\/wp-content\/uploads\/2022\/10\/boca-da-mata-3-768x512.jpeg 768w\" sizes=\"auto, (max-width: 1024px) 100vw, 1024px\" \/><\/figure>\n\n\n\n<p>A Secretaria Municipal de Sa\u00fade retomou os atendimentos m\u00e9dicos do projeto Conex\u00e3o Rural na Comunidade da Boca da Mata. As consultas, realizadas na Escola Municipal Jos\u00e9 Bento, buscam oferecer mais acesso \u00e0 sa\u00fade, al\u00e9m de uma proximidade maior com os pacientes. As primeiras consultas dessa retomada foram realizadas nesta quarta-feira (5). A Secret\u00e1ria Municipal de Sa\u00fade, Cristiane Gon\u00e7alves Pereira, reitera sobre a amplia\u00e7\u00e3o do acesso \u00e0 sa\u00fade que tem sido realizada pela gest\u00e3o. \u201cEsses atendimentos v\u00eam colaborar com esse pensamento, com essa diretriz. A inten\u00e7\u00e3o \u00e9 garantir o acesso a qualquer tipo de popula\u00e7\u00e3o, seja ela urbana ou rural&#8221;, destaca. Os atendimentos do projeto Conex\u00e3o Rural s\u00e3o realizados de acordo com um cronograma de datas estabelecido, sempre das 8h \u00e0s 14h.<\/p>\n","protected":false},"excerpt":{"rendered":"<p>A Secretaria Municipal de Sa\u00fade retomou os atendimentos m\u00e9dicos do projeto Conex\u00e3o Rural na Comunidade da Boca da Mata. As<\/p>\n","protected":false},"author":2,"featured_media":2932,"comment_status":"open","ping_status":"open","sticky":false,"template":"","format":"standard","meta":{"footnotes":""},"categories":[9,29],"tags":[],"class_list":["post-2931","post","type-post","status-publish","format-standard","has-post-thumbnail","hentry","category-araxa","category-saude"],"_links":{"self":[{"href":"http:\/\/blogdoarmindomaia.com.br\/index.php?rest_route=\/wp\/v2\/posts\/2931","targetHints":{"allow":["GET"]}}],"collection":[{"href":"http:\/\/blogdoarmindomaia.com.br\/index.php?rest_route=\/wp\/v2\/posts"}],"about":[{"href":"http:\/\/blogdoarmindomaia.com.br\/index.php?rest_route=\/wp\/v2\/types\/post"}],"author":[{"embeddable":true,"href":"http:\/\/blogdoarmindomaia.com.br\/index.php?rest_route=\/wp\/v2\/users\/2"}],"replies":[{"embeddable":true,"href":"http:\/\/blogdoarmindomaia.com.br\/index.php?rest_route=%2Fwp%2Fv2%2Fcomments&post=2931"}],"version-history":[{"count":1,"href":"http:\/\/blogdoarmindomaia.com.br\/index.php?rest_route=\/wp\/v2\/posts\/2931\/revisions"}],"predecessor-version":[{"id":2933,"href":"http:\/\/blogdoarmindomaia.com.br\/index.php?rest_route=\/wp\/v2\/posts\/2931\/revisions\/2933"}],"wp:featuredmedia":[{"embeddable":true,"href":"http:\/\/blogdoarmindomaia.com.br\/index.php?rest_route=\/wp\/v2\/media\/2932"}],"wp:attachment":[{"href":"http:\/\/blogdoarmindomaia.com.br\/index.php?rest_route=%2Fwp%2Fv2%2Fmedia&parent=2931"}],"wp:term":[{"taxonomy":"category","embeddable":true,"href":"http:\/\/blogdoarmindomaia.com.br\/index.php?rest_route=%2Fwp%2Fv2%2Fcategories&post=2931"},{"taxonomy":"post_tag","embeddable":true,"href":"http:\/\/blogdoarmindomaia.com.br\/index.php?rest_route=%2Fwp%2Fv2%2Ftags&post=2931"}],"curies":[{"name":"wp","href":"https:\/\/api.w.org\/{rel}","templated":true}]}}