{"id":2961,"date":"2022-10-07T16:19:01","date_gmt":"2022-10-07T19:19:01","guid":{"rendered":"http:\/\/blogdoarmindomaia.com.br\/?p=2961"},"modified":"2022-10-07T16:19:03","modified_gmt":"2022-10-07T19:19:03","slug":"prefeitura-de-araxa-promove-atendimentos-em-saude-bucal-aos-sabados-pelo-projeto-mes-da-crianca-odontologia","status":"publish","type":"post","link":"http:\/\/blogdoarmindomaia.com.br\/?p=2961","title":{"rendered":"<strong>Prefeitura de Arax\u00e1 promove atendimentos em sa\u00fade bucal aos s\u00e1bados pelo projeto M\u00eas da Crian\u00e7a Odontologia<br><\/strong><br>"},"content":{"rendered":"\n<figure class=\"wp-block-image size-full\"><img loading=\"lazy\" decoding=\"async\" width=\"1024\" height=\"683\" src=\"http:\/\/blogdoarmindomaia.com.br\/wp-content\/uploads\/2022\/10\/odontologia-infantil.jpeg\" alt=\"\" class=\"wp-image-2962\" srcset=\"http:\/\/blogdoarmindomaia.com.br\/wp-content\/uploads\/2022\/10\/odontologia-infantil.jpeg 1024w, http:\/\/blogdoarmindomaia.com.br\/wp-content\/uploads\/2022\/10\/odontologia-infantil-300x200.jpeg 300w, http:\/\/blogdoarmindomaia.com.br\/wp-content\/uploads\/2022\/10\/odontologia-infantil-768x512.jpeg 768w\" sizes=\"auto, (max-width: 1024px) 100vw, 1024px\" \/><\/figure>\n\n\n\n<p>No m\u00eas de outubro \u00e9 comemorado o Dia das Crian\u00e7as. Pensando nisso, a Secretaria Municipal de Sa\u00fade desenvolveu o projeto \u201cM\u00eas da Crian\u00e7a Odontologia\u201d, que promove a aten\u00e7\u00e3o em sa\u00fade bucal para esse p\u00fablico. O objetivo \u00e9 examinar crian\u00e7as de at\u00e9 12 anos para diagnosticar a condi\u00e7\u00e3o bucal e, se necess\u00e1rio, orientar e encaminhar para um tratamento adequado.<br><br>Os atendimentos compreendem exame cl\u00ednico, profilaxia e aplica\u00e7\u00e3o t\u00f3pica de fl\u00faor, entrega de escovas de dente, levantamento de necessidades e orienta\u00e7\u00e3o dos pais para o agendamento do tratamento. Al\u00e9m disso, a iniciativa conta com palestras educativas para crian\u00e7as e pais.<br><br>Os atendimentos acontecem aos s\u00e1bados do m\u00eas (exceto o dia 29). De acordo com a coordenadora de Odontologia, Ana Theresa Leite Scussel, os cuidados com os dentes devem come\u00e7ar o mais cedo poss\u00edvel, pois quanto antes for desenvolvida a preven\u00e7\u00e3o odontol\u00f3gica, mais cedo a crian\u00e7a constr\u00f3i o h\u00e1bito de cuidados.<br><br>\u201cEsse projeto se aplica a crian\u00e7as de at\u00e9 12 anos e inclui procedimentos preventivos como limpeza e aplica\u00e7\u00e3o de fl\u00faor, orienta\u00e7\u00e3o de higiene bucal e orienta\u00e7\u00e3o aos pais da import\u00e2ncia de procurar o dentista para o seu filho. Cuidar de crian\u00e7as, investindo em preven\u00e7\u00e3o e educa\u00e7\u00e3o para a sa\u00fade, auxiliar\u00e1 na forma\u00e7\u00e3o de adultos mais saud\u00e1veis e conscientes da import\u00e2ncia sobre a sa\u00fade bucal\u201d, refor\u00e7a.<br><br><strong>Atendimentos<br><\/strong><br>&nbsp;&#8211; 8 de outubro: Unioeste, das 7h \u00e0s 11h;<br><br>&#8211; 15 de outubro: Unicentro, das 7h \u00e0s 11h;<br><br>&#8211; 22 de outubro: Uninordeste e ESF Max Neumann, das 7h \u00e0s 11h.<\/p>\n","protected":false},"excerpt":{"rendered":"<p>No m\u00eas de outubro \u00e9 comemorado o Dia das Crian\u00e7as. Pensando nisso, a Secretaria Municipal de Sa\u00fade desenvolveu o projeto<\/p>\n","protected":false},"author":2,"featured_media":2962,"comment_status":"open","ping_status":"open","sticky":false,"template":"","format":"standard","meta":{"footnotes":""},"categories":[9,29],"tags":[],"class_list":["post-2961","post","type-post","status-publish","format-standard","has-post-thumbnail","hentry","category-araxa","category-saude"],"_links":{"self":[{"href":"http:\/\/blogdoarmindomaia.com.br\/index.php?rest_route=\/wp\/v2\/posts\/2961","targetHints":{"allow":["GET"]}}],"collection":[{"href":"http:\/\/blogdoarmindomaia.com.br\/index.php?rest_route=\/wp\/v2\/posts"}],"about":[{"href":"http:\/\/blogdoarmindomaia.com.br\/index.php?rest_route=\/wp\/v2\/types\/post"}],"author":[{"embeddable":true,"href":"http:\/\/blogdoarmindomaia.com.br\/index.php?rest_route=\/wp\/v2\/users\/2"}],"replies":[{"embeddable":true,"href":"http:\/\/blogdoarmindomaia.com.br\/index.php?rest_route=%2Fwp%2Fv2%2Fcomments&post=2961"}],"version-history":[{"count":1,"href":"http:\/\/blogdoarmindomaia.com.br\/index.php?rest_route=\/wp\/v2\/posts\/2961\/revisions"}],"predecessor-version":[{"id":2963,"href":"http:\/\/blogdoarmindomaia.com.br\/index.php?rest_route=\/wp\/v2\/posts\/2961\/revisions\/2963"}],"wp:featuredmedia":[{"embeddable":true,"href":"http:\/\/blogdoarmindomaia.com.br\/index.php?rest_route=\/wp\/v2\/media\/2962"}],"wp:attachment":[{"href":"http:\/\/blogdoarmindomaia.com.br\/index.php?rest_route=%2Fwp%2Fv2%2Fmedia&parent=2961"}],"wp:term":[{"taxonomy":"category","embeddable":true,"href":"http:\/\/blogdoarmindomaia.com.br\/index.php?rest_route=%2Fwp%2Fv2%2Fcategories&post=2961"},{"taxonomy":"post_tag","embeddable":true,"href":"http:\/\/blogdoarmindomaia.com.br\/index.php?rest_route=%2Fwp%2Fv2%2Ftags&post=2961"}],"curies":[{"name":"wp","href":"https:\/\/api.w.org\/{rel}","templated":true}]}}