{"id":2967,"date":"2022-10-07T16:46:45","date_gmt":"2022-10-07T19:46:45","guid":{"rendered":"http:\/\/blogdoarmindomaia.com.br\/?p=2967"},"modified":"2022-10-07T16:46:47","modified_gmt":"2022-10-07T19:46:47","slug":"fliaraxa-2022-encerra-a-exposicao-muros-invisiveis","status":"publish","type":"post","link":"http:\/\/blogdoarmindomaia.com.br\/?p=2967","title":{"rendered":"Fliarax\u00e1 2022 encerra a exposi\u00e7\u00e3o Muros Invis\u00edveis&#8221;"},"content":{"rendered":"\n<figure class=\"wp-block-image size-large\"><img loading=\"lazy\" decoding=\"async\" width=\"682\" height=\"1024\" src=\"http:\/\/blogdoarmindomaia.com.br\/wp-content\/uploads\/2022\/10\/foto-Gabriel-Andrade-de-Paula-682x1024.jpeg\" alt=\"\" class=\"wp-image-2968\" srcset=\"http:\/\/blogdoarmindomaia.com.br\/wp-content\/uploads\/2022\/10\/foto-Gabriel-Andrade-de-Paula-682x1024.jpeg 682w, http:\/\/blogdoarmindomaia.com.br\/wp-content\/uploads\/2022\/10\/foto-Gabriel-Andrade-de-Paula-200x300.jpeg 200w, http:\/\/blogdoarmindomaia.com.br\/wp-content\/uploads\/2022\/10\/foto-Gabriel-Andrade-de-Paula-768x1152.jpeg 768w, http:\/\/blogdoarmindomaia.com.br\/wp-content\/uploads\/2022\/10\/foto-Gabriel-Andrade-de-Paula.jpeg 853w\" sizes=\"auto, (max-width: 682px) 100vw, 682px\" \/><\/figure>\n\n\n\n<p>Aconteceu no \u00faltimo dia 28 de setembro, a desmontagem da exposi\u00e7\u00e3o \u201cMuros Invis\u00edveis\u201d, que fez parte da programa\u00e7\u00e3o do 10.\u00b0 Festival Liter\u00e1rio de Arax\u00e1 (Fliarax\u00e1), ocupando as ruas do Centro de Arax\u00e1 durante o m\u00eas de maio, per\u00edodo que aconteceu o festival e, depois, seguiu para o Parque do Cristo, durante os meses de junho a setembro de 2022. Com este encerramento, o Fliarax\u00e1 finalizou as atividades realizadas pelo festival em 2022 e anunciou a data da pr\u00f3xima edi\u00e7\u00e3o do evento, confirmado para 21 a 25 de junho de 2023, quarta a domingo.&nbsp;<\/p>\n\n\n\n<p>In\u00e9dita, a exposi\u00e7\u00e3o foi composta por fotografias de 42 afroempreendedores&nbsp;da cidade de Arax\u00e1, registradas pelo fot\u00f3grafo Gabriel Andrade de Paula. As imagens foram exibidas em 23 totens, com cerca de dois metros de altura cada um. Com a desmontagem, cada personagem fotografado vai ser presenteado com o seu retrato.<\/p>\n\n\n\n<p>A mostra tem curadoria de Carlos Vin\u00edcius Santos, do Centro de Refer\u00eancia da Cultura Negra de Arax\u00e1,&nbsp;&nbsp;e Marisa Rufino, educadora social, faz parte da lideran\u00e7a da Central \u00danica Das Favelas \u2013 Cufa \u2013 em Arax\u00e1.<\/p>\n\n\n\n<p>A exposi\u00e7\u00e3o foi montada seguindo a tem\u00e1tica do Fliarax\u00e1, \u201cAboli\u00e7\u00e3o, Independ\u00eancia e Literatura\u201d e teve por objetivo dar visibilidade ao afroempreendedorismo e ao protagonismo do povo negro, al\u00e9m de romper com preconceitos relacionados a quest\u00f5es de ra\u00e7a e sexualidade.<\/p>\n\n\n\n<p>\u00a0\u00a0<\/p>\n","protected":false},"excerpt":{"rendered":"<p>Aconteceu no \u00faltimo dia 28 de setembro, a desmontagem da exposi\u00e7\u00e3o \u201cMuros Invis\u00edveis\u201d, que fez parte da programa\u00e7\u00e3o do 10.\u00b0<\/p>\n","protected":false},"author":2,"featured_media":2968,"comment_status":"open","ping_status":"open","sticky":false,"template":"","format":"standard","meta":{"footnotes":""},"categories":[9,5],"tags":[],"class_list":["post-2967","post","type-post","status-publish","format-standard","has-post-thumbnail","hentry","category-araxa","category-arte-e-cultura"],"_links":{"self":[{"href":"http:\/\/blogdoarmindomaia.com.br\/index.php?rest_route=\/wp\/v2\/posts\/2967","targetHints":{"allow":["GET"]}}],"collection":[{"href":"http:\/\/blogdoarmindomaia.com.br\/index.php?rest_route=\/wp\/v2\/posts"}],"about":[{"href":"http:\/\/blogdoarmindomaia.com.br\/index.php?rest_route=\/wp\/v2\/types\/post"}],"author":[{"embeddable":true,"href":"http:\/\/blogdoarmindomaia.com.br\/index.php?rest_route=\/wp\/v2\/users\/2"}],"replies":[{"embeddable":true,"href":"http:\/\/blogdoarmindomaia.com.br\/index.php?rest_route=%2Fwp%2Fv2%2Fcomments&post=2967"}],"version-history":[{"count":1,"href":"http:\/\/blogdoarmindomaia.com.br\/index.php?rest_route=\/wp\/v2\/posts\/2967\/revisions"}],"predecessor-version":[{"id":2969,"href":"http:\/\/blogdoarmindomaia.com.br\/index.php?rest_route=\/wp\/v2\/posts\/2967\/revisions\/2969"}],"wp:featuredmedia":[{"embeddable":true,"href":"http:\/\/blogdoarmindomaia.com.br\/index.php?rest_route=\/wp\/v2\/media\/2968"}],"wp:attachment":[{"href":"http:\/\/blogdoarmindomaia.com.br\/index.php?rest_route=%2Fwp%2Fv2%2Fmedia&parent=2967"}],"wp:term":[{"taxonomy":"category","embeddable":true,"href":"http:\/\/blogdoarmindomaia.com.br\/index.php?rest_route=%2Fwp%2Fv2%2Fcategories&post=2967"},{"taxonomy":"post_tag","embeddable":true,"href":"http:\/\/blogdoarmindomaia.com.br\/index.php?rest_route=%2Fwp%2Fv2%2Ftags&post=2967"}],"curies":[{"name":"wp","href":"https:\/\/api.w.org\/{rel}","templated":true}]}}