{"id":2979,"date":"2022-10-08T00:18:08","date_gmt":"2022-10-08T03:18:08","guid":{"rendered":"http:\/\/blogdoarmindomaia.com.br\/?p=2979"},"modified":"2022-10-08T00:18:11","modified_gmt":"2022-10-08T03:18:11","slug":"o-mineres-a-melhor-comida-mineira-de-araxa-agora-tem-novidades","status":"publish","type":"post","link":"http:\/\/blogdoarmindomaia.com.br\/?p=2979","title":{"rendered":"O MINER\u00caS: A melhor comida mineira de Arax\u00e1, agora tem novidades!"},"content":{"rendered":"\n<figure class=\"wp-block-image size-large is-style-default\"><img loading=\"lazy\" decoding=\"async\" width=\"1024\" height=\"1024\" src=\"http:\/\/blogdoarmindomaia.com.br\/wp-content\/uploads\/2022\/10\/mINERES-MASSAS-E-MEXIDO-1024x1024.jpg\" alt=\"\" class=\"wp-image-2980\" srcset=\"http:\/\/blogdoarmindomaia.com.br\/wp-content\/uploads\/2022\/10\/mINERES-MASSAS-E-MEXIDO-1024x1024.jpg 1024w, http:\/\/blogdoarmindomaia.com.br\/wp-content\/uploads\/2022\/10\/mINERES-MASSAS-E-MEXIDO-300x300.jpg 300w, http:\/\/blogdoarmindomaia.com.br\/wp-content\/uploads\/2022\/10\/mINERES-MASSAS-E-MEXIDO-150x150.jpg 150w, http:\/\/blogdoarmindomaia.com.br\/wp-content\/uploads\/2022\/10\/mINERES-MASSAS-E-MEXIDO-768x768.jpg 768w, http:\/\/blogdoarmindomaia.com.br\/wp-content\/uploads\/2022\/10\/mINERES-MASSAS-E-MEXIDO.jpg 1080w\" sizes=\"auto, (max-width: 1024px) 100vw, 1024px\" \/><\/figure>\n\n\n\n<p>A PARTIR DE DOMINGO (09\/10) O MINER\u00caS TER\u00c1 NOVIDADES!<\/p>\n\n\n\n<p>Mexidos e Massas do MINER\u00caS!!!<\/p>\n\n\n\n<p>Palavra do Chef Daniel Paiva&#8230;<\/p>\n\n\n\n<p>Confira:<\/p>\n\n\n\n<p>&#8220;Nossa nova proposta traz mais sabor \u00e0 sua refei\u00e7\u00e3o seja no almo\u00e7o ou jantar.<\/p>\n\n\n\n<p>Temos um novo card\u00e1pio e novo hor\u00e1rio de atendimento.<br>Nosso jeitinho Mineiro de fazer comida gostosa vai explorar dois ingredientes que todo mundo adora e que combina com muita coisa boa. E \u00e9 essa combina\u00e7\u00e3o e mistura que vai fazer voc\u00ea se apaixonar ainda mais pelos pratos do MINER\u00caS.<\/p>\n\n\n\n<p>O arroz e o macarr\u00e3o s\u00e3o os astros dessa nova aventura gastron\u00f4mica.<\/p>\n\n\n\n<p>Nossa proposta continua sendo extrair dos ingredientes mais simples o melhor sabor da comida caseira, atrav\u00e9s de qualidade, criatividade, tempero e bom gosto.<\/p>\n\n\n\n<p>Espia s\u00f3, quanta gostosura no nosso CARD\u00c1PIO on line!!!<br>https:\/\/mineresgastronomia.pedzap.com.br<\/p>\n\n\n\n<p>ou pelo nosso whatsapp 34 98812-9761&#8243;<\/p>\n\n\n\n<p>IMPERD\u00cdVEL MESMO!<\/p>\n","protected":false},"excerpt":{"rendered":"<p>A PARTIR DE DOMINGO (09\/10) O MINER\u00caS TER\u00c1 NOVIDADES! Mexidos e Massas do MINER\u00caS!!! Palavra do Chef Daniel Paiva&#8230; Confira:<\/p>\n","protected":false},"author":2,"featured_media":2980,"comment_status":"open","ping_status":"open","sticky":false,"template":"","format":"standard","meta":{"footnotes":""},"categories":[9,11,16],"tags":[],"class_list":["post-2979","post","type-post","status-publish","format-standard","has-post-thumbnail","hentry","category-araxa","category-destaques","category-gastronomia"],"_links":{"self":[{"href":"http:\/\/blogdoarmindomaia.com.br\/index.php?rest_route=\/wp\/v2\/posts\/2979","targetHints":{"allow":["GET"]}}],"collection":[{"href":"http:\/\/blogdoarmindomaia.com.br\/index.php?rest_route=\/wp\/v2\/posts"}],"about":[{"href":"http:\/\/blogdoarmindomaia.com.br\/index.php?rest_route=\/wp\/v2\/types\/post"}],"author":[{"embeddable":true,"href":"http:\/\/blogdoarmindomaia.com.br\/index.php?rest_route=\/wp\/v2\/users\/2"}],"replies":[{"embeddable":true,"href":"http:\/\/blogdoarmindomaia.com.br\/index.php?rest_route=%2Fwp%2Fv2%2Fcomments&post=2979"}],"version-history":[{"count":1,"href":"http:\/\/blogdoarmindomaia.com.br\/index.php?rest_route=\/wp\/v2\/posts\/2979\/revisions"}],"predecessor-version":[{"id":2981,"href":"http:\/\/blogdoarmindomaia.com.br\/index.php?rest_route=\/wp\/v2\/posts\/2979\/revisions\/2981"}],"wp:featuredmedia":[{"embeddable":true,"href":"http:\/\/blogdoarmindomaia.com.br\/index.php?rest_route=\/wp\/v2\/media\/2980"}],"wp:attachment":[{"href":"http:\/\/blogdoarmindomaia.com.br\/index.php?rest_route=%2Fwp%2Fv2%2Fmedia&parent=2979"}],"wp:term":[{"taxonomy":"category","embeddable":true,"href":"http:\/\/blogdoarmindomaia.com.br\/index.php?rest_route=%2Fwp%2Fv2%2Fcategories&post=2979"},{"taxonomy":"post_tag","embeddable":true,"href":"http:\/\/blogdoarmindomaia.com.br\/index.php?rest_route=%2Fwp%2Fv2%2Ftags&post=2979"}],"curies":[{"name":"wp","href":"https:\/\/api.w.org\/{rel}","templated":true}]}}