{"id":2982,"date":"2022-10-10T14:53:26","date_gmt":"2022-10-10T17:53:26","guid":{"rendered":"http:\/\/blogdoarmindomaia.com.br\/?p=2982"},"modified":"2022-10-10T14:53:28","modified_gmt":"2022-10-10T17:53:28","slug":"procon-araxa-abre-vagas-de-estagio-para-estudantes-de-direito","status":"publish","type":"post","link":"http:\/\/blogdoarmindomaia.com.br\/?p=2982","title":{"rendered":"Procon Arax\u00e1 abre vagas de est\u00e1gio para estudantes de Direito"},"content":{"rendered":"\n<figure class=\"wp-block-image size-full\"><img loading=\"lazy\" decoding=\"async\" width=\"1024\" height=\"683\" src=\"http:\/\/blogdoarmindomaia.com.br\/wp-content\/uploads\/2022\/10\/Procon-Araxa-abre-vagas-de-estagio-para-estudantes-de-Direito-pag-08.jpeg\" alt=\"\" class=\"wp-image-2983\" srcset=\"http:\/\/blogdoarmindomaia.com.br\/wp-content\/uploads\/2022\/10\/Procon-Araxa-abre-vagas-de-estagio-para-estudantes-de-Direito-pag-08.jpeg 1024w, http:\/\/blogdoarmindomaia.com.br\/wp-content\/uploads\/2022\/10\/Procon-Araxa-abre-vagas-de-estagio-para-estudantes-de-Direito-pag-08-300x200.jpeg 300w, http:\/\/blogdoarmindomaia.com.br\/wp-content\/uploads\/2022\/10\/Procon-Araxa-abre-vagas-de-estagio-para-estudantes-de-Direito-pag-08-768x512.jpeg 768w\" sizes=\"auto, (max-width: 1024px) 100vw, 1024px\" \/><\/figure>\n\n\n\n<p>O Programa Municipal de Prote\u00e7\u00e3o e Defesa do Consumidor (Procon) de Arax\u00e1 est\u00e1 com tr\u00eas vagas abertas de est\u00e1gio para estudantes que cursam Direito (3\u00ba ao 8\u00ba per\u00edodo), al\u00e9m de forma\u00e7\u00e3o de cadastro reserva.<br><br>O processo seletivo acontece entre os dias 10 e 31 de outubro e as inscri\u00e7\u00f5es s\u00e3o gratuitas e enviada atrav\u00e9s do e-mail (&nbsp;<a href=\"mailto:procon@araxa.mg.gov.br\" target=\"_blank\" rel=\"noreferrer noopener\">procon@araxa.mg.gov.br<\/a>&nbsp;), com o formul\u00e1rio dispon\u00edvel no edital devidamente preenchido e em formato \u201cpdf\u201d, al\u00e9m da c\u00f3pia dos documentos de identifica\u00e7\u00e3o (RG, CNH), CPF, curr\u00edculo, comprovante de endere\u00e7o, comprovante de quita\u00e7\u00e3o eleitoral, certid\u00e3o de antecedentes criminais e declara\u00e7\u00e3o de matr\u00edcula da faculdade em curso de gradua\u00e7\u00e3o de Direito.<br><br>A sele\u00e7\u00e3o ser\u00e1 feita em duas etapas &#8211; prova dissertativa e entrevista &#8211; e os candidatos aprovados receber\u00e3o pelas atividades prestadas uma bolsa complementar educacional no valor de 100% da mensalidade do curso, acrescido de vale-transporte.<br><br>Todas as informa\u00e7\u00f5es est\u00e3o dispon\u00edveis no edital atrav\u00e9s do site oficial da Prefeitura de Arax\u00e1: link Editais e Processos &gt; Concursos P\u00fablicos e Processos Seletivos &gt; Processo Seletivo para Contrata\u00e7\u00e3o e Forma\u00e7\u00e3o de Cadastro de Reserva para Est\u00e1gio no Procon Arax\u00e1.<br><br>Link direto do edital:&nbsp;<a href=\"https:\/\/bit.ly\/3MjVl8Q\" target=\"_blank\" rel=\"noreferrer noopener\">https:\/\/bit.ly\/3MjVl8Q<\/a><\/p>\n","protected":false},"excerpt":{"rendered":"<p>O Programa Municipal de Prote\u00e7\u00e3o e Defesa do Consumidor (Procon) de Arax\u00e1 est\u00e1 com tr\u00eas vagas abertas de est\u00e1gio para<\/p>\n","protected":false},"author":2,"featured_media":2983,"comment_status":"open","ping_status":"open","sticky":false,"template":"","format":"standard","meta":{"footnotes":""},"categories":[9,8],"tags":[],"class_list":["post-2982","post","type-post","status-publish","format-standard","has-post-thumbnail","hentry","category-araxa","category-cidades"],"_links":{"self":[{"href":"http:\/\/blogdoarmindomaia.com.br\/index.php?rest_route=\/wp\/v2\/posts\/2982","targetHints":{"allow":["GET"]}}],"collection":[{"href":"http:\/\/blogdoarmindomaia.com.br\/index.php?rest_route=\/wp\/v2\/posts"}],"about":[{"href":"http:\/\/blogdoarmindomaia.com.br\/index.php?rest_route=\/wp\/v2\/types\/post"}],"author":[{"embeddable":true,"href":"http:\/\/blogdoarmindomaia.com.br\/index.php?rest_route=\/wp\/v2\/users\/2"}],"replies":[{"embeddable":true,"href":"http:\/\/blogdoarmindomaia.com.br\/index.php?rest_route=%2Fwp%2Fv2%2Fcomments&post=2982"}],"version-history":[{"count":1,"href":"http:\/\/blogdoarmindomaia.com.br\/index.php?rest_route=\/wp\/v2\/posts\/2982\/revisions"}],"predecessor-version":[{"id":2984,"href":"http:\/\/blogdoarmindomaia.com.br\/index.php?rest_route=\/wp\/v2\/posts\/2982\/revisions\/2984"}],"wp:featuredmedia":[{"embeddable":true,"href":"http:\/\/blogdoarmindomaia.com.br\/index.php?rest_route=\/wp\/v2\/media\/2983"}],"wp:attachment":[{"href":"http:\/\/blogdoarmindomaia.com.br\/index.php?rest_route=%2Fwp%2Fv2%2Fmedia&parent=2982"}],"wp:term":[{"taxonomy":"category","embeddable":true,"href":"http:\/\/blogdoarmindomaia.com.br\/index.php?rest_route=%2Fwp%2Fv2%2Fcategories&post=2982"},{"taxonomy":"post_tag","embeddable":true,"href":"http:\/\/blogdoarmindomaia.com.br\/index.php?rest_route=%2Fwp%2Fv2%2Ftags&post=2982"}],"curies":[{"name":"wp","href":"https:\/\/api.w.org\/{rel}","templated":true}]}}