{"id":2988,"date":"2022-10-10T15:44:27","date_gmt":"2022-10-10T18:44:27","guid":{"rendered":"http:\/\/blogdoarmindomaia.com.br\/?p=2988"},"modified":"2022-10-10T15:44:29","modified_gmt":"2022-10-10T18:44:29","slug":"fccb-abre-inscricoes-dos-editais-da-lei-calmon-barreto-ii","status":"publish","type":"post","link":"http:\/\/blogdoarmindomaia.com.br\/?p=2988","title":{"rendered":"FCCB abre inscri\u00e7\u00f5es dos editais da Lei Calmon Barreto II"},"content":{"rendered":"\n<figure class=\"wp-block-image size-full\"><img loading=\"lazy\" decoding=\"async\" width=\"635\" height=\"325\" src=\"http:\/\/blogdoarmindomaia.com.br\/wp-content\/uploads\/2022\/10\/fccb-01.jpeg\" alt=\"\" class=\"wp-image-2989\" srcset=\"http:\/\/blogdoarmindomaia.com.br\/wp-content\/uploads\/2022\/10\/fccb-01.jpeg 635w, http:\/\/blogdoarmindomaia.com.br\/wp-content\/uploads\/2022\/10\/fccb-01-300x154.jpeg 300w\" sizes=\"auto, (max-width: 635px) 100vw, 635px\" \/><\/figure>\n\n\n\n<p>A Funda\u00e7\u00e3o Cultural Calmon Barreto (FCCB) abriu sele\u00e7\u00e3o p\u00fablica para premiar projetos culturais de artistas da cidade por meio da Lei Municipal Calmon Barreto 2. As inscri\u00e7\u00f5es come\u00e7aram nesta sexta-feira (7) e v\u00e3o at\u00e9 \u00e0s 17h do dia 31 de outubro. Nesta etapa, a lei vai destinar R$ 96.000 para serem distribu\u00eddos \u00e0 classe art\u00edstica. Os projetos aprovados se apresentar\u00e3o nas festividades da 2\u00aa edi\u00e7\u00e3o do evento \u2018Neste Natal Seja Luz\u2019.<br><br>Ambos os editais est\u00e3o dispon\u00edveis no site da Funda\u00e7\u00e3o Cultural Calmon Barreto e s\u00e3o voltados a todas as artes integradas &#8211; (&nbsp;<a href=\"http:\/\/www.fundacaocalmonbarreto.mg.gov.br\/\" target=\"_blank\" rel=\"noreferrer noopener\">www.fundacaocalmonbarreto.mg.gov.br<\/a>&nbsp;).<br><br>O edital 003 abrange as categorias de projetos coletivos\/banda\/grupos, onde ser\u00e3o premiadas 12 propostas, que receber\u00e3o o incentivo de R$ 6.000 cada. J\u00e1 o edital 004 vai premiar oito propostas na categoria de projetos solo\/dupla, com o valor unit\u00e1rio de R$ 3.000.<br><br>As propostas devem ser entregues de acordo com as orienta\u00e7\u00f5es do edital, presencialmente, no Teatro Municipal Maximiliano Rocha (Avenida Ant\u00f4nio Carlos, s\/n, Centro), at\u00e9 a data e hor\u00e1rio limite do t\u00e9rmino das inscri\u00e7\u00f5es. O envelope dever\u00e1 estar lacrado.<br><br>&nbsp;\u201cO artista dever\u00e1 propor um projeto novo, que nunca foi apresentado nas edi\u00e7\u00f5es anteriores da lei. Como as propostas ser\u00e3o destinadas para a programa\u00e7\u00e3o de fim de ano, elas dever\u00e3o ter a caracter\u00edstica de uma apresenta\u00e7\u00e3o voltada para uma festividade natalina\u201d, destaca a presidente da FCCB, Cynthia Ver\u00e7osa.<br><br><strong>Cadastro de Agente Cultural<br><\/strong><br>Um ponto de aten\u00e7\u00e3o \u00e9 que, para pleitear os recursos da Lei Calmon Barreto 2, como pr\u00e9-requisito \u00e9 necess\u00e1rio que o artista tenha realizado sua inscri\u00e7\u00e3o no Cadastro Municipal de Cultura, tamb\u00e9m dispon\u00edvel no site da funda\u00e7\u00e3o. O credenciamento se encerra \u00e0s 17h do dia 21 de outubro. Ap\u00f3s este per\u00edodo, n\u00e3o ser\u00e1 mais poss\u00edvel realiz\u00e1-lo ou atualizar informa\u00e7\u00f5es.<br><br>\u201c\u00c9 recomend\u00e1vel que o proponente verifique com anteced\u00eancia se seus dados cadastrais est\u00e3o corretos. O artista pode trabalhar com v\u00e1rios segmentos, por\u00e9m, a proposta apresentada deve ser relacionada com a \u00e1rea de atua\u00e7\u00e3o informada no cadastro, sob a possibilidade de elimina\u00e7\u00e3o, caso haja diverg\u00eancias. Temos duas comiss\u00f5es que analisam as propostas: a primeira verifica a parte de documenta\u00e7\u00e3o e cadastro e a segunda realiza a an\u00e1lise art\u00edstica do projeto\u201d, explica Cynthia Ver\u00e7osa.<br><br><strong>Lei Municipal Calmon Barreto<br><\/strong><br>Criada em 2021 pela atual administra\u00e7\u00e3o com o objetivo de dar suporte \u00e0 classe art\u00edstica de Arax\u00e1 durante o per\u00edodo cr\u00edtico de pandemia, a Lei Municipal Calmon Barreto j\u00e1 beneficiou 114 projetos, em suas duas edi\u00e7\u00f5es. O investimento total no incentivo \u00e0 cultura at\u00e9 o momento foi R$ 404.000.<br><br><strong>Acesse os editais na \u00edntegra:<br><\/strong><br>&#8211; Premia\u00e7\u00e3o projetos coletivos\/banda\/grupos &#8211;&nbsp;<a href=\"https:\/\/bit.ly\/3eaSUc3\" target=\"_blank\" rel=\"noreferrer noopener\">https:\/\/bit.ly\/3eaSUc3<\/a><br><br>&#8211; Premia\u00e7\u00e3o projetos solo\/dupla &#8211;&nbsp;<a href=\"https:\/\/bit.ly\/3edIU1G\" target=\"_blank\" rel=\"noreferrer noopener\">https:\/\/bit.ly\/3edIU1G<\/a><br><\/p>\n","protected":false},"excerpt":{"rendered":"<p>A Funda\u00e7\u00e3o Cultural Calmon Barreto (FCCB) abriu sele\u00e7\u00e3o p\u00fablica para premiar projetos culturais de artistas da cidade por meio da<\/p>\n","protected":false},"author":2,"featured_media":2989,"comment_status":"open","ping_status":"open","sticky":false,"template":"","format":"standard","meta":{"footnotes":""},"categories":[9,5],"tags":[],"class_list":["post-2988","post","type-post","status-publish","format-standard","has-post-thumbnail","hentry","category-araxa","category-arte-e-cultura"],"_links":{"self":[{"href":"http:\/\/blogdoarmindomaia.com.br\/index.php?rest_route=\/wp\/v2\/posts\/2988","targetHints":{"allow":["GET"]}}],"collection":[{"href":"http:\/\/blogdoarmindomaia.com.br\/index.php?rest_route=\/wp\/v2\/posts"}],"about":[{"href":"http:\/\/blogdoarmindomaia.com.br\/index.php?rest_route=\/wp\/v2\/types\/post"}],"author":[{"embeddable":true,"href":"http:\/\/blogdoarmindomaia.com.br\/index.php?rest_route=\/wp\/v2\/users\/2"}],"replies":[{"embeddable":true,"href":"http:\/\/blogdoarmindomaia.com.br\/index.php?rest_route=%2Fwp%2Fv2%2Fcomments&post=2988"}],"version-history":[{"count":1,"href":"http:\/\/blogdoarmindomaia.com.br\/index.php?rest_route=\/wp\/v2\/posts\/2988\/revisions"}],"predecessor-version":[{"id":2990,"href":"http:\/\/blogdoarmindomaia.com.br\/index.php?rest_route=\/wp\/v2\/posts\/2988\/revisions\/2990"}],"wp:featuredmedia":[{"embeddable":true,"href":"http:\/\/blogdoarmindomaia.com.br\/index.php?rest_route=\/wp\/v2\/media\/2989"}],"wp:attachment":[{"href":"http:\/\/blogdoarmindomaia.com.br\/index.php?rest_route=%2Fwp%2Fv2%2Fmedia&parent=2988"}],"wp:term":[{"taxonomy":"category","embeddable":true,"href":"http:\/\/blogdoarmindomaia.com.br\/index.php?rest_route=%2Fwp%2Fv2%2Fcategories&post=2988"},{"taxonomy":"post_tag","embeddable":true,"href":"http:\/\/blogdoarmindomaia.com.br\/index.php?rest_route=%2Fwp%2Fv2%2Ftags&post=2988"}],"curies":[{"name":"wp","href":"https:\/\/api.w.org\/{rel}","templated":true}]}}