{"id":2991,"date":"2022-10-10T16:10:27","date_gmt":"2022-10-10T19:10:27","guid":{"rendered":"http:\/\/blogdoarmindomaia.com.br\/?p=2991"},"modified":"2022-10-10T16:10:30","modified_gmt":"2022-10-10T19:10:30","slug":"associacao-do-cancer-completa-13-anos-de-atuacao-em-araxa","status":"publish","type":"post","link":"http:\/\/blogdoarmindomaia.com.br\/?p=2991","title":{"rendered":"Associa\u00e7\u00e3o do C\u00e2ncer completa 13 anos de atua\u00e7\u00e3o em Arax\u00e1"},"content":{"rendered":"\n<figure class=\"wp-block-image size-large\"><img loading=\"lazy\" decoding=\"async\" width=\"1024\" height=\"831\" src=\"http:\/\/blogdoarmindomaia.com.br\/wp-content\/uploads\/2022\/10\/86973921-d003-4504-957b-f74cb89d5730-1024x831.jpg\" alt=\"\" class=\"wp-image-2995\" srcset=\"http:\/\/blogdoarmindomaia.com.br\/wp-content\/uploads\/2022\/10\/86973921-d003-4504-957b-f74cb89d5730-1024x831.jpg 1024w, http:\/\/blogdoarmindomaia.com.br\/wp-content\/uploads\/2022\/10\/86973921-d003-4504-957b-f74cb89d5730-300x244.jpg 300w, http:\/\/blogdoarmindomaia.com.br\/wp-content\/uploads\/2022\/10\/86973921-d003-4504-957b-f74cb89d5730-768x623.jpg 768w, http:\/\/blogdoarmindomaia.com.br\/wp-content\/uploads\/2022\/10\/86973921-d003-4504-957b-f74cb89d5730.jpg 1461w\" sizes=\"auto, (max-width: 1024px) 100vw, 1024px\" \/><\/figure>\n\n\n\n<figure class=\"wp-block-image size-full\"><img loading=\"lazy\" decoding=\"async\" width=\"1000\" height=\"450\" src=\"http:\/\/blogdoarmindomaia.com.br\/wp-content\/uploads\/2022\/10\/22cc3140-6f64-4613-a62a-2d14b984c71e.jpg\" alt=\"\" class=\"wp-image-2994\" srcset=\"http:\/\/blogdoarmindomaia.com.br\/wp-content\/uploads\/2022\/10\/22cc3140-6f64-4613-a62a-2d14b984c71e.jpg 1000w, http:\/\/blogdoarmindomaia.com.br\/wp-content\/uploads\/2022\/10\/22cc3140-6f64-4613-a62a-2d14b984c71e-300x135.jpg 300w, http:\/\/blogdoarmindomaia.com.br\/wp-content\/uploads\/2022\/10\/22cc3140-6f64-4613-a62a-2d14b984c71e-768x346.jpg 768w\" sizes=\"auto, (max-width: 1000px) 100vw, 1000px\" \/><\/figure>\n\n\n\n<figure class=\"wp-block-image size-full\"><img loading=\"lazy\" decoding=\"async\" width=\"563\" height=\"573\" src=\"http:\/\/blogdoarmindomaia.com.br\/wp-content\/uploads\/2022\/10\/Associacao-do-Cancer-completa13-anos-pag-06.jpg\" alt=\"\" class=\"wp-image-2993\" srcset=\"http:\/\/blogdoarmindomaia.com.br\/wp-content\/uploads\/2022\/10\/Associacao-do-Cancer-completa13-anos-pag-06.jpg 563w, http:\/\/blogdoarmindomaia.com.br\/wp-content\/uploads\/2022\/10\/Associacao-do-Cancer-completa13-anos-pag-06-295x300.jpg 295w\" sizes=\"auto, (max-width: 563px) 100vw, 563px\" \/><\/figure>\n\n\n\n<p>\u00a0A entidade j\u00e1 realizou mais de 100 mil atendimentos e benef\u00edcios A Pioneira na cidade de Arax\u00e1 Tudo come\u00e7ou no ano de 2008, conta a Sra. C\u00e2ndida Batista, associada fundadora da Associa\u00e7\u00e3o do C\u00e2ncer, que j\u00e1 estava em atendimento em v\u00e1rias cidades do Tri\u00e2ngulo Mineiro, com sede na cidade de Uberl\u00e2ndia, quando recebeu pedidos de socorro de cidad\u00e3os araxaenses que estavam passando por muita priva\u00e7\u00f5es por falta de recursos humanos e materiais para iniciar e dar continuidade a sua caminhada no tratamento do c\u00e2ncer, prontamente alguns membros da Diretoria vieram para conhecer e buscar apoio para iniciar esta jornada , a princ\u00edpio foram bastante desencorajados nas portas que bateu , at\u00e9 que encontrou uma senhora que teve uma filha que superou o c\u00e2ncer e sua fam\u00edlia passou ent\u00e3o a ser o nosso suporte, que acolheu a nossa Equipe do Servi\u00e7o Social, nossa eterna gratid\u00e3o . A dire\u00e7\u00e3o prontamente, disponibilizou a sua equipe, semanalmente para o atendimento social, nutricional e psicol\u00f3gico, nas visitas foi-se percebendo a car\u00eancia de apoio \u00e0s pessoas em tratamento, sendo que alguns residiam em \u00e1reas rurais, sem nenhuma estrutura para arcar com este novo desafio, e este foi um passo decisivo para acolher e suprir as suas necessidades neste momento t\u00e3o crucial de suas vidas. Iniciouse, ent\u00e3o, este acolhimento atrav\u00e9s de visitas domiciliares, os benef\u00edcios j\u00e1 eram disponibilizados no pronto atendimento, pois alguns j\u00e1 estavam bem desnutridos e n\u00e3o podiam esperar muito tempo, e isto significou muito alivio e esperan\u00e7a para os atendidos na \u00e9poca. Afirma a sra C\u00e2ndida \u201cEm nossa historia existe um forte alicerce firmado no Amor, na Justi\u00e7a e no Compromisso de Servir\u201d, E completa: \u201cHoje, ao rever os nossos arquivos, sentimos a alegria de saber que fizemos parte da hist\u00f3ria de amparo as pessoas com c\u00e2ncer de Arax\u00e1 e regi\u00e3o, sendo a pioneira e cumprindo o prop\u00f3sito de acolher cada ser como se fosse familiar, isto era percebido em cada momento dos atendimentos daqueles que estiveram e est\u00e3o conosco\u201d. No dia 21 de setembro do ano de 2009, foi feita a Ata e cria\u00e7\u00e3o da Associa\u00e7\u00e3o do C\u00e2ncer de Arax\u00e1, ap\u00f3s um ano e meio de atendimentos domiciliares, alugamos um im\u00f3vel e buscamos uma equipe local, dando oportunidades para os profissionais e volunt\u00e1rios. A sede de Arax\u00e1 nunca mandou recursos financeiros para outros locais, ao contr\u00e1rio, sempre recebeu ajuda de Uberl\u00e2ndia e regi\u00e3o. Estes anos, foram marcados por momentos desafiadores, servimos at\u00e9 de escola para outras entidades criadas a partir da nossa. Sabendo que existe mais de 1.000 pessoas em tratamento do c\u00e2ncer, lan\u00e7amos aqui, um desafio as autoridades e empres\u00e1rios; as empresas que atuam na sa\u00fade para intensificar Campanhas de Preven\u00e7\u00e3o, mais profilaxias, orientando e conscientizado a popula\u00e7\u00e3o , fazendo mais pesquisas de cunho cientifico para prevenir atrav\u00e9s de a\u00e7\u00f5es e melhor alimenta\u00e7\u00e3o preventivas .. Estamos unidos na pratica do bem porque a caridade n\u00e3o tem concorr\u00eancia, e as pessoas doentes agradecem as m\u00e3os generosas se que estendem para ajudar, queremos agregar mais servi\u00e7os de apoio a nossa popula\u00e7\u00e3o, consideramos este momento um divisor de \u00e1guas, onde acreditamos que nosso futuro ser\u00e1 muito melhor pelas experi\u00eancias e avan\u00e7os das pol\u00edticas p\u00fablicas. Sendo assim, as campanhas de preven\u00e7\u00e3o s\u00e3o constantes na Associa\u00e7\u00e3o do C\u00e2ncer, visto que muitos tipos de c\u00e2ncer podem ser prevenidos. No decorrer do ano, realizamos v\u00e1rias campanhas para orientar e conscientizar nossos assistidos e tamb\u00e9m \u00e0 popula\u00e7\u00e3o. Para conhece-las, basta acompanhar nossas redes sociais e ficar por dentro dos eventos realizadas. \u201cGRATID\u00c3O\u201d \u00e9 a palavra que resume estes 13 anos de funda\u00e7\u00e3o, com o apoio da popula\u00e7\u00e3o, de centenas de doadores que acreditam nesta causa, cuja miss\u00e3o sempre foi proporcionar \u00e0s pessoas com c\u00e2ncer e seus familiares uma melhor qualidade de vida, buscando o desenvolvimento humano, social, cultural e educacional. Acreditamos que o apoio vai muito al\u00e9m do alimento, ele envolve acolhimento, humaniza\u00e7\u00e3o, carinho, respeito e discri\u00e7\u00e3o, porque a dor nem sempre deve ser exposta. A Associa\u00e7\u00e3o tem como principal meta o Servi\u00e7o Social, conta com Assistente social, Nutricionista, Psic\u00f3logo, Psicanalista e Terapeutas, aproximadamente 20 pessoas, se envolvem nos atendimentos na sede da Associa\u00e7\u00e3o do C\u00e2ncer de Arax\u00e1, mais de 130 pessoas com c\u00e2ncer est\u00e3o cadastradas e recebem benef\u00edcios e atendimentos mensais, contamos tamb\u00e9m com doadores, estagi\u00e1rios e parceiros que acreditam e apoiam esta Institui\u00e7\u00e3o que foi aprovada pelo povo. Para a fundadora, \u00e9 muito gratificante, saber que batemos um recorde de atendimentos e benef\u00edcios contando somente com doa\u00e7\u00f5es da popula\u00e7\u00e3o. Em suas palavras, nos descreve que \u201cFoi preciso vivenciar, pra entender, como a pessoa diagnosticada com o c\u00e2ncer e a sua fam\u00edlia se sentem ao receber o diagn\u00f3stico, pois parece que perde o ch\u00e3o e recebe uma senten\u00e7a de morte, al\u00e9m do grande desafio no processo dos tratamentos qu\u00edmicos que causam desgaste \u00e0 sa\u00fade f\u00edsica e emocional do paciente no dia a dia no leito dos hospitais\u201d. Complementa que, \u201cChegar a esse marco de mais de 100 mil atendimentos e benef\u00edcios e ver que conseguimos ajudar centenas de pessoas, enfrentando tantos desafios e nunca ter desistido, \u00e9 um sentimento do dever cumprido\u201d, ela que teve as duas av\u00f3s e o pai que faleceram com c\u00e2ncer e, agora, um irm\u00e3o em tratamento. Argumenta que esta luta por salvar vidas continua; e, por isso, conta com a colabora\u00e7\u00e3o da comunidade, atrav\u00e9s da doa\u00e7\u00f5es de cestas b\u00e1sicas, leite, suplementos, fraldas e bolsa de colostomia, que podem ser feitas na sede da Institui\u00e7\u00e3o, localizada na Rua Thieres Botelho, n\u00ba 179, Centro. A contribui\u00e7\u00e3o financeira tamb\u00e9m pode ser atrav\u00e9s dos seguintes pix: 34 3664.7431, ou araxa@associacaodocancer.org.br, em dep\u00f3sito banc\u00e1rio na Caixa Econ\u00f4mica Federal, Ag\u00eancia 4751, Conta Corrente 0034-0, ou ainda entrar em contato na sede da Associa\u00e7\u00e3o pelo telefone 34. 3664-7431. Redes sociais: Instagran@associacaodocanceraraxa \/ facebook associacaodocancer_araxa. Em nome de sua Diretoria, a Sra. C\u00e2ndida agradece a todos que ajudaram e ajudam a construir esta hist\u00f3ria. Querem deixar um legado, construir sua sede pr\u00f3pria, e sabe que pode contar com a popula\u00e7\u00e3o que h\u00e1 13 anos abra\u00e7ou esta causa e afirma: a cidade de Arax\u00e1 merece que este trabalho perdure para sempre, porque a vida n\u00e3o tem pre\u00e7o. Sendo assim, agradecemos a Deus pela oportunidade de fazer o bem, convidamos toda a sociedade araxaense para conhecer e abra\u00e7ar esta causa verdadeira de Amor e Servi\u00e7o ao pr\u00f3ximo, pois \u201cDoar \u00e9 a mais Sublime forma de Amar\u201d.<\/p>\n","protected":false},"excerpt":{"rendered":"<p>\u00a0A entidade j\u00e1 realizou mais de 100 mil atendimentos e benef\u00edcios A Pioneira na cidade de Arax\u00e1 Tudo come\u00e7ou no<\/p>\n","protected":false},"author":2,"featured_media":2993,"comment_status":"open","ping_status":"open","sticky":false,"template":"","format":"standard","meta":{"footnotes":""},"categories":[9,29],"tags":[],"class_list":["post-2991","post","type-post","status-publish","format-standard","has-post-thumbnail","hentry","category-araxa","category-saude"],"_links":{"self":[{"href":"http:\/\/blogdoarmindomaia.com.br\/index.php?rest_route=\/wp\/v2\/posts\/2991","targetHints":{"allow":["GET"]}}],"collection":[{"href":"http:\/\/blogdoarmindomaia.com.br\/index.php?rest_route=\/wp\/v2\/posts"}],"about":[{"href":"http:\/\/blogdoarmindomaia.com.br\/index.php?rest_route=\/wp\/v2\/types\/post"}],"author":[{"embeddable":true,"href":"http:\/\/blogdoarmindomaia.com.br\/index.php?rest_route=\/wp\/v2\/users\/2"}],"replies":[{"embeddable":true,"href":"http:\/\/blogdoarmindomaia.com.br\/index.php?rest_route=%2Fwp%2Fv2%2Fcomments&post=2991"}],"version-history":[{"count":1,"href":"http:\/\/blogdoarmindomaia.com.br\/index.php?rest_route=\/wp\/v2\/posts\/2991\/revisions"}],"predecessor-version":[{"id":2996,"href":"http:\/\/blogdoarmindomaia.com.br\/index.php?rest_route=\/wp\/v2\/posts\/2991\/revisions\/2996"}],"wp:featuredmedia":[{"embeddable":true,"href":"http:\/\/blogdoarmindomaia.com.br\/index.php?rest_route=\/wp\/v2\/media\/2993"}],"wp:attachment":[{"href":"http:\/\/blogdoarmindomaia.com.br\/index.php?rest_route=%2Fwp%2Fv2%2Fmedia&parent=2991"}],"wp:term":[{"taxonomy":"category","embeddable":true,"href":"http:\/\/blogdoarmindomaia.com.br\/index.php?rest_route=%2Fwp%2Fv2%2Fcategories&post=2991"},{"taxonomy":"post_tag","embeddable":true,"href":"http:\/\/blogdoarmindomaia.com.br\/index.php?rest_route=%2Fwp%2Fv2%2Ftags&post=2991"}],"curies":[{"name":"wp","href":"https:\/\/api.w.org\/{rel}","templated":true}]}}