{"id":2997,"date":"2022-10-10T16:27:31","date_gmt":"2022-10-10T19:27:31","guid":{"rendered":"http:\/\/blogdoarmindomaia.com.br\/?p=2997"},"modified":"2022-10-10T16:27:34","modified_gmt":"2022-10-10T19:27:34","slug":"secretaria-de-educacao-premia-projetos-inovadores-de-professores-araxaenses","status":"publish","type":"post","link":"http:\/\/blogdoarmindomaia.com.br\/?p=2997","title":{"rendered":"Secretaria de Educa\u00e7\u00e3o premia projetos inovadores de professores araxaenses"},"content":{"rendered":"\n<figure class=\"wp-block-image size-full\"><img loading=\"lazy\" decoding=\"async\" width=\"1024\" height=\"683\" src=\"http:\/\/blogdoarmindomaia.com.br\/wp-content\/uploads\/2022\/10\/projeto-educacao-5.jpeg\" alt=\"\" class=\"wp-image-2998\" srcset=\"http:\/\/blogdoarmindomaia.com.br\/wp-content\/uploads\/2022\/10\/projeto-educacao-5.jpeg 1024w, http:\/\/blogdoarmindomaia.com.br\/wp-content\/uploads\/2022\/10\/projeto-educacao-5-300x200.jpeg 300w, http:\/\/blogdoarmindomaia.com.br\/wp-content\/uploads\/2022\/10\/projeto-educacao-5-768x512.jpeg 768w\" sizes=\"auto, (max-width: 1024px) 100vw, 1024px\" \/><\/figure>\n\n\n\n<figure class=\"wp-block-image size-full\"><img loading=\"lazy\" decoding=\"async\" width=\"1024\" height=\"683\" src=\"http:\/\/blogdoarmindomaia.com.br\/wp-content\/uploads\/2022\/10\/projeto-educacao-2.jpeg\" alt=\"\" class=\"wp-image-2999\" srcset=\"http:\/\/blogdoarmindomaia.com.br\/wp-content\/uploads\/2022\/10\/projeto-educacao-2.jpeg 1024w, http:\/\/blogdoarmindomaia.com.br\/wp-content\/uploads\/2022\/10\/projeto-educacao-2-300x200.jpeg 300w, http:\/\/blogdoarmindomaia.com.br\/wp-content\/uploads\/2022\/10\/projeto-educacao-2-768x512.jpeg 768w\" sizes=\"auto, (max-width: 1024px) 100vw, 1024px\" \/><\/figure>\n\n\n\n<p>Durante a pandemia, a rotina dos alunos nas escolas foi alterada. Nesse per\u00edodo, a educa\u00e7\u00e3o precisou se reinventar. Por isso, para aliviar as consequ\u00eancias desse \u201cnovo normal\u201d, professores da Rede Municipal de Educa\u00e7\u00e3o participaram do projeto \u2018Pr\u00e1ticas Pedag\u00f3gicas Exitosas: Novos Tempos, Novos Jeitos de Ensinar e Aprender\u2019. A iniciativa teve como objetivo ressaltar, evidenciar e valorizar o conte\u00fado pedag\u00f3gico promovido pelos professores em seus n\u00facleos escolares.<br><br>Para reconhecer os profissionais que tiveram iniciativas inovadoras durante a pandemia, a Secretaria Municipal de Educa\u00e7\u00e3o realizou, nesta quarta-feira (7), a premia\u00e7\u00e3o dos professores que foram destaque com seus projetos.<br><br>O evento foi realizado no audit\u00f3rio da Associa\u00e7\u00e3o Comercial e Industrial de Arax\u00e1 (Acia), e contou com a presen\u00e7a de diretores, supervisores, coordenadores, al\u00e9m da participa\u00e7\u00e3o dos alunos do Coral Aziz Canta, sob a coordena\u00e7\u00e3o da professora Adriana Medeiros e dramatiza\u00e7\u00e3o da aluna Francisca Garcia da aluna Francisca Garcia.<br><br>A comiss\u00e3o julgadora dos projetos foi composta pelo professor Daniel Machado e pela representante do Conselho Municipal dos Direitos da Crian\u00e7a e do Adolescente (CMDCA), M\u00f4nica Faria.<br><br>A secret\u00e1ria municipal de Educa\u00e7\u00e3o, Zulma Moreira, destaca a import\u00e2ncia desse reconhecimento. \u201cFoi um trabalho fant\u00e1stico. \u00c9 muito gratificante ver os professores desenvolvendo ideias que v\u00e3o para al\u00e9m da sala de aula. Por meio dessas iniciativas, foi poss\u00edvel compartilhar experi\u00eancia da educa\u00e7\u00e3o com todos os profissionais e a premia\u00e7\u00e3o vem para engrandecer e realmente reconhecer o esfor\u00e7o de cada um\u201d, refor\u00e7a.<br><br><strong>Premiados<br>&nbsp;<br>Categoria 1: Ensino Fundamental Anos Finais &#8211; Regular<br><\/strong><br>&#8211; 1\u00ba Lugar &#8211; Projeto Portugu\u00eas com Artes: Professora Rosimere Felipe Raimundo Ribeiro (E.M. Professora Leonilda Montandon);<br><br>&#8211; 2\u00ba Lugar &#8211; Projeto Ci\u00eancias na Pr\u00e1tica: Professora Janaina Pifane Silva (E.M. Ant\u00f4nio Augusto de Paiva e E.M. Aziz J. Chaer);<br><br>&#8211; 3\u00ba Lugar &#8211; Projeto Eu Cuido de Voc\u00ea, Voc\u00ea Cuida de Mim e N\u00f3s Cuidamos de Todos: Professor Danilo Domingos Borges (E.M. Professora Auxiliadora Paiva);<br><br>&#8211; 4\u00ba Lugar &#8211; Projeto Conhecendo a Nossa Escola Atrav\u00e9s da Hist\u00f3ria: Professora Maria L\u00facia dos Santos (E.M. Padre In\u00e1cio);<br><br>&#8211; 5\u00ba Lugar &#8211; Projeto O Fazer Pedag\u00f3gico P\u00f3s-pandemia: O Valor do Trabalho em Equipe: Professora Cleuza Maria Gomes Jarussi (E.M. Jos\u00e9 Bento).<br><br><strong>Categoria 2 &#8211; Ensino Fundamental &#8211; Ensino de Jovens e Adultos<br><\/strong><br>&#8211; 1\u00ba Lugar &#8211; Projeto \u00c9 Tempo de Aprender: Professora Rosimere Felipe Raimundo Ribeiro (E.M. Professora Auxiliadora Paiva);<br><br>&#8211; 2\u00ba Lugar &#8211; Projeto Trabalho: Cidadania e Dignidade de Vida: Professora Vivian das Gra\u00e7as Sardinha (E.M. Professora Leonilda Montandon);<br><br>&#8211; 3\u00ba Lugar &#8211; Projeto O Uso da Tecnologia para Informar e Comunicar: Professora Elaine Teodoro (E.M. Agar de Affonseca e Silva);<br><br>&#8211; 4\u00ba Lugar &#8211; Projeto EJA: Emancipa\u00e7\u00e3o Sim! Evas\u00e3o N\u00e3o!: Professora Ana L\u00facia Oliveira (E.M. Professora Leonilda Montandon);<br><br>&#8211; 5\u00ba Lugar &#8211; Projeto Falar com Amor, Ensinar com Sabedoria: Professor Adilson de Jesus (E.M. Alice Moura).<\/p>\n","protected":false},"excerpt":{"rendered":"<p>Durante a pandemia, a rotina dos alunos nas escolas foi alterada. Nesse per\u00edodo, a educa\u00e7\u00e3o precisou se reinventar. Por isso,<\/p>\n","protected":false},"author":2,"featured_media":2998,"comment_status":"open","ping_status":"open","sticky":false,"template":"","format":"standard","meta":{"footnotes":""},"categories":[9,11,13],"tags":[],"class_list":["post-2997","post","type-post","status-publish","format-standard","has-post-thumbnail","hentry","category-araxa","category-destaques","category-educacao"],"_links":{"self":[{"href":"http:\/\/blogdoarmindomaia.com.br\/index.php?rest_route=\/wp\/v2\/posts\/2997","targetHints":{"allow":["GET"]}}],"collection":[{"href":"http:\/\/blogdoarmindomaia.com.br\/index.php?rest_route=\/wp\/v2\/posts"}],"about":[{"href":"http:\/\/blogdoarmindomaia.com.br\/index.php?rest_route=\/wp\/v2\/types\/post"}],"author":[{"embeddable":true,"href":"http:\/\/blogdoarmindomaia.com.br\/index.php?rest_route=\/wp\/v2\/users\/2"}],"replies":[{"embeddable":true,"href":"http:\/\/blogdoarmindomaia.com.br\/index.php?rest_route=%2Fwp%2Fv2%2Fcomments&post=2997"}],"version-history":[{"count":1,"href":"http:\/\/blogdoarmindomaia.com.br\/index.php?rest_route=\/wp\/v2\/posts\/2997\/revisions"}],"predecessor-version":[{"id":3000,"href":"http:\/\/blogdoarmindomaia.com.br\/index.php?rest_route=\/wp\/v2\/posts\/2997\/revisions\/3000"}],"wp:featuredmedia":[{"embeddable":true,"href":"http:\/\/blogdoarmindomaia.com.br\/index.php?rest_route=\/wp\/v2\/media\/2998"}],"wp:attachment":[{"href":"http:\/\/blogdoarmindomaia.com.br\/index.php?rest_route=%2Fwp%2Fv2%2Fmedia&parent=2997"}],"wp:term":[{"taxonomy":"category","embeddable":true,"href":"http:\/\/blogdoarmindomaia.com.br\/index.php?rest_route=%2Fwp%2Fv2%2Fcategories&post=2997"},{"taxonomy":"post_tag","embeddable":true,"href":"http:\/\/blogdoarmindomaia.com.br\/index.php?rest_route=%2Fwp%2Fv2%2Ftags&post=2997"}],"curies":[{"name":"wp","href":"https:\/\/api.w.org\/{rel}","templated":true}]}}