{"id":3004,"date":"2022-10-10T16:55:29","date_gmt":"2022-10-10T19:55:29","guid":{"rendered":"http:\/\/blogdoarmindomaia.com.br\/?p=3004"},"modified":"2022-10-10T16:55:31","modified_gmt":"2022-10-10T19:55:31","slug":"araxa-prossegue-com-a-campanha-nacional-de-vacinacao-contra-a-poliomielite%ef%bf%bc","status":"publish","type":"post","link":"http:\/\/blogdoarmindomaia.com.br\/?p=3004","title":{"rendered":"Arax\u00e1 prossegue com a Campanha Nacional de Vacina\u00e7\u00e3o Contra a Poliomielite\ufffc"},"content":{"rendered":"\n<figure class=\"wp-block-image size-large\"><img loading=\"lazy\" decoding=\"async\" width=\"1024\" height=\"576\" src=\"http:\/\/blogdoarmindomaia.com.br\/wp-content\/uploads\/2022\/10\/Araxa-prossegue-com-a-Campanha-Nacional-de-Vacinacao-Contra-a-Poliomielite-pag-03-1024x576.jpeg\" alt=\"\" class=\"wp-image-3005\" srcset=\"http:\/\/blogdoarmindomaia.com.br\/wp-content\/uploads\/2022\/10\/Araxa-prossegue-com-a-Campanha-Nacional-de-Vacinacao-Contra-a-Poliomielite-pag-03-1024x576.jpeg 1024w, http:\/\/blogdoarmindomaia.com.br\/wp-content\/uploads\/2022\/10\/Araxa-prossegue-com-a-Campanha-Nacional-de-Vacinacao-Contra-a-Poliomielite-pag-03-300x169.jpeg 300w, http:\/\/blogdoarmindomaia.com.br\/wp-content\/uploads\/2022\/10\/Araxa-prossegue-com-a-Campanha-Nacional-de-Vacinacao-Contra-a-Poliomielite-pag-03-768x432.jpeg 768w, http:\/\/blogdoarmindomaia.com.br\/wp-content\/uploads\/2022\/10\/Araxa-prossegue-com-a-Campanha-Nacional-de-Vacinacao-Contra-a-Poliomielite-pag-03.jpeg 1280w\" sizes=\"auto, (max-width: 1024px) 100vw, 1024px\" \/><\/figure>\n\n\n\n<p>A Campanha Nacional de Vacina\u00e7\u00e3o Contra a Poliomielite foi prorrogada at\u00e9 o dia 21 de outubro. A imuniza\u00e7\u00e3o \u00e9 voltada para crian\u00e7as de 1 a 4 anos, 11 meses e 29 dias.<br><br>Tamb\u00e9m para o mesmo per\u00edodo, foi prorrogada a Campanha de Multivacina\u00e7\u00e3o, que \u00e9 voltada para o p\u00fablico de 2 meses a menores de 15 anos.<br><br>Em Arax\u00e1, a aplica\u00e7\u00e3o acontece, de segunda a sexta, nas Salas de Vacina da Unicentro, Unioeste, Unileste, Uninordeste e Uninorte, das 8h \u00e0s 16h; na Unisa e Unisul, das 8h \u00e0s 13h; e no ESF Max Neumann, das 12h30 \u00e0s 17h.<br><br>Os menores devem estar acompanhados e levar a Certid\u00e3o de Nascimento ou RG, o Cart\u00e3o de Vacina e o Cart\u00e3o do SUS (se tiver).<br><br>A coordenadora de Imuniza\u00e7\u00e3o da Secretaria Municipal de Sa\u00fade, Erica Fonseca, destaca a import\u00e2ncia da vacina\u00e7\u00e3o para reduzir o risco da reintrodu\u00e7\u00e3o da poliomielite.<br><br>\u201cNo Brasil est\u00e1 certificado elimina\u00e7\u00e3o da poliomielite desde 1994 e para evitar o ressurgimento da doen\u00e7a \u00e9 preciso que todos se conscientizem sobre os benef\u00edcios que a vacina proporciona. J\u00e1 atingimos 97% da meta e agora com a prorroga\u00e7\u00e3o da campanha queremos chegar, quem sabe, nos100% de cobertura vacinal\u201d, refor\u00e7a.<\/p>\n","protected":false},"excerpt":{"rendered":"<p>A Campanha Nacional de Vacina\u00e7\u00e3o Contra a Poliomielite foi prorrogada at\u00e9 o dia 21 de outubro. A imuniza\u00e7\u00e3o \u00e9 voltada<\/p>\n","protected":false},"author":2,"featured_media":3005,"comment_status":"open","ping_status":"open","sticky":false,"template":"","format":"standard","meta":{"footnotes":""},"categories":[9,29],"tags":[],"class_list":["post-3004","post","type-post","status-publish","format-standard","has-post-thumbnail","hentry","category-araxa","category-saude"],"_links":{"self":[{"href":"http:\/\/blogdoarmindomaia.com.br\/index.php?rest_route=\/wp\/v2\/posts\/3004","targetHints":{"allow":["GET"]}}],"collection":[{"href":"http:\/\/blogdoarmindomaia.com.br\/index.php?rest_route=\/wp\/v2\/posts"}],"about":[{"href":"http:\/\/blogdoarmindomaia.com.br\/index.php?rest_route=\/wp\/v2\/types\/post"}],"author":[{"embeddable":true,"href":"http:\/\/blogdoarmindomaia.com.br\/index.php?rest_route=\/wp\/v2\/users\/2"}],"replies":[{"embeddable":true,"href":"http:\/\/blogdoarmindomaia.com.br\/index.php?rest_route=%2Fwp%2Fv2%2Fcomments&post=3004"}],"version-history":[{"count":1,"href":"http:\/\/blogdoarmindomaia.com.br\/index.php?rest_route=\/wp\/v2\/posts\/3004\/revisions"}],"predecessor-version":[{"id":3006,"href":"http:\/\/blogdoarmindomaia.com.br\/index.php?rest_route=\/wp\/v2\/posts\/3004\/revisions\/3006"}],"wp:featuredmedia":[{"embeddable":true,"href":"http:\/\/blogdoarmindomaia.com.br\/index.php?rest_route=\/wp\/v2\/media\/3005"}],"wp:attachment":[{"href":"http:\/\/blogdoarmindomaia.com.br\/index.php?rest_route=%2Fwp%2Fv2%2Fmedia&parent=3004"}],"wp:term":[{"taxonomy":"category","embeddable":true,"href":"http:\/\/blogdoarmindomaia.com.br\/index.php?rest_route=%2Fwp%2Fv2%2Fcategories&post=3004"},{"taxonomy":"post_tag","embeddable":true,"href":"http:\/\/blogdoarmindomaia.com.br\/index.php?rest_route=%2Fwp%2Fv2%2Ftags&post=3004"}],"curies":[{"name":"wp","href":"https:\/\/api.w.org\/{rel}","templated":true}]}}