{"id":3007,"date":"2022-10-11T13:51:06","date_gmt":"2022-10-11T16:51:06","guid":{"rendered":"http:\/\/blogdoarmindomaia.com.br\/?p=3007"},"modified":"2022-10-11T13:51:08","modified_gmt":"2022-10-11T16:51:08","slug":"a-valsa-das-montanhas-o-curta-filmado-em-araxa-e-regiao-sera-exibido-pela-rede-minas","status":"publish","type":"post","link":"http:\/\/blogdoarmindomaia.com.br\/?p=3007","title":{"rendered":"A Valsa das Montanhas: O curta filmado em Arax\u00e1 e regi\u00e3o ser\u00e1 exibido pela Rede Minas"},"content":{"rendered":"\n\n\n<figure class=\"wp-block-image size-large\"><img loading=\"lazy\" decoding=\"async\" width=\"1024\" height=\"683\" src=\"http:\/\/blogdoarmindomaia.com.br\/wp-content\/uploads\/2022\/10\/Bruno-Rodrigo-e-Ana-Ca\u0302ndida-discutem-uma-cena-1024x683.jpg\" alt=\"\" class=\"wp-image-3009\" srcset=\"http:\/\/blogdoarmindomaia.com.br\/wp-content\/uploads\/2022\/10\/Bruno-Rodrigo-e-Ana-Ca\u0302ndida-discutem-uma-cena-1024x683.jpg 1024w, http:\/\/blogdoarmindomaia.com.br\/wp-content\/uploads\/2022\/10\/Bruno-Rodrigo-e-Ana-Ca\u0302ndida-discutem-uma-cena-300x200.jpg 300w, http:\/\/blogdoarmindomaia.com.br\/wp-content\/uploads\/2022\/10\/Bruno-Rodrigo-e-Ana-Ca\u0302ndida-discutem-uma-cena-768x512.jpg 768w, http:\/\/blogdoarmindomaia.com.br\/wp-content\/uploads\/2022\/10\/Bruno-Rodrigo-e-Ana-Ca\u0302ndida-discutem-uma-cena-1536x1024.jpg 1536w, http:\/\/blogdoarmindomaia.com.br\/wp-content\/uploads\/2022\/10\/Bruno-Rodrigo-e-Ana-Ca\u0302ndida-discutem-uma-cena-2048x1365.jpg 2048w\" sizes=\"auto, (max-width: 1024px) 100vw, 1024px\" \/><\/figure>\n\n\n\n<figure class=\"wp-block-image size-large\"><img loading=\"lazy\" decoding=\"async\" width=\"1024\" height=\"575\" src=\"http:\/\/blogdoarmindomaia.com.br\/wp-content\/uploads\/2022\/10\/2-Juliana-Afonso-e-Frederico-Ramos-em-cena-1024x575.jpg\" alt=\"\" class=\"wp-image-3008\" srcset=\"http:\/\/blogdoarmindomaia.com.br\/wp-content\/uploads\/2022\/10\/2-Juliana-Afonso-e-Frederico-Ramos-em-cena-1024x575.jpg 1024w, http:\/\/blogdoarmindomaia.com.br\/wp-content\/uploads\/2022\/10\/2-Juliana-Afonso-e-Frederico-Ramos-em-cena-300x168.jpg 300w, http:\/\/blogdoarmindomaia.com.br\/wp-content\/uploads\/2022\/10\/2-Juliana-Afonso-e-Frederico-Ramos-em-cena-768x431.jpg 768w, http:\/\/blogdoarmindomaia.com.br\/wp-content\/uploads\/2022\/10\/2-Juliana-Afonso-e-Frederico-Ramos-em-cena-1536x862.jpg 1536w, http:\/\/blogdoarmindomaia.com.br\/wp-content\/uploads\/2022\/10\/2-Juliana-Afonso-e-Frederico-Ramos-em-cena-2048x1150.jpg 2048w\" sizes=\"auto, (max-width: 1024px) 100vw, 1024px\" \/><\/figure>\n\n\n\n<p>No final do m\u00eas de setembro, aconteceram em Arax\u00e1 e no distrito de S\u00e3o Jo\u00e3o Batista da Serra da Canastra, as filmagens do curta-metragem \u201cA Valsa das Montanhas\u201d. Produzido pela Campos Produ\u00e7\u00f5es e pela Red Fish Filmes, o filme \u00e9 baseado no conto hom\u00f4nimo de Rodrigo Feres, que tamb\u00e9m assina o roteiro.<\/p>\n\n\n\n<p>O conto de Rodrigo Feres, publicado na mais recente antologia da Academia Araxaense de Letras, se passa nas d\u00e9cadas de 1970 e 1990 e conta a hist\u00f3ria de amor entre um professor de piano e uma jovem de classe rica e conservadora.&nbsp; Em fase de edi\u00e7\u00e3o e finaliza\u00e7\u00e3o, o curta-metragem \u00e9 dirigido por Bruno Campos, produzido por Delvo Sim\u00f5es, com dire\u00e7\u00e3o de produ\u00e7\u00e3o de Eliane Coelho.<\/p>\n\n\n\n<p><em>\u201cTer escrito o roteiro e composto a trilha sonora de \u201cA Valsa das Montanhas\u201d foi a realiza\u00e7\u00e3o de um antigo sonho: ter algum livro meu adaptado para o cinema.\u201d<\/em><\/p>\n\n\n\n<p>conta Rodrigo Feres. \u201c<em>Meus livros sempre tiveram um DNA cinematogr\u00e1fico. Este foi a concretiza\u00e7\u00e3o deste sonho, de ter algum livro meu adaptado para o cinema.\u201d.<\/em><\/p>\n\n\n\n<p>Bruno Campos assina a dire\u00e7\u00e3o e a dire\u00e7\u00e3o de fotografia, \u201c<em>A Valsa Nas Montanhas vem como um presente. Traduzir em forma de filme o conto do Rodrigo, uma hist\u00f3ria de amor puro, verdadeiro, quebrando tabus que realmente existiram na nossa sociedade h\u00e1 algumas d\u00e9cadas, (que ainda existem enraizado em algumas pessoas) tendo como plano de fundo nossa Arax\u00e1 e a Serra da Canastra foi algo \u00fanico\u201d<\/em><\/p>\n\n\n\n<p>O elenco traz atores araxaenses e do Tri\u00e2ngulo Mineiro como Frederico Ramos, Ana C\u00e2ndida, Susi Feoli, Juliana Afonso, Rosana Loren, al\u00e9m das participa\u00e7\u00f5es de Juliana Rage, Roberto Lonato e Maria C\u00e1rmem Paiva.<\/p>\n\n\n\n<p>\u201cA Valsa das Montanhas\u201d foi premiado no edital FEC 03\/2021, que possibilitou a realiza\u00e7\u00e3o atrav\u00e9s de recursos do Fundo Estadual de Cultura de Minas Gerais. O curta-metragem teve apoio cultural da Prefeitura Municipal de Arax\u00e1, atrav\u00e9s da Funda\u00e7\u00e3o Calmon Barreto, Casa Canastra, Lojas Parati, Seara Corretora de Gr\u00e3os e UP Automarcas.&nbsp;<\/p>\n\n\n\n<p>O filme far\u00e1 parte da s\u00e9rie \u201cAmor em Minas\u201d, que ser\u00e1 exibida pela Rede Minas. As datas de lan\u00e7amento e exibi\u00e7\u00e3o do filme ainda n\u00e3o est\u00e3o definidas.<\/p>\n","protected":false},"excerpt":{"rendered":"<p>No final do m\u00eas de setembro, aconteceram em Arax\u00e1 e no distrito de S\u00e3o Jo\u00e3o Batista da Serra da Canastra,<\/p>\n","protected":false},"author":2,"featured_media":0,"comment_status":"open","ping_status":"open","sticky":false,"template":"","format":"standard","meta":{"footnotes":""},"categories":[1],"tags":[],"class_list":["post-3007","post","type-post","status-publish","format-standard","hentry","category-sem-categoria"],"_links":{"self":[{"href":"http:\/\/blogdoarmindomaia.com.br\/index.php?rest_route=\/wp\/v2\/posts\/3007","targetHints":{"allow":["GET"]}}],"collection":[{"href":"http:\/\/blogdoarmindomaia.com.br\/index.php?rest_route=\/wp\/v2\/posts"}],"about":[{"href":"http:\/\/blogdoarmindomaia.com.br\/index.php?rest_route=\/wp\/v2\/types\/post"}],"author":[{"embeddable":true,"href":"http:\/\/blogdoarmindomaia.com.br\/index.php?rest_route=\/wp\/v2\/users\/2"}],"replies":[{"embeddable":true,"href":"http:\/\/blogdoarmindomaia.com.br\/index.php?rest_route=%2Fwp%2Fv2%2Fcomments&post=3007"}],"version-history":[{"count":1,"href":"http:\/\/blogdoarmindomaia.com.br\/index.php?rest_route=\/wp\/v2\/posts\/3007\/revisions"}],"predecessor-version":[{"id":3011,"href":"http:\/\/blogdoarmindomaia.com.br\/index.php?rest_route=\/wp\/v2\/posts\/3007\/revisions\/3011"}],"wp:attachment":[{"href":"http:\/\/blogdoarmindomaia.com.br\/index.php?rest_route=%2Fwp%2Fv2%2Fmedia&parent=3007"}],"wp:term":[{"taxonomy":"category","embeddable":true,"href":"http:\/\/blogdoarmindomaia.com.br\/index.php?rest_route=%2Fwp%2Fv2%2Fcategories&post=3007"},{"taxonomy":"post_tag","embeddable":true,"href":"http:\/\/blogdoarmindomaia.com.br\/index.php?rest_route=%2Fwp%2Fv2%2Ftags&post=3007"}],"curies":[{"name":"wp","href":"https:\/\/api.w.org\/{rel}","templated":true}]}}