{"id":3025,"date":"2022-10-13T14:15:40","date_gmt":"2022-10-13T17:15:40","guid":{"rendered":"http:\/\/blogdoarmindomaia.com.br\/?p=3025"},"modified":"2022-10-13T14:15:42","modified_gmt":"2022-10-13T17:15:42","slug":"araxa-realizara-eleicoes-para-diretores-de-unidades-escolares-da-rede-municipal","status":"publish","type":"post","link":"http:\/\/blogdoarmindomaia.com.br\/?p=3025","title":{"rendered":"Arax\u00e1 realizar\u00e1 elei\u00e7\u00f5es para diretores de Unidades Escolares da Rede Municipal"},"content":{"rendered":"\n<figure class=\"wp-block-image size-full\"><img loading=\"lazy\" decoding=\"async\" width=\"1024\" height=\"683\" src=\"http:\/\/blogdoarmindomaia.com.br\/wp-content\/uploads\/2022\/10\/Eleicoes-escolares.jpeg\" alt=\"\" class=\"wp-image-3026\" srcset=\"http:\/\/blogdoarmindomaia.com.br\/wp-content\/uploads\/2022\/10\/Eleicoes-escolares.jpeg 1024w, http:\/\/blogdoarmindomaia.com.br\/wp-content\/uploads\/2022\/10\/Eleicoes-escolares-300x200.jpeg 300w, http:\/\/blogdoarmindomaia.com.br\/wp-content\/uploads\/2022\/10\/Eleicoes-escolares-768x512.jpeg 768w\" sizes=\"auto, (max-width: 1024px) 100vw, 1024px\" \/><\/figure>\n\n\n\n<p>Garantir um ambiente escolar democr\u00e1tico, representativo e que atenda aos anseios da comunidade. Dessa forma, a Prefeitura de Arax\u00e1 vai realizar o Processo de Indica\u00e7\u00e3o do Diretor Escolar para que alunos, pais e servidores possam escolher quem vai exercer o cargo de diretor das Unidades de Ensino da Administra\u00e7\u00e3o Municipal atrav\u00e9s do voto direto.<br><br>O projeto de lei que define esse processo de gest\u00e3o democr\u00e1tica foi aprovado pela C\u00e2mara Municipal de Arax\u00e1 nesta ter\u00e7a-feira (4) e ser\u00e1 sancionado pelo prefeito Robson Magela.<br><br>De acordo com a secret\u00e1ria municipal de Educa\u00e7\u00e3o, Zulma Moreira, a nova legisla\u00e7\u00e3o tamb\u00e9m especifica crit\u00e9rios t\u00e9cnicos de m\u00e9rito e desempenho para a candidatura ao pleito. Entre esses crit\u00e9rios, est\u00e1 a Certifica\u00e7\u00e3o Ocupacional para participa\u00e7\u00e3o de candidatos no processo de escolha de diretor, possuir gradua\u00e7\u00e3o em Pedagogia e apresentar plano de a\u00e7\u00e3o para implementa\u00e7\u00e3o na comunidade, abordando aspectos administrativos, financeiros e pedag\u00f3gicos da unidade de ensino.<br><br>&#8220;Este \u00e9 um dos compromissos assumidos pela gest\u00e3o e que estamos conseguindo dar andamento agora, que j\u00e1 passou a parte mais cr\u00edtica da pandemia. \u00c9 o que chamamos de gest\u00e3o democr\u00e1tica, ou seja, pais, alunos, professores e todos que fazem parte da comunidade escolar participam do processo de escolha desse gestor. Afinal, s\u00e3o eles que t\u00eam esse contato mais pr\u00f3ximo no dia a dia&#8221;, explica a Zulma.<br><br>O prefeito Robson Magela refor\u00e7a que \u00e9 atrav\u00e9s do processo de elei\u00e7\u00e3o que prevalece a vontade da comunidade escolar, conforme as car\u00eancias e anseios que s\u00e3o particulares de cada unidade.<br><br>&#8220;Essa \u00e9 a maneira de trazer mais envolvimento dos servidores e da comunidade com a escola e, consequentemente, com o aprendizado dos alunos. Al\u00e9m de fortalecer o compromisso por parte do diretor, permite a cobran\u00e7a e estabelece a corresponsabilidade de todos que participaram do processo de escolha&#8221;, acrescenta o prefeito.<br><br>Conforme a nova legisla\u00e7\u00e3o, os diretores eleitos permanecer\u00e3o em exerc\u00edcio no cargo pelo per\u00edodo de tr\u00eas anos consecutivos, a contar da data da posse, podendo ser reconduzidos, uma \u00fanica vez, por mais tr\u00eas anos, mediante indica\u00e7\u00e3o em novas elei\u00e7\u00f5es.<br><br>O texto tamb\u00e9m prop\u00f5e que toda a coordena\u00e7\u00e3o do processo de escolha de diretor fique a cargo da Secretaria Municipal de Educa\u00e7\u00e3o que, por meio de Portaria, estabelecer\u00e1 normas complementares, visando assegurar a gest\u00e3o democr\u00e1tica das Unidades de Ensino da Rede Municipal.<br><\/p>\n","protected":false},"excerpt":{"rendered":"<p>Garantir um ambiente escolar democr\u00e1tico, representativo e que atenda aos anseios da comunidade. Dessa forma, a Prefeitura de Arax\u00e1 vai<\/p>\n","protected":false},"author":2,"featured_media":3027,"comment_status":"open","ping_status":"open","sticky":false,"template":"","format":"standard","meta":{"footnotes":""},"categories":[9,13],"tags":[],"class_list":["post-3025","post","type-post","status-publish","format-standard","has-post-thumbnail","hentry","category-araxa","category-educacao"],"_links":{"self":[{"href":"http:\/\/blogdoarmindomaia.com.br\/index.php?rest_route=\/wp\/v2\/posts\/3025","targetHints":{"allow":["GET"]}}],"collection":[{"href":"http:\/\/blogdoarmindomaia.com.br\/index.php?rest_route=\/wp\/v2\/posts"}],"about":[{"href":"http:\/\/blogdoarmindomaia.com.br\/index.php?rest_route=\/wp\/v2\/types\/post"}],"author":[{"embeddable":true,"href":"http:\/\/blogdoarmindomaia.com.br\/index.php?rest_route=\/wp\/v2\/users\/2"}],"replies":[{"embeddable":true,"href":"http:\/\/blogdoarmindomaia.com.br\/index.php?rest_route=%2Fwp%2Fv2%2Fcomments&post=3025"}],"version-history":[{"count":1,"href":"http:\/\/blogdoarmindomaia.com.br\/index.php?rest_route=\/wp\/v2\/posts\/3025\/revisions"}],"predecessor-version":[{"id":3028,"href":"http:\/\/blogdoarmindomaia.com.br\/index.php?rest_route=\/wp\/v2\/posts\/3025\/revisions\/3028"}],"wp:featuredmedia":[{"embeddable":true,"href":"http:\/\/blogdoarmindomaia.com.br\/index.php?rest_route=\/wp\/v2\/media\/3027"}],"wp:attachment":[{"href":"http:\/\/blogdoarmindomaia.com.br\/index.php?rest_route=%2Fwp%2Fv2%2Fmedia&parent=3025"}],"wp:term":[{"taxonomy":"category","embeddable":true,"href":"http:\/\/blogdoarmindomaia.com.br\/index.php?rest_route=%2Fwp%2Fv2%2Fcategories&post=3025"},{"taxonomy":"post_tag","embeddable":true,"href":"http:\/\/blogdoarmindomaia.com.br\/index.php?rest_route=%2Fwp%2Fv2%2Ftags&post=3025"}],"curies":[{"name":"wp","href":"https:\/\/api.w.org\/{rel}","templated":true}]}}