{"id":3029,"date":"2022-10-13T14:18:17","date_gmt":"2022-10-13T17:18:17","guid":{"rendered":"http:\/\/blogdoarmindomaia.com.br\/?p=3029"},"modified":"2022-10-13T14:18:19","modified_gmt":"2022-10-13T17:18:19","slug":"asfaltamento-entre-as-brs-262-e-452-sera-patrocinado-pela-bem-brasil-e-vai-custar-r-30-milhoes","status":"publish","type":"post","link":"http:\/\/blogdoarmindomaia.com.br\/?p=3029","title":{"rendered":"Asfaltamento entre as BRs 262 e 452 ser\u00e1 patrocinado pela Bem Brasil e vai custar R$ 30 milh\u00f5es"},"content":{"rendered":"\n<figure class=\"wp-block-image size-full\"><img loading=\"lazy\" decoding=\"async\" width=\"1000\" height=\"667\" src=\"http:\/\/blogdoarmindomaia.com.br\/wp-content\/uploads\/2022\/10\/Asfaltamento-entre-as-BRs-262-e-452-sera-patrocinado-pela-Bem-Brasil-pag-07.jpg\" alt=\"\" class=\"wp-image-3030\" srcset=\"http:\/\/blogdoarmindomaia.com.br\/wp-content\/uploads\/2022\/10\/Asfaltamento-entre-as-BRs-262-e-452-sera-patrocinado-pela-Bem-Brasil-pag-07.jpg 1000w, http:\/\/blogdoarmindomaia.com.br\/wp-content\/uploads\/2022\/10\/Asfaltamento-entre-as-BRs-262-e-452-sera-patrocinado-pela-Bem-Brasil-pag-07-300x200.jpg 300w, http:\/\/blogdoarmindomaia.com.br\/wp-content\/uploads\/2022\/10\/Asfaltamento-entre-as-BRs-262-e-452-sera-patrocinado-pela-Bem-Brasil-pag-07-768x512.jpg 768w\" sizes=\"auto, (max-width: 1000px) 100vw, 1000px\" \/><\/figure>\n\n\n\n<p>Durante a visita do Secret\u00e1rio de Estado de Infraestrutura e Mobilidade, a Arax\u00e1, em entrevista ao Jornal Intera\u00e7\u00e3o, Fernando Marcato, revelou que, &#8221; por meio de um\u00a0 decreto o Estado de Minas Gerais permitiu que a empresa Bem Brasil pudesse\u00a0 assumir as obras de Asfaltamento num trecho de 15 quil\u00f4metros ligando as BRs 262 e 452, pr\u00f3ximo ao munic\u00edpio de Perdizes, onde a empresa estar\u00e1 recebendo desconto em seus impostos&#8221;. Ainda de acordo com o Secret\u00e1rio Marcato, &#8221; essa obra de pavimenta\u00e7\u00e3o asf\u00e1ltica da Rodovia MGC-462, no trecho citado, sempre foi um anseio antigo da popula\u00e7\u00e3o, de empres\u00e1rios, de produtores da regi\u00e3o de Perdizes e tamb\u00e9m de usu\u00e1rios daquele trecho. S\u00e3o 15 quil\u00f4metros e o nosso governador Romeu Zema j\u00e1\u00a0 editou um decreto para que a Bem Brasil realize a obra e na contrapartida, o decreto vai permitir que a empresa ao inv\u00e9s de pagar o imposto para o governo, invista esse dinheiro em benef\u00edcio da regi\u00e3o&#8221;.<\/p>\n","protected":false},"excerpt":{"rendered":"<p>Durante a visita do Secret\u00e1rio de Estado de Infraestrutura e Mobilidade, a Arax\u00e1, em entrevista ao Jornal Intera\u00e7\u00e3o, Fernando Marcato,<\/p>\n","protected":false},"author":2,"featured_media":3030,"comment_status":"open","ping_status":"open","sticky":false,"template":"","format":"standard","meta":{"footnotes":""},"categories":[9,11],"tags":[],"class_list":["post-3029","post","type-post","status-publish","format-standard","has-post-thumbnail","hentry","category-araxa","category-destaques"],"_links":{"self":[{"href":"http:\/\/blogdoarmindomaia.com.br\/index.php?rest_route=\/wp\/v2\/posts\/3029","targetHints":{"allow":["GET"]}}],"collection":[{"href":"http:\/\/blogdoarmindomaia.com.br\/index.php?rest_route=\/wp\/v2\/posts"}],"about":[{"href":"http:\/\/blogdoarmindomaia.com.br\/index.php?rest_route=\/wp\/v2\/types\/post"}],"author":[{"embeddable":true,"href":"http:\/\/blogdoarmindomaia.com.br\/index.php?rest_route=\/wp\/v2\/users\/2"}],"replies":[{"embeddable":true,"href":"http:\/\/blogdoarmindomaia.com.br\/index.php?rest_route=%2Fwp%2Fv2%2Fcomments&post=3029"}],"version-history":[{"count":1,"href":"http:\/\/blogdoarmindomaia.com.br\/index.php?rest_route=\/wp\/v2\/posts\/3029\/revisions"}],"predecessor-version":[{"id":3031,"href":"http:\/\/blogdoarmindomaia.com.br\/index.php?rest_route=\/wp\/v2\/posts\/3029\/revisions\/3031"}],"wp:featuredmedia":[{"embeddable":true,"href":"http:\/\/blogdoarmindomaia.com.br\/index.php?rest_route=\/wp\/v2\/media\/3030"}],"wp:attachment":[{"href":"http:\/\/blogdoarmindomaia.com.br\/index.php?rest_route=%2Fwp%2Fv2%2Fmedia&parent=3029"}],"wp:term":[{"taxonomy":"category","embeddable":true,"href":"http:\/\/blogdoarmindomaia.com.br\/index.php?rest_route=%2Fwp%2Fv2%2Fcategories&post=3029"},{"taxonomy":"post_tag","embeddable":true,"href":"http:\/\/blogdoarmindomaia.com.br\/index.php?rest_route=%2Fwp%2Fv2%2Ftags&post=3029"}],"curies":[{"name":"wp","href":"https:\/\/api.w.org\/{rel}","templated":true}]}}