{"id":3032,"date":"2022-10-13T14:20:35","date_gmt":"2022-10-13T17:20:35","guid":{"rendered":"http:\/\/blogdoarmindomaia.com.br\/?p=3032"},"modified":"2022-10-13T14:20:37","modified_gmt":"2022-10-13T17:20:37","slug":"camara-municipal-de-araxa-completa-191-anos","status":"publish","type":"post","link":"http:\/\/blogdoarmindomaia.com.br\/?p=3032","title":{"rendered":"C\u00e2mara Municipal de Arax\u00e1 completa 191 anos"},"content":{"rendered":"\n<figure class=\"wp-block-image size-full\"><img loading=\"lazy\" decoding=\"async\" width=\"1000\" height=\"667\" src=\"http:\/\/blogdoarmindomaia.com.br\/wp-content\/uploads\/2022\/10\/Camara-Municipal-de-Araxa-completa-191-anos-pag-07.jpg\" alt=\"\" class=\"wp-image-3033\" srcset=\"http:\/\/blogdoarmindomaia.com.br\/wp-content\/uploads\/2022\/10\/Camara-Municipal-de-Araxa-completa-191-anos-pag-07.jpg 1000w, http:\/\/blogdoarmindomaia.com.br\/wp-content\/uploads\/2022\/10\/Camara-Municipal-de-Araxa-completa-191-anos-pag-07-300x200.jpg 300w, http:\/\/blogdoarmindomaia.com.br\/wp-content\/uploads\/2022\/10\/Camara-Municipal-de-Araxa-completa-191-anos-pag-07-768x512.jpg 768w\" sizes=\"auto, (max-width: 1000px) 100vw, 1000px\" \/><\/figure>\n\n\n\n<p><\/p>\n\n\n\n<p>Na sess\u00e3o ordin\u00e1ria da C\u00e2mara, realizada na tarde da \u00faltima ter\u00e7a feira, 11 de outubro, a mesa diretora do Legislativo Araxaense, destacou os 191 anos de cria\u00e7\u00e3o do parlamento local. A C\u00e2mara Municipal de Arax\u00e1 foi criada em 13 de outubro de 1831. Constituir a C\u00e2mara era uma das exig\u00eancias para que a cidade conquistasse a condi\u00e7\u00e3o de vila, al\u00e9m de outros requisitos como possuir um f\u00f3rum e uma cadeia. Atendidas essas obriga\u00e7\u00f5es formou-se a Vila de S\u00e3o Domingos de Arax\u00e1. Em entrevista ao Jornal Intera\u00e7\u00e3o, o Presidente da C\u00e2mara, o vereador Raphael Rios, disse que, &#8221; \u00e9 muito importante comemorar essa data, que por muito tempo ficou esquecida. E para lembrar e reverenciar a rica atua\u00e7\u00e3o do Legislativo Araxaense, a gente buscou um contexto hist\u00f3rico, pesquisamos em nossos arquivos e passamos a comemorar e valorizar tamb\u00e9m o dia da responsabilidade social Legislativa&#8221;. Durante a reuni\u00e3o ordin\u00e1ria desta semana, v\u00e1rios vereadores tamb\u00e9m usaram a palavra para destacar a import\u00e2ncia da C\u00e2mara Municipal de Arax\u00e1, na consolida\u00e7\u00e3o do desenvolvimento e progresso do munic\u00edpio de Arax\u00e1.<\/p>\n\n\n\n<figure class=\"wp-block-image size-large\"><img loading=\"lazy\" decoding=\"async\" width=\"1024\" height=\"768\" src=\"http:\/\/blogdoarmindomaia.com.br\/wp-content\/uploads\/2022\/10\/2c913a15-06ab-4cbe-b5de-ab59737c11a1-1024x768.jpg\" alt=\"\" class=\"wp-image-3034\" srcset=\"http:\/\/blogdoarmindomaia.com.br\/wp-content\/uploads\/2022\/10\/2c913a15-06ab-4cbe-b5de-ab59737c11a1-1024x768.jpg 1024w, http:\/\/blogdoarmindomaia.com.br\/wp-content\/uploads\/2022\/10\/2c913a15-06ab-4cbe-b5de-ab59737c11a1-300x225.jpg 300w, http:\/\/blogdoarmindomaia.com.br\/wp-content\/uploads\/2022\/10\/2c913a15-06ab-4cbe-b5de-ab59737c11a1-768x576.jpg 768w, http:\/\/blogdoarmindomaia.com.br\/wp-content\/uploads\/2022\/10\/2c913a15-06ab-4cbe-b5de-ab59737c11a1-1536x1152.jpg 1536w, http:\/\/blogdoarmindomaia.com.br\/wp-content\/uploads\/2022\/10\/2c913a15-06ab-4cbe-b5de-ab59737c11a1.jpg 1600w\" sizes=\"auto, (max-width: 1024px) 100vw, 1024px\" \/><\/figure>\n","protected":false},"excerpt":{"rendered":"<p>Na sess\u00e3o ordin\u00e1ria da C\u00e2mara, realizada na tarde da \u00faltima ter\u00e7a feira, 11 de outubro, a mesa diretora do Legislativo<\/p>\n","protected":false},"author":2,"featured_media":3034,"comment_status":"open","ping_status":"open","sticky":false,"template":"","format":"standard","meta":{"footnotes":""},"categories":[9,11],"tags":[],"class_list":["post-3032","post","type-post","status-publish","format-standard","has-post-thumbnail","hentry","category-araxa","category-destaques"],"_links":{"self":[{"href":"http:\/\/blogdoarmindomaia.com.br\/index.php?rest_route=\/wp\/v2\/posts\/3032","targetHints":{"allow":["GET"]}}],"collection":[{"href":"http:\/\/blogdoarmindomaia.com.br\/index.php?rest_route=\/wp\/v2\/posts"}],"about":[{"href":"http:\/\/blogdoarmindomaia.com.br\/index.php?rest_route=\/wp\/v2\/types\/post"}],"author":[{"embeddable":true,"href":"http:\/\/blogdoarmindomaia.com.br\/index.php?rest_route=\/wp\/v2\/users\/2"}],"replies":[{"embeddable":true,"href":"http:\/\/blogdoarmindomaia.com.br\/index.php?rest_route=%2Fwp%2Fv2%2Fcomments&post=3032"}],"version-history":[{"count":1,"href":"http:\/\/blogdoarmindomaia.com.br\/index.php?rest_route=\/wp\/v2\/posts\/3032\/revisions"}],"predecessor-version":[{"id":3035,"href":"http:\/\/blogdoarmindomaia.com.br\/index.php?rest_route=\/wp\/v2\/posts\/3032\/revisions\/3035"}],"wp:featuredmedia":[{"embeddable":true,"href":"http:\/\/blogdoarmindomaia.com.br\/index.php?rest_route=\/wp\/v2\/media\/3034"}],"wp:attachment":[{"href":"http:\/\/blogdoarmindomaia.com.br\/index.php?rest_route=%2Fwp%2Fv2%2Fmedia&parent=3032"}],"wp:term":[{"taxonomy":"category","embeddable":true,"href":"http:\/\/blogdoarmindomaia.com.br\/index.php?rest_route=%2Fwp%2Fv2%2Fcategories&post=3032"},{"taxonomy":"post_tag","embeddable":true,"href":"http:\/\/blogdoarmindomaia.com.br\/index.php?rest_route=%2Fwp%2Fv2%2Ftags&post=3032"}],"curies":[{"name":"wp","href":"https:\/\/api.w.org\/{rel}","templated":true}]}}