{"id":3043,"date":"2022-10-13T14:28:49","date_gmt":"2022-10-13T17:28:49","guid":{"rendered":"http:\/\/blogdoarmindomaia.com.br\/?p=3043"},"modified":"2022-10-13T14:28:51","modified_gmt":"2022-10-13T17:28:51","slug":"secretaria-de-saude-e-parceiros-promovem-acoes-no-outubro-rosa","status":"publish","type":"post","link":"http:\/\/blogdoarmindomaia.com.br\/?p=3043","title":{"rendered":"Secretaria de Sa\u00fade e parceiros promovem a\u00e7\u00f5es\u00a0no Outubro Rosa"},"content":{"rendered":"\n<figure class=\"wp-block-image size-full\"><img loading=\"lazy\" decoding=\"async\" width=\"1024\" height=\"683\" src=\"http:\/\/blogdoarmindomaia.com.br\/wp-content\/uploads\/2022\/10\/Outubro-Rosa.jpeg\" alt=\"\" class=\"wp-image-3044\" srcset=\"http:\/\/blogdoarmindomaia.com.br\/wp-content\/uploads\/2022\/10\/Outubro-Rosa.jpeg 1024w, http:\/\/blogdoarmindomaia.com.br\/wp-content\/uploads\/2022\/10\/Outubro-Rosa-300x200.jpeg 300w, http:\/\/blogdoarmindomaia.com.br\/wp-content\/uploads\/2022\/10\/Outubro-Rosa-768x512.jpeg 768w\" sizes=\"auto, (max-width: 1024px) 100vw, 1024px\" \/><\/figure>\n\n\n\n<p>A Secretaria Municipal de Sa\u00fade realiza, at\u00e9 o final deste m\u00eas, diversas atividades alusivas \u00e0 Campanha Outubro Rosa. A programa\u00e7\u00e3o especial ocorre em diferentes pontos da cidade e tem como principal alertar e conscientizar o p\u00fablico feminino sobre a import\u00e2ncia da preven\u00e7\u00e3o e do diagn\u00f3stico precoce do c\u00e2ncer de mama e do c\u00e2ncer de colo do \u00fatero.<br><br>Palestras, orienta\u00e7\u00f5es na sala de espera, murais tem\u00e1ticos, divulga\u00e7\u00e3o da oferta de servi\u00e7os e hor\u00e1rio estendido para coleta de citologia s\u00e3o algumas das a\u00e7\u00f5es que acontecem nas Unidades B\u00e1sicas de Sa\u00fade, nas Estrat\u00e9gias de Sa\u00fade da Fam\u00edlia, em empresas parceiras e no Parque do Cristo (caminhada).<br><br>A secret\u00e1ria municipal de Sa\u00fade, Cristiane Gon\u00e7alves Pereira, comenta sobre a import\u00e2ncia da campanha e da participa\u00e7\u00e3o da mulher araxaense. \u201cA preven\u00e7\u00e3o, detec\u00e7\u00e3o precoce e os cuidados com a sa\u00fade da mulher s\u00e3o a\u00e7\u00f5es que acontecem durante o ano todo, mas em outubro s\u00e3o intensificadas. Neste m\u00eas voltamos nossos esfor\u00e7os para levar aten\u00e7\u00e3o especializada e informa\u00e7\u00f5es que salvam vidas. Sabemos que o c\u00e2ncer atinge crian\u00e7as, jovens, adultos e idosos, e dessa forma, torna-se imprescind\u00edvel um momento de reflex\u00e3o e alerta\u201d, afirma.<br><br><strong>Sobre a campanha<\/strong><br><br>Outubro Rosa \u00e9 um movimento internacional de conscientiza\u00e7\u00e3o para o controle do c\u00e2ncer de mama e \u00e9 celebrado anualmente. Tem como objetivo, compartilhar informa\u00e7\u00f5es sobre a doen\u00e7a, proporcionar maior acesso aos servi\u00e7os de diagn\u00f3stico e de tratamento e contribuir para a redu\u00e7\u00e3o da mortalidade.<br><br>De acordo com o Instituto Nacional de C\u00e2ncer (INCA), a doen\u00e7a \u00e9 o tipo que mais acomete mulheres em todo o mundo. Para o Brasil, a estimativa foi de 66.280 casos novos de c\u00e2ncer de mama em 2021, com um risco estimado de 61,61 casos a cada 100 mil mulheres.<br><br>Esse tipo de c\u00e2ncer tamb\u00e9m ocupa a primeira posi\u00e7\u00e3o em mortalidade por c\u00e2ncer entre as mulheres do nosso pa\u00eds, com as maiores taxas de incid\u00eancia est\u00e3o nas regi\u00f5es Sul e Sudeste do Brasil.<br><br>Os principais sinais e sintomas suspeitos de c\u00e2ncer de mama s\u00e3o caro\u00e7o (n\u00f3dulo), geralmente endurecido, fixo e indolor; pele da mama avermelhada ou parecida com casca de laranja; altera\u00e7\u00f5es no bico do peito (mamilo) e sa\u00edda espont\u00e2nea de l\u00edquido de um dos mamilos. Tamb\u00e9m podem aparecer pequenos n\u00f3dulos no pesco\u00e7o ou na regi\u00e3o das axilas. O c\u00e2ncer de mama pode ser curado. Quanto mais cedo ele for detectado, mais f\u00e1cil ser\u00e1 cur\u00e1-lo.<br><br><strong>Programa\u00e7\u00e3o<\/strong><br><br>&#8211; A\u00e7\u00f5es em todas Unidades B\u00e1sicas de Sa\u00fade e Estrat\u00e9gias de Sa\u00fade da Fam\u00edlia, com educa\u00e7\u00e3o em sa\u00fade para os colaboradores e p\u00fablico feminino, oferta de servi\u00e7os, entrega de brindes e orienta\u00e7\u00f5es;<br><br>&#8211; Palestras em empresas parceiras;<br><br>&#8211; Hor\u00e1rio estendido para coleta de citologia nas Unidades de Sa\u00fade. As interessadas podem ligar na unidade de ESF de refer\u00eancia para agendamento ou ir pessoalmente at\u00e9 um dos locais;<br><br>&#8211; 15\/10 (s\u00e1bado), Unisa: mutir\u00e3o de ultrassonografia da mama. S\u00e3o 30 vagas dispon\u00edveis. Para mais informa\u00e7\u00f5es, ligar para 3691-7003;<br><br>-15\/10 (s\u00e1bado), Casa do Pequeno Jardineiro: 14h \u00e0s 15h30 &#8211; Dia da mulher ruralista, em parceria com Secretaria Municipal de Agricultura e Pecu\u00e1ria, com palestra sobre a sa\u00fade da mulher;<br><br>17\/10 (segunda), Anfiteatro da C\u00e2mara Municipal: 15h &#8211; Palestra em parceria com Funda\u00e7\u00e3o de Assist\u00eancia \u00e0 Mulher Araxaense (Fama), com a pedagoga Mirthes Mirian, a assistente social Phamela Mayra de Resende Pereira e a psic\u00f3loga Tatiana Kodama &#8211; tema \u201cMulher de verdade &#8211; Autoestima e Sexualidade\u201d;<br><br>&#8211; 27\/10 (quinta), Parque do Cristo: 8h &#8211; Caminhada em parceria com a Fama, Ampara e demais parceiros.<\/p>\n","protected":false},"excerpt":{"rendered":"<p>A Secretaria Municipal de Sa\u00fade realiza, at\u00e9 o final deste m\u00eas, diversas atividades alusivas \u00e0 Campanha Outubro Rosa. A programa\u00e7\u00e3o<\/p>\n","protected":false},"author":2,"featured_media":3044,"comment_status":"open","ping_status":"open","sticky":false,"template":"","format":"standard","meta":{"footnotes":""},"categories":[9,29],"tags":[],"class_list":["post-3043","post","type-post","status-publish","format-standard","has-post-thumbnail","hentry","category-araxa","category-saude"],"_links":{"self":[{"href":"http:\/\/blogdoarmindomaia.com.br\/index.php?rest_route=\/wp\/v2\/posts\/3043","targetHints":{"allow":["GET"]}}],"collection":[{"href":"http:\/\/blogdoarmindomaia.com.br\/index.php?rest_route=\/wp\/v2\/posts"}],"about":[{"href":"http:\/\/blogdoarmindomaia.com.br\/index.php?rest_route=\/wp\/v2\/types\/post"}],"author":[{"embeddable":true,"href":"http:\/\/blogdoarmindomaia.com.br\/index.php?rest_route=\/wp\/v2\/users\/2"}],"replies":[{"embeddable":true,"href":"http:\/\/blogdoarmindomaia.com.br\/index.php?rest_route=%2Fwp%2Fv2%2Fcomments&post=3043"}],"version-history":[{"count":1,"href":"http:\/\/blogdoarmindomaia.com.br\/index.php?rest_route=\/wp\/v2\/posts\/3043\/revisions"}],"predecessor-version":[{"id":3045,"href":"http:\/\/blogdoarmindomaia.com.br\/index.php?rest_route=\/wp\/v2\/posts\/3043\/revisions\/3045"}],"wp:featuredmedia":[{"embeddable":true,"href":"http:\/\/blogdoarmindomaia.com.br\/index.php?rest_route=\/wp\/v2\/media\/3044"}],"wp:attachment":[{"href":"http:\/\/blogdoarmindomaia.com.br\/index.php?rest_route=%2Fwp%2Fv2%2Fmedia&parent=3043"}],"wp:term":[{"taxonomy":"category","embeddable":true,"href":"http:\/\/blogdoarmindomaia.com.br\/index.php?rest_route=%2Fwp%2Fv2%2Fcategories&post=3043"},{"taxonomy":"post_tag","embeddable":true,"href":"http:\/\/blogdoarmindomaia.com.br\/index.php?rest_route=%2Fwp%2Fv2%2Ftags&post=3043"}],"curies":[{"name":"wp","href":"https:\/\/api.w.org\/{rel}","templated":true}]}}