{"id":3046,"date":"2022-10-13T14:33:21","date_gmt":"2022-10-13T17:33:21","guid":{"rendered":"http:\/\/blogdoarmindomaia.com.br\/?p=3046"},"modified":"2022-10-13T14:33:24","modified_gmt":"2022-10-13T17:33:24","slug":"raphael-rios-faz-balanco-da-campanha-a-deputado-federal","status":"publish","type":"post","link":"http:\/\/blogdoarmindomaia.com.br\/?p=3046","title":{"rendered":"Raphael Rios faz balan\u00e7o da campanha a deputado federal"},"content":{"rendered":"\n<figure class=\"wp-block-image size-full\"><img loading=\"lazy\" decoding=\"async\" width=\"632\" height=\"397\" src=\"http:\/\/blogdoarmindomaia.com.br\/wp-content\/uploads\/2022\/10\/Raphael-Rios-Pres.Camara-de-Araxa.jpg\" alt=\"\" class=\"wp-image-3047\" srcset=\"http:\/\/blogdoarmindomaia.com.br\/wp-content\/uploads\/2022\/10\/Raphael-Rios-Pres.Camara-de-Araxa.jpg 632w, http:\/\/blogdoarmindomaia.com.br\/wp-content\/uploads\/2022\/10\/Raphael-Rios-Pres.Camara-de-Araxa-300x188.jpg 300w\" sizes=\"auto, (max-width: 632px) 100vw, 632px\" \/><\/figure>\n\n\n\n<p>Mesmo n\u00e3o sendo eleito, o jornalista araxaense, vereador do partido Cidadania, e atual presidente da C\u00e2mara Municipal de Arax\u00e1, Raphael Rios, obteve uma expressiva vota\u00e7\u00e3o nas elei\u00e7\u00f5es 2022 concorrendo ao cargo de Deputado Federal. Raphael teve em toda Minas Gerais; 31.208 votos. Em Arax\u00e1, a sua cidade natal, ele conseguiu 50,66% dos votos v\u00e1lidos, representando 28.026 e na regi\u00e3o conquistou 3.182, sendo o candidato a deputado federal mais bem votado no Estado Mineiro,\u00a0 pela sua agremia\u00e7\u00e3o partid\u00e1ria, o Cidadania. Est\u00e1 semana em entrevista ao Jornal Intera\u00e7\u00e3o, Raphael agradeceu aos eleitores e aos apoiadores e disse que, &#8221; n\u00f3s fizemos uma campanha pautada no respeito as demais candidaturas, onde a gente colocou nosso nome e nossas propostas nas ruas para que as popula\u00e7\u00f5es de Arax\u00e1 e da nossa regi\u00e3o e a import\u00e2ncia de podermos usar o nosso capital pol\u00edtico para que Arax\u00e1 possa ocupar um lugar de direito e representativo t\u00e3o importante. E eu s\u00f3 queria agradecer a toda popula\u00e7\u00e3o de Arax\u00e1, pelos mais de 50 por cento dos votos v\u00e1lidos que foram confiados a minha pessoa e isso me d\u00e1 ainda mais responsabilidade e o desejo de trabalhar nesse momento de minha vida p\u00fablica &#8220;.<\/p>\n","protected":false},"excerpt":{"rendered":"<p>Mesmo n\u00e3o sendo eleito, o jornalista araxaense, vereador do partido Cidadania, e atual presidente da C\u00e2mara Municipal de Arax\u00e1, Raphael<\/p>\n","protected":false},"author":2,"featured_media":3047,"comment_status":"open","ping_status":"open","sticky":false,"template":"","format":"standard","meta":{"footnotes":""},"categories":[9,25],"tags":[],"class_list":["post-3046","post","type-post","status-publish","format-standard","has-post-thumbnail","hentry","category-araxa","category-politica"],"_links":{"self":[{"href":"http:\/\/blogdoarmindomaia.com.br\/index.php?rest_route=\/wp\/v2\/posts\/3046","targetHints":{"allow":["GET"]}}],"collection":[{"href":"http:\/\/blogdoarmindomaia.com.br\/index.php?rest_route=\/wp\/v2\/posts"}],"about":[{"href":"http:\/\/blogdoarmindomaia.com.br\/index.php?rest_route=\/wp\/v2\/types\/post"}],"author":[{"embeddable":true,"href":"http:\/\/blogdoarmindomaia.com.br\/index.php?rest_route=\/wp\/v2\/users\/2"}],"replies":[{"embeddable":true,"href":"http:\/\/blogdoarmindomaia.com.br\/index.php?rest_route=%2Fwp%2Fv2%2Fcomments&post=3046"}],"version-history":[{"count":1,"href":"http:\/\/blogdoarmindomaia.com.br\/index.php?rest_route=\/wp\/v2\/posts\/3046\/revisions"}],"predecessor-version":[{"id":3048,"href":"http:\/\/blogdoarmindomaia.com.br\/index.php?rest_route=\/wp\/v2\/posts\/3046\/revisions\/3048"}],"wp:featuredmedia":[{"embeddable":true,"href":"http:\/\/blogdoarmindomaia.com.br\/index.php?rest_route=\/wp\/v2\/media\/3047"}],"wp:attachment":[{"href":"http:\/\/blogdoarmindomaia.com.br\/index.php?rest_route=%2Fwp%2Fv2%2Fmedia&parent=3046"}],"wp:term":[{"taxonomy":"category","embeddable":true,"href":"http:\/\/blogdoarmindomaia.com.br\/index.php?rest_route=%2Fwp%2Fv2%2Fcategories&post=3046"},{"taxonomy":"post_tag","embeddable":true,"href":"http:\/\/blogdoarmindomaia.com.br\/index.php?rest_route=%2Fwp%2Fv2%2Ftags&post=3046"}],"curies":[{"name":"wp","href":"https:\/\/api.w.org\/{rel}","templated":true}]}}