{"id":3070,"date":"2022-10-17T11:07:19","date_gmt":"2022-10-17T14:07:19","guid":{"rendered":"http:\/\/blogdoarmindomaia.com.br\/?p=3070"},"modified":"2022-10-17T11:07:21","modified_gmt":"2022-10-17T14:07:21","slug":"araxa-abre-cadastro-para-o-ensino-infantil-municipal","status":"publish","type":"post","link":"http:\/\/blogdoarmindomaia.com.br\/?p=3070","title":{"rendered":"Arax\u00e1 abre cadastro para o Ensino Infantil Municipal"},"content":{"rendered":"\n<figure class=\"wp-block-image size-large\"><img loading=\"lazy\" decoding=\"async\" width=\"1024\" height=\"682\" src=\"http:\/\/blogdoarmindomaia.com.br\/wp-content\/uploads\/2022\/10\/Araxa-abre-cadastro-para-o-Ensino-Infantil-Municipal-pag-03-1024x682.jpeg\" alt=\"\" class=\"wp-image-3071\" srcset=\"http:\/\/blogdoarmindomaia.com.br\/wp-content\/uploads\/2022\/10\/Araxa-abre-cadastro-para-o-Ensino-Infantil-Municipal-pag-03-1024x682.jpeg 1024w, http:\/\/blogdoarmindomaia.com.br\/wp-content\/uploads\/2022\/10\/Araxa-abre-cadastro-para-o-Ensino-Infantil-Municipal-pag-03-300x200.jpeg 300w, http:\/\/blogdoarmindomaia.com.br\/wp-content\/uploads\/2022\/10\/Araxa-abre-cadastro-para-o-Ensino-Infantil-Municipal-pag-03-768x512.jpeg 768w, http:\/\/blogdoarmindomaia.com.br\/wp-content\/uploads\/2022\/10\/Araxa-abre-cadastro-para-o-Ensino-Infantil-Municipal-pag-03.jpeg 1280w\" sizes=\"auto, (max-width: 1024px) 100vw, 1024px\" \/><\/figure>\n\n\n\n<p>Entre os dias 17 de outubro e 4 de novembro, a Secretaria Municipal de Educa\u00e7\u00e3o realiza o Cadastro Escolar de crian\u00e7as na Educa\u00e7\u00e3o Infantil. O cadastro \u00e9 aberto para crian\u00e7as a partir de 4 meses at\u00e9 5 anos de idade. Lembrando que para quem completa 4 anos at\u00e9 o dia 31 de mar\u00e7o de 2023, o ingresso na escola \u00e9 obrigat\u00f3rio.<br><br>Para realizar o cadastro, os pais ou respons\u00e1veis devem preencher uma ficha eletr\u00f4nica no link: (&nbsp;<a href=\"https:\/\/forms.gle\/cwCpLJ3gckCSrSpb8\" target=\"_blank\" rel=\"noreferrer noopener\">https:\/\/forms.gle\/cwCpLJ3gckCSrSpb8<\/a>&nbsp;). A fam\u00edlia que tem dificuldade ou n\u00e3o tem acesso \u00e0 internet pode procurar uma unidade escolar e um servidor ir\u00e1 auxiliar no preenchimento do formul\u00e1rio.<br><br>O cadastro pode ser feito em at\u00e9 tr\u00eas unidades de ensino, desde que localizadas na mesma regi\u00e3o de resid\u00eancia da crian\u00e7a. No dia 28 de novembro sair\u00e1 a divulga\u00e7\u00e3o do resultado em cada unidade escolar.<br><br>De acordo com a Secretaria Municipal de Educa\u00e7\u00e3o, o cadastro n\u00e3o \u00e9 garantia da vaga e n\u00e3o tem validade como matr\u00edcula, mas, sim, como um levantamento da Educa\u00e7\u00e3o Infantil para que o Munic\u00edpio possa ter um par\u00e2metro da atual demanda da cidade.<br><\/p>\n","protected":false},"excerpt":{"rendered":"<p>Entre os dias 17 de outubro e 4 de novembro, a Secretaria Municipal de Educa\u00e7\u00e3o realiza o Cadastro Escolar de<\/p>\n","protected":false},"author":2,"featured_media":3071,"comment_status":"open","ping_status":"open","sticky":false,"template":"","format":"standard","meta":{"footnotes":""},"categories":[9,13],"tags":[],"class_list":["post-3070","post","type-post","status-publish","format-standard","has-post-thumbnail","hentry","category-araxa","category-educacao"],"_links":{"self":[{"href":"http:\/\/blogdoarmindomaia.com.br\/index.php?rest_route=\/wp\/v2\/posts\/3070","targetHints":{"allow":["GET"]}}],"collection":[{"href":"http:\/\/blogdoarmindomaia.com.br\/index.php?rest_route=\/wp\/v2\/posts"}],"about":[{"href":"http:\/\/blogdoarmindomaia.com.br\/index.php?rest_route=\/wp\/v2\/types\/post"}],"author":[{"embeddable":true,"href":"http:\/\/blogdoarmindomaia.com.br\/index.php?rest_route=\/wp\/v2\/users\/2"}],"replies":[{"embeddable":true,"href":"http:\/\/blogdoarmindomaia.com.br\/index.php?rest_route=%2Fwp%2Fv2%2Fcomments&post=3070"}],"version-history":[{"count":1,"href":"http:\/\/blogdoarmindomaia.com.br\/index.php?rest_route=\/wp\/v2\/posts\/3070\/revisions"}],"predecessor-version":[{"id":3072,"href":"http:\/\/blogdoarmindomaia.com.br\/index.php?rest_route=\/wp\/v2\/posts\/3070\/revisions\/3072"}],"wp:featuredmedia":[{"embeddable":true,"href":"http:\/\/blogdoarmindomaia.com.br\/index.php?rest_route=\/wp\/v2\/media\/3071"}],"wp:attachment":[{"href":"http:\/\/blogdoarmindomaia.com.br\/index.php?rest_route=%2Fwp%2Fv2%2Fmedia&parent=3070"}],"wp:term":[{"taxonomy":"category","embeddable":true,"href":"http:\/\/blogdoarmindomaia.com.br\/index.php?rest_route=%2Fwp%2Fv2%2Fcategories&post=3070"},{"taxonomy":"post_tag","embeddable":true,"href":"http:\/\/blogdoarmindomaia.com.br\/index.php?rest_route=%2Fwp%2Fv2%2Ftags&post=3070"}],"curies":[{"name":"wp","href":"https:\/\/api.w.org\/{rel}","templated":true}]}}