{"id":3083,"date":"2022-10-17T11:35:16","date_gmt":"2022-10-17T14:35:16","guid":{"rendered":"http:\/\/blogdoarmindomaia.com.br\/?p=3083"},"modified":"2022-10-17T11:35:19","modified_gmt":"2022-10-17T14:35:19","slug":"associacao-kosmos-participa-da-copa-america-de-taekwond","status":"publish","type":"post","link":"http:\/\/blogdoarmindomaia.com.br\/?p=3083","title":{"rendered":"Associa\u00e7\u00e3o Kosmo\u2019s participa da Copa Am\u00e9rica de Taekwond"},"content":{"rendered":"\n<figure class=\"wp-block-image size-full\"><img loading=\"lazy\" decoding=\"async\" width=\"768\" height=\"1024\" src=\"http:\/\/blogdoarmindomaia.com.br\/wp-content\/uploads\/2022\/10\/foto-copa-amaerica.jpg\" alt=\"\" class=\"wp-image-3084\" srcset=\"http:\/\/blogdoarmindomaia.com.br\/wp-content\/uploads\/2022\/10\/foto-copa-amaerica.jpg 768w, http:\/\/blogdoarmindomaia.com.br\/wp-content\/uploads\/2022\/10\/foto-copa-amaerica-225x300.jpg 225w\" sizes=\"auto, (max-width: 768px) 100vw, 768px\" \/><\/figure>\n\n\n\n<p>A ASSOCIA\u00c7\u00c3O BRASILEIRA KOSMO\u00b4S DE ARTES MARCIAIS, PARTICIPOU NOS DIAS 8 E 9 DE OUTUBRO\/2022, DA 14\u00aa COPA AM\u00c9RICA DE TAEKWONDO NA CIDADE DE ARUJ\u00c1\/SP, PROMOVIDO PELA LIGA NACIONAL DE TAEKWONDO.<\/p>\n\n\n\n<p>A ASSOCIA\u00c7\u00c3O KOSMO\u00b4S PARTICIPOU LEVANDO DOIS ALT\u00c9TAS, SENDO UM ALUNO (GUILHEREME FERREIRA FAIXA VERDE) DO PROJETO TAEKWONDO ARTE DE VENCER, ONDE S\u00c3O ATENDIDOS GRATUITAMENTE CRIAN\u00c7AS E ADOLESCENTES DOS 08 AOS 17 ANOS, QUE CONQUISTOU O VICE CAMPEONATO NA CATEGORIA JUVENIL, E UMA ALT\u00c9TA ADULTA (LUANA SANTOS) FAIXA PRETA 1\u00ba DAN, QUE CONQUISTOU O 1\u00ba LUGAR NA CATEGORIA ADULTO.<\/p>\n\n\n\n<p>O EVENTO CONTOU COM A PARTICIPA\u00c7\u00c3O DE V\u00c1RIOS ATL\u00c9TAS DE TODO O BRASIL E EXTERIOR, AL\u00c9M DA PRESEN\u00c7\u00c3 DE V\u00c1RIOS EX CAMPE\u00d5ES DE TAEKWONDO, QUE S\u00c3O REFERENCIA PARA OS NOVOS ATL\u00c9TAS QUE REPRESENTARAO O BRASIL NAS COMPETI\u00c7\u00d5ES NACIONAIS E INTERNACIONAIS.<\/p>\n\n\n\n<p>OS ATLETAS DA KOSMO\u00b4S FORAM TREINADOS PELO GR\u00c3O-MESTRE ADILSON RODRIGUES E PELO T\u00c9CNICO (KYIOSANIM\/PROFESSOR) CAIO BORGES AUXILIADOS PELO SUPERVISOR DA KOSMO\u00b4S ROBERT LUCAS.<\/p>\n\n\n\n<p>AGRADECEMOS \u00c1 DEUS POR ESTA CONQUISTA, E A DIRETORIA DA LIGA NACIONAL DE TAEKWONDO, POR ESTA PARTICIPA\u00c7\u00c3O.<\/p>\n\n\n\n<p>E CONTINUAREMOS TREINANDO FORTE PARA BUSCAS DE NOVAS CONQUISTAS, LEVANDO O NOME DA CIDADE DE ARAX\u00c1 E DA ASSOCIA\u00c7\u00c3O KOSMO\u00b4S NAS DIVERSAR REGIOES DO CEN\u00c1RIOS NACIONAL E FUTURAMENTE NO EXTERIOR.<\/p>\n\n\n\n<p>Contato: Academia Rua S\u00e3o Luiz n\u00ba 459 Centro (ao lado do Asilo S\u00e3o Vicente de Paula).<\/p>\n\n\n\n<p><a href=\"Tel:3437-2700\">Tel:3437-2700<\/a>&nbsp;&nbsp;&nbsp;&nbsp;&nbsp;&nbsp;&nbsp;&nbsp;&nbsp;&nbsp;&nbsp;&nbsp;&nbsp;&nbsp;&nbsp;&nbsp;&nbsp;&nbsp;&nbsp;&nbsp;&nbsp;&nbsp;&nbsp;&nbsp;&nbsp;&nbsp;&nbsp;&nbsp;&nbsp;&nbsp;&nbsp;&nbsp;&nbsp;&nbsp;&nbsp;&nbsp;&nbsp;&nbsp;&nbsp;&nbsp;&nbsp;&nbsp;&nbsp;&nbsp;&nbsp;&nbsp;&nbsp;&nbsp;&nbsp;&nbsp;&nbsp;&nbsp;&nbsp;&nbsp;&nbsp;&nbsp;&nbsp;&nbsp;&nbsp;&nbsp;&nbsp;&nbsp;&nbsp;&nbsp;&nbsp;&nbsp;&nbsp;&nbsp;&nbsp;&nbsp;&nbsp;&nbsp;&nbsp;&nbsp;&nbsp;&nbsp;&nbsp;<\/p>\n\n\n\n<p>Instagran;associacaokosmos<\/p>\n","protected":false},"excerpt":{"rendered":"<p>A ASSOCIA\u00c7\u00c3O BRASILEIRA KOSMO\u00b4S DE ARTES MARCIAIS, PARTICIPOU NOS DIAS 8 E 9 DE OUTUBRO\/2022, DA 14\u00aa COPA AM\u00c9RICA DE<\/p>\n","protected":false},"author":2,"featured_media":3084,"comment_status":"open","ping_status":"open","sticky":false,"template":"","format":"standard","meta":{"footnotes":""},"categories":[9,15],"tags":[],"class_list":["post-3083","post","type-post","status-publish","format-standard","has-post-thumbnail","hentry","category-araxa","category-esportes"],"_links":{"self":[{"href":"http:\/\/blogdoarmindomaia.com.br\/index.php?rest_route=\/wp\/v2\/posts\/3083","targetHints":{"allow":["GET"]}}],"collection":[{"href":"http:\/\/blogdoarmindomaia.com.br\/index.php?rest_route=\/wp\/v2\/posts"}],"about":[{"href":"http:\/\/blogdoarmindomaia.com.br\/index.php?rest_route=\/wp\/v2\/types\/post"}],"author":[{"embeddable":true,"href":"http:\/\/blogdoarmindomaia.com.br\/index.php?rest_route=\/wp\/v2\/users\/2"}],"replies":[{"embeddable":true,"href":"http:\/\/blogdoarmindomaia.com.br\/index.php?rest_route=%2Fwp%2Fv2%2Fcomments&post=3083"}],"version-history":[{"count":1,"href":"http:\/\/blogdoarmindomaia.com.br\/index.php?rest_route=\/wp\/v2\/posts\/3083\/revisions"}],"predecessor-version":[{"id":3085,"href":"http:\/\/blogdoarmindomaia.com.br\/index.php?rest_route=\/wp\/v2\/posts\/3083\/revisions\/3085"}],"wp:featuredmedia":[{"embeddable":true,"href":"http:\/\/blogdoarmindomaia.com.br\/index.php?rest_route=\/wp\/v2\/media\/3084"}],"wp:attachment":[{"href":"http:\/\/blogdoarmindomaia.com.br\/index.php?rest_route=%2Fwp%2Fv2%2Fmedia&parent=3083"}],"wp:term":[{"taxonomy":"category","embeddable":true,"href":"http:\/\/blogdoarmindomaia.com.br\/index.php?rest_route=%2Fwp%2Fv2%2Fcategories&post=3083"},{"taxonomy":"post_tag","embeddable":true,"href":"http:\/\/blogdoarmindomaia.com.br\/index.php?rest_route=%2Fwp%2Fv2%2Ftags&post=3083"}],"curies":[{"name":"wp","href":"https:\/\/api.w.org\/{rel}","templated":true}]}}