{"id":3089,"date":"2022-10-17T14:12:33","date_gmt":"2022-10-17T17:12:33","guid":{"rendered":"http:\/\/blogdoarmindomaia.com.br\/?p=3089"},"modified":"2022-10-17T14:12:35","modified_gmt":"2022-10-17T17:12:35","slug":"dinamo-lanca-hino-oficial%ef%bf%bc","status":"publish","type":"post","link":"http:\/\/blogdoarmindomaia.com.br\/?p=3089","title":{"rendered":"D\u00ednamo lan\u00e7a Hino Oficial\ufffc"},"content":{"rendered":"\n<figure class=\"wp-block-image size-large\"><img loading=\"lazy\" decoding=\"async\" width=\"1024\" height=\"716\" src=\"http:\/\/blogdoarmindomaia.com.br\/wp-content\/uploads\/2022\/10\/Hino-Dinamo-1024x716.jpg\" alt=\"\" class=\"wp-image-3090\" srcset=\"http:\/\/blogdoarmindomaia.com.br\/wp-content\/uploads\/2022\/10\/Hino-Dinamo-1024x716.jpg 1024w, http:\/\/blogdoarmindomaia.com.br\/wp-content\/uploads\/2022\/10\/Hino-Dinamo-300x210.jpg 300w, http:\/\/blogdoarmindomaia.com.br\/wp-content\/uploads\/2022\/10\/Hino-Dinamo-768x537.jpg 768w, http:\/\/blogdoarmindomaia.com.br\/wp-content\/uploads\/2022\/10\/Hino-Dinamo-1536x1073.jpg 1536w, http:\/\/blogdoarmindomaia.com.br\/wp-content\/uploads\/2022\/10\/Hino-Dinamo-130x90.jpg 130w, http:\/\/blogdoarmindomaia.com.br\/wp-content\/uploads\/2022\/10\/Hino-Dinamo.jpg 1600w\" sizes=\"auto, (max-width: 1024px) 100vw, 1024px\" \/><\/figure>\n\n\n\n<p>A Associa\u00e7\u00e3o Esportiva D\u00ednamo Esporte Clube lan\u00e7ou seu Hino Oficial nas redes sociais e meios de comunica\u00e7\u00e3o. A m\u00fasica narra as hist\u00f3rias, conquistas e a tradi\u00e7\u00e3o do Azul\u00e3o. O novo ritmo j\u00e1 est\u00e1 repercutindo e se propagando entre a torcida e popula\u00e7\u00e3o. A letra foi escrita pelo compositor Luciano Gazel.<br><br>\u201cA composi\u00e7\u00e3o do hino veio da minha admira\u00e7\u00e3o a um clube de futebol t\u00e3o bem estruturado e campe\u00e3o como o D\u00ednamo. Quando percebi que o time n\u00e3o tinha seu hino, comecei a elaborar o refr\u00e3o e a cantar junto com meu viol\u00e3o. J\u00e1 na semana seguinte, a m\u00fasica j\u00e1 estava completa\u201d, conta Gazel.<br><br><strong>Conhe\u00e7a a composi\u00e7\u00e3o:<\/strong><br><br>Olha o glorioso a\u00ed gente, D\u00ednamo&#8230;<br>O branco e o azul s\u00e3o as cores do meu cora\u00e7\u00e3o D\u00ednamo querido<br>Meu time de futebol<br>T\u00e3o bela \u00e9 a sua hist\u00f3ria de ra\u00e7a, for\u00e7a e decis\u00e3o D\u00ednamo \u00e9 minha paix\u00e3o<br>D\u00ednamo para sempre campe\u00e3o, D\u00ednamo \u00e9 minha paix\u00e3o, D\u00ednamo para sempre campe\u00e3o<br>Enquanto eu viver e a minha voz puder gritar<br>Nos campos e nas ruas o seu nome irei levar<br>Bandeiras e gl\u00f3rias que Arax\u00e1 canta feliz<br>D\u00ednamo \u00e9 minha paix\u00e3o, D\u00ednamo para sempre campe\u00e3o<br>D\u00ednamo \u00e9 minha paix\u00e3o, D\u00ednamo para sempre campe\u00e3o<br>Quando a bola rola a torcida vibra de emo\u00e7\u00e3o,<br>Quando faz o gol o est\u00e1dio treme que \u00e9 muita vibra\u00e7\u00e3o<br>Por toda minha vida tua camisa eu vestirei,<br>&nbsp;D\u00ednamo \u00e9 minha paix\u00e3o, D\u00ednamo para sempre campe\u00e3o<br>D\u00ednamo \u00e9 minha paix\u00e3o, D\u00ednamo para sempre campe\u00e3o<br>D\u00ednamo \u00e9 minha paix\u00e3o, D\u00ednamo para sempre campe\u00e3o<br>D\u00ednamo \u00e9 minha paix\u00e3o, D\u00ednamo para sempre campe\u00e3o<br>O branco e o azul s\u00e3o as cores do meu cora\u00e7\u00e3o D\u00ednamo querido<br>Meu time de futebol<br>T\u00e3o bela \u00e9 a sua hist\u00f3ria de ra\u00e7a, for\u00e7a e decis\u00e3o<br>D\u00ednamo \u00e9 minha paix\u00e3o, D\u00ednamo para sempre campe\u00e3o<br>D\u00ednamo \u00e9 minha paix\u00e3o, D\u00ednamo para sempre campe\u00e3o<br>Enquanto eu viver e a minha voz puder gritar<br>Nos campos e nas ruas o seu nome irei levar<br>Bandeiras e gl\u00f3rias que Arax\u00e1 canta feliz,<br>&nbsp;D\u00ednamo \u00e9 minha paix\u00e3o, D\u00ednamo para sempre campe\u00e3o<br>D\u00ednamo \u00e9 minha paix\u00e3o, D\u00ednamo para sempre campe\u00e3o<br><br>Quando a bola rola a torcida vibra de emo\u00e7\u00e3o<br>Quando faz o gol o est\u00e1dio treme que \u00e9 muita vibra\u00e7\u00e3o<br>Por toda minha vida tua camisa eu vestirei,<br>D\u00ednamo \u00e9 minha paix\u00e3o, D\u00ednamo para sempre campe\u00e3o<br>D\u00ednamo \u00e9 minha paix\u00e3o, D\u00ednamo para sempre campe\u00e3o<br>D\u00ednamo \u00e9 minha paix\u00e3o, D\u00ednamo para sempre campe\u00e3o<br>D\u00ednamo \u00e9 minha paix\u00e3o, D\u00ednamo para sempre campe\u00e3o<br><br>Olha o glorioso a\u00ed gente&#8230;<\/p>\n\n\n\n<p>&#8212;<\/p>\n\n\n\n<p>O \u00e1udio do hino tamb\u00e9m segue anexo, para divulga\u00e7\u00e3o e aprecia\u00e7\u00e3o.&nbsp;<\/p>\n","protected":false},"excerpt":{"rendered":"<p>A Associa\u00e7\u00e3o Esportiva D\u00ednamo Esporte Clube lan\u00e7ou seu Hino Oficial nas redes sociais e meios de comunica\u00e7\u00e3o. A m\u00fasica narra<\/p>\n","protected":false},"author":2,"featured_media":3090,"comment_status":"open","ping_status":"open","sticky":false,"template":"","format":"standard","meta":{"footnotes":""},"categories":[9,15],"tags":[],"class_list":["post-3089","post","type-post","status-publish","format-standard","has-post-thumbnail","hentry","category-araxa","category-esportes"],"_links":{"self":[{"href":"http:\/\/blogdoarmindomaia.com.br\/index.php?rest_route=\/wp\/v2\/posts\/3089","targetHints":{"allow":["GET"]}}],"collection":[{"href":"http:\/\/blogdoarmindomaia.com.br\/index.php?rest_route=\/wp\/v2\/posts"}],"about":[{"href":"http:\/\/blogdoarmindomaia.com.br\/index.php?rest_route=\/wp\/v2\/types\/post"}],"author":[{"embeddable":true,"href":"http:\/\/blogdoarmindomaia.com.br\/index.php?rest_route=\/wp\/v2\/users\/2"}],"replies":[{"embeddable":true,"href":"http:\/\/blogdoarmindomaia.com.br\/index.php?rest_route=%2Fwp%2Fv2%2Fcomments&post=3089"}],"version-history":[{"count":1,"href":"http:\/\/blogdoarmindomaia.com.br\/index.php?rest_route=\/wp\/v2\/posts\/3089\/revisions"}],"predecessor-version":[{"id":3091,"href":"http:\/\/blogdoarmindomaia.com.br\/index.php?rest_route=\/wp\/v2\/posts\/3089\/revisions\/3091"}],"wp:featuredmedia":[{"embeddable":true,"href":"http:\/\/blogdoarmindomaia.com.br\/index.php?rest_route=\/wp\/v2\/media\/3090"}],"wp:attachment":[{"href":"http:\/\/blogdoarmindomaia.com.br\/index.php?rest_route=%2Fwp%2Fv2%2Fmedia&parent=3089"}],"wp:term":[{"taxonomy":"category","embeddable":true,"href":"http:\/\/blogdoarmindomaia.com.br\/index.php?rest_route=%2Fwp%2Fv2%2Fcategories&post=3089"},{"taxonomy":"post_tag","embeddable":true,"href":"http:\/\/blogdoarmindomaia.com.br\/index.php?rest_route=%2Fwp%2Fv2%2Ftags&post=3089"}],"curies":[{"name":"wp","href":"https:\/\/api.w.org\/{rel}","templated":true}]}}