{"id":3125,"date":"2022-10-20T14:14:19","date_gmt":"2022-10-20T17:14:19","guid":{"rendered":"http:\/\/blogdoarmindomaia.com.br\/?p=3125"},"modified":"2022-10-20T14:14:21","modified_gmt":"2022-10-20T17:14:21","slug":"zema-mobiliza-600-prefeitos-em-encontro-com-bolsonaro","status":"publish","type":"post","link":"http:\/\/blogdoarmindomaia.com.br\/?p=3125","title":{"rendered":"Zema mobiliza 600 prefeitos\u00a0 em encontro com Bolsonaro"},"content":{"rendered":"\n<figure class=\"wp-block-image size-large\"><img loading=\"lazy\" decoding=\"async\" width=\"1024\" height=\"432\" src=\"http:\/\/blogdoarmindomaia.com.br\/wp-content\/uploads\/2022\/10\/Zema-mobiliza-600-prefeitos-em-encontro-com-Bolsonaro-pag-03-1024x432.png\" alt=\"\" class=\"wp-image-3126\" srcset=\"http:\/\/blogdoarmindomaia.com.br\/wp-content\/uploads\/2022\/10\/Zema-mobiliza-600-prefeitos-em-encontro-com-Bolsonaro-pag-03-1024x432.png 1024w, http:\/\/blogdoarmindomaia.com.br\/wp-content\/uploads\/2022\/10\/Zema-mobiliza-600-prefeitos-em-encontro-com-Bolsonaro-pag-03-300x127.png 300w, http:\/\/blogdoarmindomaia.com.br\/wp-content\/uploads\/2022\/10\/Zema-mobiliza-600-prefeitos-em-encontro-com-Bolsonaro-pag-03-768x324.png 768w, http:\/\/blogdoarmindomaia.com.br\/wp-content\/uploads\/2022\/10\/Zema-mobiliza-600-prefeitos-em-encontro-com-Bolsonaro-pag-03.png 1335w\" sizes=\"auto, (max-width: 1024px) 100vw, 1024px\" \/><\/figure>\n\n\n\n<p>Na tarde da \u00faltima sexta-feira, o&nbsp;governador reeleito de Minas Gerais,&nbsp;Romeu Zema Neto (Novo), decidiu emprestar ao presidente da Rep\u00fablica e candidato \u00e0 reelei\u00e7\u00e3o,&nbsp;Jair Bolsonaro (PL), seu capital pol\u00edtico para ajud\u00e1-lo no segundo turno.&nbsp;Zema conseguiu reunir na capital mineira, mais de 600 prefeitos do Estado para um encontro com o atual presidente da rep\u00fablica&nbsp; Bolsonaro. No evento o governador mineiro ressaltou a import\u00e2ncia de Minas dentro do processo eleitoral e Bolsonaro disse que, \u201c Minas Gerais \u00e9 um exemplo para todos n\u00f3s e para o Brasil\u201d.&nbsp;<br><br><br><\/p>\n","protected":false},"excerpt":{"rendered":"<p>Na tarde da \u00faltima sexta-feira, o&nbsp;governador reeleito de Minas Gerais,&nbsp;Romeu Zema Neto (Novo), decidiu emprestar ao presidente da Rep\u00fablica e<\/p>\n","protected":false},"author":2,"featured_media":3126,"comment_status":"open","ping_status":"open","sticky":false,"template":"","format":"standard","meta":{"footnotes":""},"categories":[9,25],"tags":[],"class_list":["post-3125","post","type-post","status-publish","format-standard","has-post-thumbnail","hentry","category-araxa","category-politica"],"_links":{"self":[{"href":"http:\/\/blogdoarmindomaia.com.br\/index.php?rest_route=\/wp\/v2\/posts\/3125","targetHints":{"allow":["GET"]}}],"collection":[{"href":"http:\/\/blogdoarmindomaia.com.br\/index.php?rest_route=\/wp\/v2\/posts"}],"about":[{"href":"http:\/\/blogdoarmindomaia.com.br\/index.php?rest_route=\/wp\/v2\/types\/post"}],"author":[{"embeddable":true,"href":"http:\/\/blogdoarmindomaia.com.br\/index.php?rest_route=\/wp\/v2\/users\/2"}],"replies":[{"embeddable":true,"href":"http:\/\/blogdoarmindomaia.com.br\/index.php?rest_route=%2Fwp%2Fv2%2Fcomments&post=3125"}],"version-history":[{"count":1,"href":"http:\/\/blogdoarmindomaia.com.br\/index.php?rest_route=\/wp\/v2\/posts\/3125\/revisions"}],"predecessor-version":[{"id":3127,"href":"http:\/\/blogdoarmindomaia.com.br\/index.php?rest_route=\/wp\/v2\/posts\/3125\/revisions\/3127"}],"wp:featuredmedia":[{"embeddable":true,"href":"http:\/\/blogdoarmindomaia.com.br\/index.php?rest_route=\/wp\/v2\/media\/3126"}],"wp:attachment":[{"href":"http:\/\/blogdoarmindomaia.com.br\/index.php?rest_route=%2Fwp%2Fv2%2Fmedia&parent=3125"}],"wp:term":[{"taxonomy":"category","embeddable":true,"href":"http:\/\/blogdoarmindomaia.com.br\/index.php?rest_route=%2Fwp%2Fv2%2Fcategories&post=3125"},{"taxonomy":"post_tag","embeddable":true,"href":"http:\/\/blogdoarmindomaia.com.br\/index.php?rest_route=%2Fwp%2Fv2%2Ftags&post=3125"}],"curies":[{"name":"wp","href":"https:\/\/api.w.org\/{rel}","templated":true}]}}