{"id":3134,"date":"2022-10-20T14:30:49","date_gmt":"2022-10-20T17:30:49","guid":{"rendered":"http:\/\/blogdoarmindomaia.com.br\/?p=3134"},"modified":"2022-10-20T14:30:51","modified_gmt":"2022-10-20T17:30:51","slug":"aeroporto-romeu-zema-sera-reinaugurado-em-novembro","status":"publish","type":"post","link":"http:\/\/blogdoarmindomaia.com.br\/?p=3134","title":{"rendered":"Aeroporto Romeu Zema ser\u00e1 reinaugurado em novembro"},"content":{"rendered":"\n<figure class=\"wp-block-image size-full\"><img loading=\"lazy\" decoding=\"async\" width=\"1024\" height=\"683\" src=\"http:\/\/blogdoarmindomaia.com.br\/wp-content\/uploads\/2022\/10\/Aeroporto-Romeu-Zema-sera-reinaugurado-em-novembro-pag-6A.jpeg\" alt=\"\" class=\"wp-image-3135\" srcset=\"http:\/\/blogdoarmindomaia.com.br\/wp-content\/uploads\/2022\/10\/Aeroporto-Romeu-Zema-sera-reinaugurado-em-novembro-pag-6A.jpeg 1024w, http:\/\/blogdoarmindomaia.com.br\/wp-content\/uploads\/2022\/10\/Aeroporto-Romeu-Zema-sera-reinaugurado-em-novembro-pag-6A-300x200.jpeg 300w, http:\/\/blogdoarmindomaia.com.br\/wp-content\/uploads\/2022\/10\/Aeroporto-Romeu-Zema-sera-reinaugurado-em-novembro-pag-6A-768x512.jpeg 768w\" sizes=\"auto, (max-width: 1024px) 100vw, 1024px\" \/><\/figure>\n\n\n\n<p>Fechado para reforma desde o in\u00edcio deste ano, o Aeroporto Municipal Romeu Zema de Arax\u00e1, j\u00e1 tem data para ser reinaugurado. Esta semana o Secret\u00e1rio Municipal de Desenvolvimento Econ\u00f4mico, Turismo e Inova\u00e7\u00f5es, Juliano Cesar da Silva, disse \u00e0 reportagem do Jornal Intera\u00e7\u00e3o, que as obras de reforma e revitaliza\u00e7\u00e3o do aeroporto de Arax\u00e1,&nbsp; est\u00e3o na reta final de conclus\u00e3o e a festa de entrega dos servi\u00e7os vai acontecer entre os dias 12 e 13 de novembro.&nbsp; Ainda de acordo com o Secret\u00e1rio Juliano, \u201c a nossa inten\u00e7\u00e3o \u00e9 fazer um evento para toda a comunidade de Arax\u00e1 e aproveitar para divulgar que o nosso aeroporto estar\u00e1 apto a receber voos&nbsp; e tamb\u00e9m decolagens; a pista est\u00e1 pronta e com certeza a partir da libera\u00e7\u00e3o das opera\u00e7\u00f5es por parte da ANAC \u2013 Ag\u00eancia Nacional de Avia\u00e7\u00e3o Civil, n\u00f3s vamos negociar o retorno de voos regulares em nossa cidade para diversos destinos. Inclusive n\u00f3s j\u00e1&nbsp; estamos conversando com duas empresas a\u00e9reas, Azul e Gol. Com a Azul est\u00e1 quase tudo acertado\u201d.<\/p>\n\n\n\n<p>Juliano ainda revelou que entres as atividades de reinaugura\u00e7\u00e3o do Aeroporto Romeu Zema, \u201c n\u00f3s j\u00e1 acertamos a apresenta\u00e7\u00e3o para o p\u00fablico de Arax\u00e1 da Esquadrilha, que \u00e9 um esquadr\u00e3o similar \u00e0 Esquadrilha da Fuma\u00e7a, sediada em Bras\u00edlia, que realizar\u00e1 &nbsp;voos acrob\u00e1ticos em forma\u00e7\u00e3o, no c\u00e9u de Arax\u00e1.<\/p>\n\n\n\n<p>Ainda sobre a reforma do geral do Aeroporto Municipal de Arax\u00e1, v\u00e1rios servi\u00e7os foram realizados, como reparos na cobertura do pr\u00e9dio, &nbsp;na \u00e1rea de embarque, na pista de pouso e decolagem, melhorias em toda a estrutura f\u00edsica do pr\u00e9dio, pintura, entre outros. O custo da reforma ficou em de R$ 670 mil, investimento com recursos da Prefeitura de Arax\u00e1.&nbsp;&nbsp;<\/p>\n","protected":false},"excerpt":{"rendered":"<p>Fechado para reforma desde o in\u00edcio deste ano, o Aeroporto Municipal Romeu Zema de Arax\u00e1, j\u00e1 tem data para ser<\/p>\n","protected":false},"author":2,"featured_media":3135,"comment_status":"open","ping_status":"open","sticky":false,"template":"","format":"standard","meta":{"footnotes":""},"categories":[9,11],"tags":[],"class_list":["post-3134","post","type-post","status-publish","format-standard","has-post-thumbnail","hentry","category-araxa","category-destaques"],"_links":{"self":[{"href":"http:\/\/blogdoarmindomaia.com.br\/index.php?rest_route=\/wp\/v2\/posts\/3134","targetHints":{"allow":["GET"]}}],"collection":[{"href":"http:\/\/blogdoarmindomaia.com.br\/index.php?rest_route=\/wp\/v2\/posts"}],"about":[{"href":"http:\/\/blogdoarmindomaia.com.br\/index.php?rest_route=\/wp\/v2\/types\/post"}],"author":[{"embeddable":true,"href":"http:\/\/blogdoarmindomaia.com.br\/index.php?rest_route=\/wp\/v2\/users\/2"}],"replies":[{"embeddable":true,"href":"http:\/\/blogdoarmindomaia.com.br\/index.php?rest_route=%2Fwp%2Fv2%2Fcomments&post=3134"}],"version-history":[{"count":1,"href":"http:\/\/blogdoarmindomaia.com.br\/index.php?rest_route=\/wp\/v2\/posts\/3134\/revisions"}],"predecessor-version":[{"id":3136,"href":"http:\/\/blogdoarmindomaia.com.br\/index.php?rest_route=\/wp\/v2\/posts\/3134\/revisions\/3136"}],"wp:featuredmedia":[{"embeddable":true,"href":"http:\/\/blogdoarmindomaia.com.br\/index.php?rest_route=\/wp\/v2\/media\/3135"}],"wp:attachment":[{"href":"http:\/\/blogdoarmindomaia.com.br\/index.php?rest_route=%2Fwp%2Fv2%2Fmedia&parent=3134"}],"wp:term":[{"taxonomy":"category","embeddable":true,"href":"http:\/\/blogdoarmindomaia.com.br\/index.php?rest_route=%2Fwp%2Fv2%2Fcategories&post=3134"},{"taxonomy":"post_tag","embeddable":true,"href":"http:\/\/blogdoarmindomaia.com.br\/index.php?rest_route=%2Fwp%2Fv2%2Ftags&post=3134"}],"curies":[{"name":"wp","href":"https:\/\/api.w.org\/{rel}","templated":true}]}}