{"id":3143,"date":"2022-10-20T14:41:19","date_gmt":"2022-10-20T17:41:19","guid":{"rendered":"http:\/\/blogdoarmindomaia.com.br\/?p=3143"},"modified":"2022-10-20T14:41:21","modified_gmt":"2022-10-20T17:41:21","slug":"coluna-do-armindo-maia","status":"publish","type":"post","link":"http:\/\/blogdoarmindomaia.com.br\/?p=3143","title":{"rendered":"Coluna do Armindo Maia"},"content":{"rendered":"\n<p><\/p>\n\n\n\n<figure class=\"wp-block-image size-full\"><img loading=\"lazy\" decoding=\"async\" width=\"525\" height=\"610\" src=\"http:\/\/blogdoarmindomaia.com.br\/wp-content\/uploads\/2022\/10\/Trio-Esperanca.jpg\" alt=\"\" class=\"wp-image-3144\" srcset=\"http:\/\/blogdoarmindomaia.com.br\/wp-content\/uploads\/2022\/10\/Trio-Esperanca.jpg 525w, http:\/\/blogdoarmindomaia.com.br\/wp-content\/uploads\/2022\/10\/Trio-Esperanca-258x300.jpg 258w\" sizes=\"auto, (max-width: 525px) 100vw, 525px\" \/><\/figure>\n\n\n\n<p>Trio Esperan\u00e7a <\/p>\n\n\n\n<p><\/p>\n\n\n\n<p>De olho no futuro e futuros investimentos para Arax\u00e1 e Minas Gerais, Robson Magela, Zema e Bolsonaro, se encontraram em Beag\u00e1, num evento que reuniu mais de 600 prefeitos mineiros. Tomara que Arax\u00e1 possa ser beneficiada&#8230;<\/p>\n\n\n\n<p><\/p>\n\n\n\n<p>Contagem regressiva<\/p>\n\n\n\n<p>Faltam 09 dias para conhecermos o presidente da rep\u00fablica que ir\u00e1 comandar os destinos do nosso Brasil pelos pr\u00f3ximos 4 anos. O ent\u00e3o presidente Bolsonaro e o ex-presidente Lula, duelam em segundo turno, para saber qual deles ser\u00e1 o preferido nas urnas, dia 30 de outubro, pela maioria dos eleitores. Escolher o melhor gestor; aquele que ir\u00e1 fortalecer a democracia e garantir um Pa\u00eds mais justo e para todos, s\u00f3 depende de seu voto consciente!<\/p>\n\n\n\n<p>Vereador Luiz Carlos<\/p>\n\n\n\n<p>Em entrevista ao programa Cidade Urgente da R\u00e1dio Cidade, na semana que passou, o vereador de Arax\u00e1 Luiz Carlos que foi candidato a deputado federal neste pleito atual e n\u00e3o logrou \u00eaxito nas urnas, revelou que jamais ser\u00e1 candidato a Prefeito de Arax\u00e1. &#8221; Minha voca\u00e7\u00e3o \u00e9 legislar&#8221;.<\/p>\n\n\n\n<p>Raphael Rios quer desacelerar<\/p>\n\n\n\n<p>&nbsp; Falei est\u00e1 semana com o vereador presidente da C\u00e2mara Municipal de Arax\u00e1, Raphael Rios, que tamb\u00e9m foi candidato a deputado federal no pleito atual e apesar de ter uma vota\u00e7\u00e3o expressiva, n\u00e3o se elegeu. Rios,&nbsp; me confidenciou que o momento \u00e9 de desacelerar e planejar seu futuro pol\u00edtico com prud\u00eancia.<\/p>\n\n\n\n<p>&nbsp;Zema: a bola da vez<\/p>\n\n\n\n<p>&nbsp;Ap\u00f3s se manter praticamente neutro no primeiro turno das elei\u00e7\u00f5es em rela\u00e7\u00e3o a contenda para a presid\u00eancia, Zema agora se tornou o principal cabo eleitoral de Bolsonaro em Minas, onde Lula venceu no privado turno. Se conseguir reverter o panorama eleitoral nas Alterosas, vai se tornar muito forte para 2026!<\/p>\n\n\n\n<p><\/p>\n","protected":false},"excerpt":{"rendered":"<p>Trio Esperan\u00e7a De olho no futuro e futuros investimentos para Arax\u00e1 e Minas Gerais, Robson Magela, Zema e Bolsonaro, se<\/p>\n","protected":false},"author":2,"featured_media":0,"comment_status":"open","ping_status":"open","sticky":false,"template":"","format":"standard","meta":{"footnotes":""},"categories":[9,11,25],"tags":[],"class_list":["post-3143","post","type-post","status-publish","format-standard","hentry","category-araxa","category-destaques","category-politica"],"_links":{"self":[{"href":"http:\/\/blogdoarmindomaia.com.br\/index.php?rest_route=\/wp\/v2\/posts\/3143","targetHints":{"allow":["GET"]}}],"collection":[{"href":"http:\/\/blogdoarmindomaia.com.br\/index.php?rest_route=\/wp\/v2\/posts"}],"about":[{"href":"http:\/\/blogdoarmindomaia.com.br\/index.php?rest_route=\/wp\/v2\/types\/post"}],"author":[{"embeddable":true,"href":"http:\/\/blogdoarmindomaia.com.br\/index.php?rest_route=\/wp\/v2\/users\/2"}],"replies":[{"embeddable":true,"href":"http:\/\/blogdoarmindomaia.com.br\/index.php?rest_route=%2Fwp%2Fv2%2Fcomments&post=3143"}],"version-history":[{"count":1,"href":"http:\/\/blogdoarmindomaia.com.br\/index.php?rest_route=\/wp\/v2\/posts\/3143\/revisions"}],"predecessor-version":[{"id":3145,"href":"http:\/\/blogdoarmindomaia.com.br\/index.php?rest_route=\/wp\/v2\/posts\/3143\/revisions\/3145"}],"wp:attachment":[{"href":"http:\/\/blogdoarmindomaia.com.br\/index.php?rest_route=%2Fwp%2Fv2%2Fmedia&parent=3143"}],"wp:term":[{"taxonomy":"category","embeddable":true,"href":"http:\/\/blogdoarmindomaia.com.br\/index.php?rest_route=%2Fwp%2Fv2%2Fcategories&post=3143"},{"taxonomy":"post_tag","embeddable":true,"href":"http:\/\/blogdoarmindomaia.com.br\/index.php?rest_route=%2Fwp%2Fv2%2Ftags&post=3143"}],"curies":[{"name":"wp","href":"https:\/\/api.w.org\/{rel}","templated":true}]}}