{"id":3152,"date":"2022-10-20T14:58:11","date_gmt":"2022-10-20T17:58:11","guid":{"rendered":"http:\/\/blogdoarmindomaia.com.br\/?p=3152"},"modified":"2022-10-20T14:58:13","modified_gmt":"2022-10-20T17:58:13","slug":"secretario-juliano-cesar-garante-instalacao-da-fabrica-de-avioes-da-desaer-em-araxa","status":"publish","type":"post","link":"http:\/\/blogdoarmindomaia.com.br\/?p=3152","title":{"rendered":"Secret\u00e1rio Juliano C\u00e9sar garante instala\u00e7\u00e3o da fabrica de avi\u00f5es da Desaer\u00a0 em Arax\u00e1"},"content":{"rendered":"\n<figure class=\"wp-block-image size-large\"><img loading=\"lazy\" decoding=\"async\" width=\"1024\" height=\"768\" src=\"http:\/\/blogdoarmindomaia.com.br\/wp-content\/uploads\/2022\/10\/Secretario-Juliano-Cesar-garante-instalacao-da-fabrica-de-avioes-da-Desaer-em-Araxa-pag-6A-1024x768.jpg\" alt=\"\" class=\"wp-image-3153\" srcset=\"http:\/\/blogdoarmindomaia.com.br\/wp-content\/uploads\/2022\/10\/Secretario-Juliano-Cesar-garante-instalacao-da-fabrica-de-avioes-da-Desaer-em-Araxa-pag-6A-1024x768.jpg 1024w, http:\/\/blogdoarmindomaia.com.br\/wp-content\/uploads\/2022\/10\/Secretario-Juliano-Cesar-garante-instalacao-da-fabrica-de-avioes-da-Desaer-em-Araxa-pag-6A-300x225.jpg 300w, http:\/\/blogdoarmindomaia.com.br\/wp-content\/uploads\/2022\/10\/Secretario-Juliano-Cesar-garante-instalacao-da-fabrica-de-avioes-da-Desaer-em-Araxa-pag-6A-768x576.jpg 768w, http:\/\/blogdoarmindomaia.com.br\/wp-content\/uploads\/2022\/10\/Secretario-Juliano-Cesar-garante-instalacao-da-fabrica-de-avioes-da-Desaer-em-Araxa-pag-6A-1536x1152.jpg 1536w, http:\/\/blogdoarmindomaia.com.br\/wp-content\/uploads\/2022\/10\/Secretario-Juliano-Cesar-garante-instalacao-da-fabrica-de-avioes-da-Desaer-em-Araxa-pag-6A.jpg 1600w\" sizes=\"auto, (max-width: 1024px) 100vw, 1024px\" \/><\/figure>\n\n\n\n<p>Ap\u00f3s&nbsp; boatos e especula\u00e7\u00f5es a respeito da incerteza da instala\u00e7\u00e3o da f\u00e1brica de avi\u00f5es da Desaer no munic\u00edpio de Arax\u00e1, &nbsp;com cita\u00e7\u00f5es de que a startup paulista estaria trocando Arax\u00e1 por Uberl\u00e2ndia, o Secret\u00e1rio Municipal de Desenvolvimento Econ\u00f4mico ,&nbsp; Turismo e Inova\u00e7\u00f5es, Juliano C\u00e9sar da Silva, falou \u00e0 reportagem do Jornal Intera\u00e7\u00e3o sobre o assunto.<\/p>\n\n\n\n<p>Segundo ele, \u201c tudo n\u00e3o passa de boataria. No \u00faltimo dia 13 de outubro eu estive pessoalmente na cidade paulista de S\u00e3o Jos\u00e9 dos Campos, onde na sede atual da Deser, que foi criada l\u00e1 em 2017. N\u00f3s estivemos reunidos com o CEO da empresa&nbsp; Evandro Fileno, que nos tranquilizou plenamente\u201d. O Secret\u00e1rio afirmou ainda que, \u201c o Evandro fez quest\u00e3o de ressaltar a solidez da empresa e repassar algumas negocia\u00e7\u00f5es em curso da Desaer para a fabrica\u00e7\u00e3o de v\u00e1rios avi\u00f5es para o Brasil, Uruguai e outros pa\u00edses fora das Am\u00e9ricas.\u201d Juliano tamb\u00e9m revelou que, \u201c mesmo a Desaer sendo concebida em um dois principais polos da ind\u00fastria tecnol\u00f3gica de aeronaves do Brasil, a cidade de S\u00e3o Jos\u00e9 dos Campos, a vinda da f\u00e1brica para Arax\u00e1 \u00e9 uma decis\u00e3o estrat\u00e9gica da startup e uma forma de descentralizar os projetos desvinculando os mesmos do ITA- Instituto Tecnol\u00f3gico de&nbsp; Aeron\u00e1utica; mas principalmente porque foi o governador Romeu Zema de Minas Gerais, que apoiou amplamente o projeto da Desaer, com muitos incentivos e grandes parcerias\u201d.<\/p>\n\n\n\n<p>Finalizando, O Secret\u00e1rio Juliano, contou que, \u201cpor contrato a Desaer tem um prazo de at\u00e9 dois anos para colocar a f\u00e1brica de avi\u00f5es em opera\u00e7\u00e3o em Arax\u00e1, do contr\u00e1rio, os incentivos e&nbsp; a \u00e1rea destinada \u00e0 empresa ser\u00e3o retomados pelo Estado e munic\u00edpio\u201d, concluiu. &nbsp;&nbsp;&nbsp;&nbsp;&nbsp;&nbsp;&nbsp;&nbsp;&nbsp;<\/p>\n","protected":false},"excerpt":{"rendered":"<p>Ap\u00f3s&nbsp; boatos e especula\u00e7\u00f5es a respeito da incerteza da instala\u00e7\u00e3o da f\u00e1brica de avi\u00f5es da Desaer no munic\u00edpio de Arax\u00e1,<\/p>\n","protected":false},"author":2,"featured_media":3153,"comment_status":"open","ping_status":"open","sticky":false,"template":"","format":"standard","meta":{"footnotes":""},"categories":[9,11],"tags":[],"class_list":["post-3152","post","type-post","status-publish","format-standard","has-post-thumbnail","hentry","category-araxa","category-destaques"],"_links":{"self":[{"href":"http:\/\/blogdoarmindomaia.com.br\/index.php?rest_route=\/wp\/v2\/posts\/3152","targetHints":{"allow":["GET"]}}],"collection":[{"href":"http:\/\/blogdoarmindomaia.com.br\/index.php?rest_route=\/wp\/v2\/posts"}],"about":[{"href":"http:\/\/blogdoarmindomaia.com.br\/index.php?rest_route=\/wp\/v2\/types\/post"}],"author":[{"embeddable":true,"href":"http:\/\/blogdoarmindomaia.com.br\/index.php?rest_route=\/wp\/v2\/users\/2"}],"replies":[{"embeddable":true,"href":"http:\/\/blogdoarmindomaia.com.br\/index.php?rest_route=%2Fwp%2Fv2%2Fcomments&post=3152"}],"version-history":[{"count":1,"href":"http:\/\/blogdoarmindomaia.com.br\/index.php?rest_route=\/wp\/v2\/posts\/3152\/revisions"}],"predecessor-version":[{"id":3154,"href":"http:\/\/blogdoarmindomaia.com.br\/index.php?rest_route=\/wp\/v2\/posts\/3152\/revisions\/3154"}],"wp:featuredmedia":[{"embeddable":true,"href":"http:\/\/blogdoarmindomaia.com.br\/index.php?rest_route=\/wp\/v2\/media\/3153"}],"wp:attachment":[{"href":"http:\/\/blogdoarmindomaia.com.br\/index.php?rest_route=%2Fwp%2Fv2%2Fmedia&parent=3152"}],"wp:term":[{"taxonomy":"category","embeddable":true,"href":"http:\/\/blogdoarmindomaia.com.br\/index.php?rest_route=%2Fwp%2Fv2%2Fcategories&post=3152"},{"taxonomy":"post_tag","embeddable":true,"href":"http:\/\/blogdoarmindomaia.com.br\/index.php?rest_route=%2Fwp%2Fv2%2Ftags&post=3152"}],"curies":[{"name":"wp","href":"https:\/\/api.w.org\/{rel}","templated":true}]}}