{"id":3155,"date":"2022-10-20T15:19:25","date_gmt":"2022-10-20T18:19:25","guid":{"rendered":"http:\/\/blogdoarmindomaia.com.br\/?p=3155"},"modified":"2022-10-20T15:19:26","modified_gmt":"2022-10-20T18:19:26","slug":"dr-mario-heringer-se-emociona-ao-visitar-o-memorial-mauricio-rosa-aqui-esta-parte-da-historia-de-vida-profissional-do-meu-pai","status":"publish","type":"post","link":"http:\/\/blogdoarmindomaia.com.br\/?p=3155","title":{"rendered":"Dr. M\u00e1rio Heringer se emociona ao visitar o Memorial Maur\u00edcio Rosa: \u201cAqui est\u00e1 parte da hist\u00f3ria de vida profissional do meu pai\u201d"},"content":{"rendered":"\n<figure class=\"wp-block-image size-large\"><img loading=\"lazy\" decoding=\"async\" width=\"1024\" height=\"768\" src=\"http:\/\/blogdoarmindomaia.com.br\/wp-content\/uploads\/2022\/10\/df0bade3-b9cb-4bdf-b9e7-72a9b9ba2460-1024x768.jpg\" alt=\"\" class=\"wp-image-3159\" srcset=\"http:\/\/blogdoarmindomaia.com.br\/wp-content\/uploads\/2022\/10\/df0bade3-b9cb-4bdf-b9e7-72a9b9ba2460-1024x768.jpg 1024w, http:\/\/blogdoarmindomaia.com.br\/wp-content\/uploads\/2022\/10\/df0bade3-b9cb-4bdf-b9e7-72a9b9ba2460-300x225.jpg 300w, http:\/\/blogdoarmindomaia.com.br\/wp-content\/uploads\/2022\/10\/df0bade3-b9cb-4bdf-b9e7-72a9b9ba2460-768x576.jpg 768w, http:\/\/blogdoarmindomaia.com.br\/wp-content\/uploads\/2022\/10\/df0bade3-b9cb-4bdf-b9e7-72a9b9ba2460-1536x1152.jpg 1536w, http:\/\/blogdoarmindomaia.com.br\/wp-content\/uploads\/2022\/10\/df0bade3-b9cb-4bdf-b9e7-72a9b9ba2460.jpg 1600w\" sizes=\"auto, (max-width: 1024px) 100vw, 1024px\" \/><\/figure>\n\n\n\n<figure class=\"wp-block-image size-large\"><img loading=\"lazy\" decoding=\"async\" width=\"1024\" height=\"768\" src=\"http:\/\/blogdoarmindomaia.com.br\/wp-content\/uploads\/2022\/10\/e5b63f3e-6a02-4573-8e37-539bdae05f48-1024x768.jpg\" alt=\"\" class=\"wp-image-3158\" srcset=\"http:\/\/blogdoarmindomaia.com.br\/wp-content\/uploads\/2022\/10\/e5b63f3e-6a02-4573-8e37-539bdae05f48-1024x768.jpg 1024w, http:\/\/blogdoarmindomaia.com.br\/wp-content\/uploads\/2022\/10\/e5b63f3e-6a02-4573-8e37-539bdae05f48-300x225.jpg 300w, http:\/\/blogdoarmindomaia.com.br\/wp-content\/uploads\/2022\/10\/e5b63f3e-6a02-4573-8e37-539bdae05f48-768x576.jpg 768w, http:\/\/blogdoarmindomaia.com.br\/wp-content\/uploads\/2022\/10\/e5b63f3e-6a02-4573-8e37-539bdae05f48-1536x1152.jpg 1536w, http:\/\/blogdoarmindomaia.com.br\/wp-content\/uploads\/2022\/10\/e5b63f3e-6a02-4573-8e37-539bdae05f48.jpg 1600w\" sizes=\"auto, (max-width: 1024px) 100vw, 1024px\" \/><\/figure>\n\n\n\n<figure class=\"wp-block-image size-large\"><img loading=\"lazy\" decoding=\"async\" width=\"1024\" height=\"768\" src=\"http:\/\/blogdoarmindomaia.com.br\/wp-content\/uploads\/2022\/10\/ca89f659-0c22-4c5e-ac52-8b352be4f636-1024x768.jpg\" alt=\"\" class=\"wp-image-3157\" srcset=\"http:\/\/blogdoarmindomaia.com.br\/wp-content\/uploads\/2022\/10\/ca89f659-0c22-4c5e-ac52-8b352be4f636-1024x768.jpg 1024w, http:\/\/blogdoarmindomaia.com.br\/wp-content\/uploads\/2022\/10\/ca89f659-0c22-4c5e-ac52-8b352be4f636-300x225.jpg 300w, http:\/\/blogdoarmindomaia.com.br\/wp-content\/uploads\/2022\/10\/ca89f659-0c22-4c5e-ac52-8b352be4f636-768x576.jpg 768w, http:\/\/blogdoarmindomaia.com.br\/wp-content\/uploads\/2022\/10\/ca89f659-0c22-4c5e-ac52-8b352be4f636-1536x1152.jpg 1536w, http:\/\/blogdoarmindomaia.com.br\/wp-content\/uploads\/2022\/10\/ca89f659-0c22-4c5e-ac52-8b352be4f636.jpg 1600w\" sizes=\"auto, (max-width: 1024px) 100vw, 1024px\" \/><\/figure>\n\n\n\n<figure class=\"wp-block-image size-large\"><img loading=\"lazy\" decoding=\"async\" width=\"1024\" height=\"768\" src=\"http:\/\/blogdoarmindomaia.com.br\/wp-content\/uploads\/2022\/10\/1dcf3a20-e68f-4897-867a-507c56d7f2ea-1024x768.jpg\" alt=\"\" class=\"wp-image-3156\" srcset=\"http:\/\/blogdoarmindomaia.com.br\/wp-content\/uploads\/2022\/10\/1dcf3a20-e68f-4897-867a-507c56d7f2ea-1024x768.jpg 1024w, http:\/\/blogdoarmindomaia.com.br\/wp-content\/uploads\/2022\/10\/1dcf3a20-e68f-4897-867a-507c56d7f2ea-300x225.jpg 300w, http:\/\/blogdoarmindomaia.com.br\/wp-content\/uploads\/2022\/10\/1dcf3a20-e68f-4897-867a-507c56d7f2ea-768x576.jpg 768w, http:\/\/blogdoarmindomaia.com.br\/wp-content\/uploads\/2022\/10\/1dcf3a20-e68f-4897-867a-507c56d7f2ea-1536x1152.jpg 1536w, http:\/\/blogdoarmindomaia.com.br\/wp-content\/uploads\/2022\/10\/1dcf3a20-e68f-4897-867a-507c56d7f2ea.jpg 1600w\" sizes=\"auto, (max-width: 1024px) 100vw, 1024px\" \/><\/figure>\n\n\n\n<p>J\u00e1 era noite, quando o m\u00e9dico, empres\u00e1rio e deputado federal Dr.M\u00e1rio Heringer do PDT de Minas Gerais, chegou&nbsp; \u00e0 Rua Santos Dumont, 225 no centro de Arax\u00e1; endere\u00e7o que abriga o Memorial da Escrita e Imprensa Maur\u00edcio Rosa. Um espa\u00e7o hist\u00f3rico, cultural, e did\u00e1tico, que oferta \u00e1 comunidade araxaense e&nbsp; aos visitantes, um rico e raro acervo de m\u00e1quinas, ferramentas, m\u00f3veis, v\u00eddeos, jornais, revistas, impressos e outros produtos que contam com riqueza de detalhes a hist\u00f3ria da tipografia e a evolu\u00e7\u00e3o da escrita e da imprensa em suas diversas fases atrav\u00e9s dos tempos.&nbsp;&nbsp;&nbsp;&nbsp;<\/p>\n\n\n\n<p>J\u00e1 na entrada do Memorial, o ilustre visitante que tamb\u00e9m \u00e9 escritor, revelou com entusiasmo quase juvenil,&nbsp; que \u201c eu jamais esperava encontrar aqui em Arax\u00e1, um espa\u00e7o especial, t\u00e3o rico e \u00fanico de uma import\u00e2ncia hist\u00f3rica como \u00e9 esse Memorial da Escrita Maur\u00edcio Rosa. Eu confesso que ao entrar aqui no Museu, eu j\u00e1 me transportei para os meus idos tempos de crian\u00e7a e&nbsp; logo veio na minha mem\u00f3ria a singela e marcante figura do meu saudoso pai. Eu j\u00e1 tinha me esquecido que o meu pai, o seu Gedalias Jacob, tinha sido linotipista (operador de m\u00e1quina linotipo ).Ele trabalhou numa gr\u00e1fica cat\u00f3lica e ajudava a produzir o Jornal O Lutador, l\u00e1 na minha cidade, Manhumirim, interior de Minas Gerais. Depois essa gr\u00e1fica foi transferida para Belo Horizonte. A curiosidade \u00e9 que o meu pai era presbiteriano, trabalhou muito tempo numa gr\u00e1fica cat\u00f3lica.&nbsp; Era o emprego e a profiss\u00e3o que o meu pai exerceu por muito tempo e ele sempre falava para gente com muito orgulho e carinho do of\u00edcio de linotipista, trabalhando na impress\u00e3o de jornais e panfletos. Esse foi um per\u00edodo muito importante na vida do meu pai. Ele sempre &nbsp;gostava de contar para os filhos e a nossa m\u00e3e, a dona&nbsp; Arlete da Mata, as hist\u00f3rias daquele tempo e recordar com orgulho da profiss\u00e3o de gr\u00e1fico linotipista, que inclusive aqui no Memorial Maur\u00edcio Rosa j\u00e1 tem uma m\u00e1quina dessas bem na entrada do Museu!\u201d<\/p>\n\n\n\n<p>Bastante emocionado, Dr. M\u00e1rio tamb\u00e9m disse que, \u201c olha Maur\u00edcio, esse Museu \u00e9 nota dez! Parab\u00e9ns pela iniciativa! Na minha opini\u00e3o, esse espa\u00e7o deveria ser muito valorizado pelas escolas, pelos estudantes de Arax\u00e1, da regi\u00e3o e do Pa\u00eds, porque essa gera\u00e7\u00e3o nova n\u00e3o conhece nem o que \u00e9 uma m\u00e1quina de datilografia, tamb\u00e9m chamada de m\u00e1quina de escrever. E aqui, voc\u00eas conseguiram com muita fidelidade e perfei\u00e7\u00e3o, mostrar cada etapa da evolu\u00e7\u00e3o da escrita atrav\u00e9s dos tempos e seus ciclos. &nbsp;E Arax\u00e1 est\u00e1 de parab\u00e9ns por ter mais um Museu com informa\u00e7\u00f5es para a mo\u00e7ada de da cidade e deste Pa\u00eds, que eu tenho certeza que ser\u00e1 muito \u00fatil para os jovens e essa gera\u00e7\u00e3o entender de onde viemos, onde estamos e para onde queremos ir. N\u00f3s queremos progressos, mas n\u00f3s n\u00e3o podemos esquecer a nossa hist\u00f3ria. E aqui no Memorial da Escrita e Imprensa Maur\u00edcio Rosa tem muito dessa hist\u00f3ria para ser contada \u201d, finalizou o Dr. M\u00e1rio.<\/p>\n\n\n\n<p>O Memorial da Escrita e Imprensa Maur\u00edcio Rosa, foi aberto no in\u00edcio de 2022 e \u00e9 um dos quatro museus com o tema em atividade em todo o Brasil. &nbsp;&nbsp;&nbsp;&nbsp;&nbsp;&nbsp;&nbsp;&nbsp;<\/p>\n","protected":false},"excerpt":{"rendered":"<p>J\u00e1 era noite, quando o m\u00e9dico, empres\u00e1rio e deputado federal Dr.M\u00e1rio Heringer do PDT de Minas Gerais, chegou&nbsp; \u00e0 Rua<\/p>\n","protected":false},"author":2,"featured_media":3159,"comment_status":"open","ping_status":"open","sticky":false,"template":"","format":"standard","meta":{"footnotes":""},"categories":[9,5,11],"tags":[],"class_list":["post-3155","post","type-post","status-publish","format-standard","has-post-thumbnail","hentry","category-araxa","category-arte-e-cultura","category-destaques"],"_links":{"self":[{"href":"http:\/\/blogdoarmindomaia.com.br\/index.php?rest_route=\/wp\/v2\/posts\/3155","targetHints":{"allow":["GET"]}}],"collection":[{"href":"http:\/\/blogdoarmindomaia.com.br\/index.php?rest_route=\/wp\/v2\/posts"}],"about":[{"href":"http:\/\/blogdoarmindomaia.com.br\/index.php?rest_route=\/wp\/v2\/types\/post"}],"author":[{"embeddable":true,"href":"http:\/\/blogdoarmindomaia.com.br\/index.php?rest_route=\/wp\/v2\/users\/2"}],"replies":[{"embeddable":true,"href":"http:\/\/blogdoarmindomaia.com.br\/index.php?rest_route=%2Fwp%2Fv2%2Fcomments&post=3155"}],"version-history":[{"count":1,"href":"http:\/\/blogdoarmindomaia.com.br\/index.php?rest_route=\/wp\/v2\/posts\/3155\/revisions"}],"predecessor-version":[{"id":3160,"href":"http:\/\/blogdoarmindomaia.com.br\/index.php?rest_route=\/wp\/v2\/posts\/3155\/revisions\/3160"}],"wp:featuredmedia":[{"embeddable":true,"href":"http:\/\/blogdoarmindomaia.com.br\/index.php?rest_route=\/wp\/v2\/media\/3159"}],"wp:attachment":[{"href":"http:\/\/blogdoarmindomaia.com.br\/index.php?rest_route=%2Fwp%2Fv2%2Fmedia&parent=3155"}],"wp:term":[{"taxonomy":"category","embeddable":true,"href":"http:\/\/blogdoarmindomaia.com.br\/index.php?rest_route=%2Fwp%2Fv2%2Fcategories&post=3155"},{"taxonomy":"post_tag","embeddable":true,"href":"http:\/\/blogdoarmindomaia.com.br\/index.php?rest_route=%2Fwp%2Fv2%2Ftags&post=3155"}],"curies":[{"name":"wp","href":"https:\/\/api.w.org\/{rel}","templated":true}]}}