{"id":3174,"date":"2022-10-21T11:14:06","date_gmt":"2022-10-21T14:14:06","guid":{"rendered":"http:\/\/blogdoarmindomaia.com.br\/?p=3174"},"modified":"2022-10-21T11:14:08","modified_gmt":"2022-10-21T14:14:08","slug":"em-comemoracao-ao-dia-nacional-da-alimentacao-nas-escolas-prefeitura-de-araxa-destaca-qualidade-do-cardapio-ofertado-para-14-mil-alunos","status":"publish","type":"post","link":"http:\/\/blogdoarmindomaia.com.br\/?p=3174","title":{"rendered":"<strong>Em comemora\u00e7\u00e3o ao Dia Nacional da Alimenta\u00e7\u00e3o nas Escolas, Prefeitura de Arax\u00e1 destaca qualidade do card\u00e1pio ofertado para 14 mil alunos<br><br><\/strong>"},"content":{"rendered":"\n<figure class=\"wp-block-image size-full\"><img loading=\"lazy\" decoding=\"async\" width=\"1024\" height=\"683\" src=\"http:\/\/blogdoarmindomaia.com.br\/wp-content\/uploads\/2022\/10\/Em-comemoracao-ao-Dia-Nacional-da-Alimentacao-pag-08.jpeg\" alt=\"\" class=\"wp-image-3175\" srcset=\"http:\/\/blogdoarmindomaia.com.br\/wp-content\/uploads\/2022\/10\/Em-comemoracao-ao-Dia-Nacional-da-Alimentacao-pag-08.jpeg 1024w, http:\/\/blogdoarmindomaia.com.br\/wp-content\/uploads\/2022\/10\/Em-comemoracao-ao-Dia-Nacional-da-Alimentacao-pag-08-300x200.jpeg 300w, http:\/\/blogdoarmindomaia.com.br\/wp-content\/uploads\/2022\/10\/Em-comemoracao-ao-Dia-Nacional-da-Alimentacao-pag-08-768x512.jpeg 768w\" sizes=\"auto, (max-width: 1024px) 100vw, 1024px\" \/><\/figure>\n\n\n\n<p>Aprender, brincar e se alimentar bem. Esta \u00e9 a rotina dos 14 mil alunos matriculados na Rede Municipal de Ensino em Arax\u00e1. No dia 21 de outubro, em que se comemora o Dia Nacional da Alimenta\u00e7\u00e3o nas Escolas, a Secretaria Municipal de Educa\u00e7\u00e3o destaca o resultado positivo obtido atrav\u00e9s da dedica\u00e7\u00e3o de toda a equipe de nutri\u00e7\u00e3o que cuida da merenda.<br><br>S\u00e3o tr\u00eas nutricionistas e seis t\u00e9cnicas em Nutri\u00e7\u00e3o e Diet\u00e9tica que preparam um card\u00e1pio saboroso e nutritivo que \u00e9 ofertado em 63 creches e escolas entre unidades pr\u00f3prias e conveniadas. Al\u00e9m de alunos de 4 meses a 15 anos, a iniciativa tamb\u00e9m contempla a Educa\u00e7\u00e3o de Jovens e Adultos (EJA).<br><br>O card\u00e1pio abrange, no m\u00ednimo, tr\u00eas por\u00e7\u00f5es de frutas e hortali\u00e7as por semana. Nas escolas integrais, h\u00e1 caf\u00e9 da manh\u00e3, cola\u00e7\u00e3o, almo\u00e7o, lanche da tarde e jantar. Todos os alimentos passam por controle higi\u00eanico sanit\u00e1rio, desde o recebimento at\u00e9 a distribui\u00e7\u00e3o.<br><br>A avalia\u00e7\u00e3o da merenda escolar ofertada pela Rede Municipal \u00e9 realizada periodicamente, atrav\u00e9s de visitas realizadas nas institui\u00e7\u00f5es, para averigua\u00e7\u00e3o do armazenamento dos alimentos e da qualidade do preparo durante todo o ano letivo.<br><br>De acordo com a nutricionista Liliana Alves, uma boa alimenta\u00e7\u00e3o \u00e9 fundamental para o rendimento escolar, al\u00e9m de proporcionar in\u00fameros benef\u00edcios.<br><br>\u201c\u00c9 essencial a introdu\u00e7\u00e3o de bons h\u00e1bitos alimentares desde os primeiros anos de vida do indiv\u00edduo, e a escola tem um papel fundamental nessa a\u00e7\u00e3o. Al\u00e9m de aumentar a qualidade do sono, a capacidade respirat\u00f3ria e a preven\u00e7\u00e3o do aparecimento de doen\u00e7as cardiovasculares, os alunos que sofrem com a vulnerabilidade social t\u00eam a oportunidade de se alimentar, na maioria das vezes, apenas na escola\u201d, relata.<br><br>A secret\u00e1ria municipal de Educa\u00e7\u00e3o, Zulma Moreira, reafirma que todo esse trabalho mostra que a atual gest\u00e3o est\u00e1 no caminho certo em rela\u00e7\u00e3o \u00e0 sa\u00fade e \u00e0 educa\u00e7\u00e3o dos alunos.<br><br>&#8220;Eles recebem a merenda com card\u00e1pio variado, diariamente. E o cuidado e carinho que as servidoras t\u00eam com os alimentos, com a limpeza dos refeit\u00f3rios e com as pr\u00f3prias crian\u00e7as \u00e9 gigante e admir\u00e1vel&#8221;, ressalta.<br><br>O Dia Nacional da Alimenta\u00e7\u00e3o nas Escolas fala sobre a import\u00e2ncia de uma alimenta\u00e7\u00e3o saud\u00e1vel para o desenvolvimento das crian\u00e7as e a preven\u00e7\u00e3o da obesidade infantil. Aliado ao Programa Nacional de Alimenta\u00e7\u00e3o Escolar (Pnae), a data chama a aten\u00e7\u00e3o da comunidade para a import\u00e2ncia dos bons h\u00e1bitos alimentares com os estudantes, al\u00e9m de lev\u00e1-los tamb\u00e9m aos ambientes familiares.<br><\/p>\n","protected":false},"excerpt":{"rendered":"<p>Aprender, brincar e se alimentar bem. Esta \u00e9 a rotina dos 14 mil alunos matriculados na Rede Municipal de Ensino<\/p>\n","protected":false},"author":2,"featured_media":3175,"comment_status":"open","ping_status":"open","sticky":false,"template":"","format":"standard","meta":{"footnotes":""},"categories":[9,11,13],"tags":[],"class_list":["post-3174","post","type-post","status-publish","format-standard","has-post-thumbnail","hentry","category-araxa","category-destaques","category-educacao"],"_links":{"self":[{"href":"http:\/\/blogdoarmindomaia.com.br\/index.php?rest_route=\/wp\/v2\/posts\/3174","targetHints":{"allow":["GET"]}}],"collection":[{"href":"http:\/\/blogdoarmindomaia.com.br\/index.php?rest_route=\/wp\/v2\/posts"}],"about":[{"href":"http:\/\/blogdoarmindomaia.com.br\/index.php?rest_route=\/wp\/v2\/types\/post"}],"author":[{"embeddable":true,"href":"http:\/\/blogdoarmindomaia.com.br\/index.php?rest_route=\/wp\/v2\/users\/2"}],"replies":[{"embeddable":true,"href":"http:\/\/blogdoarmindomaia.com.br\/index.php?rest_route=%2Fwp%2Fv2%2Fcomments&post=3174"}],"version-history":[{"count":1,"href":"http:\/\/blogdoarmindomaia.com.br\/index.php?rest_route=\/wp\/v2\/posts\/3174\/revisions"}],"predecessor-version":[{"id":3176,"href":"http:\/\/blogdoarmindomaia.com.br\/index.php?rest_route=\/wp\/v2\/posts\/3174\/revisions\/3176"}],"wp:featuredmedia":[{"embeddable":true,"href":"http:\/\/blogdoarmindomaia.com.br\/index.php?rest_route=\/wp\/v2\/media\/3175"}],"wp:attachment":[{"href":"http:\/\/blogdoarmindomaia.com.br\/index.php?rest_route=%2Fwp%2Fv2%2Fmedia&parent=3174"}],"wp:term":[{"taxonomy":"category","embeddable":true,"href":"http:\/\/blogdoarmindomaia.com.br\/index.php?rest_route=%2Fwp%2Fv2%2Fcategories&post=3174"},{"taxonomy":"post_tag","embeddable":true,"href":"http:\/\/blogdoarmindomaia.com.br\/index.php?rest_route=%2Fwp%2Fv2%2Ftags&post=3174"}],"curies":[{"name":"wp","href":"https:\/\/api.w.org\/{rel}","templated":true}]}}