{"id":3184,"date":"2022-10-24T14:33:37","date_gmt":"2022-10-24T17:33:37","guid":{"rendered":"http:\/\/blogdoarmindomaia.com.br\/?p=3184"},"modified":"2022-10-24T14:33:40","modified_gmt":"2022-10-24T17:33:40","slug":"ampara-promove-mostra-com-trabalhos-artesanais-e-apresentacoes-artisticas-de-assistidos","status":"publish","type":"post","link":"http:\/\/blogdoarmindomaia.com.br\/?p=3184","title":{"rendered":"<strong>Ampara promove mostra com trabalhos artesanais e apresenta\u00e7\u00f5es art\u00edsticas de assistidos<\/strong>"},"content":{"rendered":"\n<figure class=\"wp-block-image size-large\"><img loading=\"lazy\" decoding=\"async\" width=\"1024\" height=\"1024\" src=\"http:\/\/blogdoarmindomaia.com.br\/wp-content\/uploads\/2022\/10\/Convite-Mostra-Ampara-1024x1024.jpeg\" alt=\"\" class=\"wp-image-3185\" srcset=\"http:\/\/blogdoarmindomaia.com.br\/wp-content\/uploads\/2022\/10\/Convite-Mostra-Ampara-1024x1024.jpeg 1024w, http:\/\/blogdoarmindomaia.com.br\/wp-content\/uploads\/2022\/10\/Convite-Mostra-Ampara-300x300.jpeg 300w, http:\/\/blogdoarmindomaia.com.br\/wp-content\/uploads\/2022\/10\/Convite-Mostra-Ampara-150x150.jpeg 150w, http:\/\/blogdoarmindomaia.com.br\/wp-content\/uploads\/2022\/10\/Convite-Mostra-Ampara-768x768.jpeg 768w, http:\/\/blogdoarmindomaia.com.br\/wp-content\/uploads\/2022\/10\/Convite-Mostra-Ampara.jpeg 1080w\" sizes=\"auto, (max-width: 1024px) 100vw, 1024px\" \/><\/figure>\n\n\n\n<p>A Associa\u00e7\u00e3o de Amparo \u00e0s Pessoas com C\u00e2ncer de Arax\u00e1 (Ampara), realiza nesta segunda-feira (24), no Teatro Municipal Maximiliano Rocha, \u00e0s 19h, a 1\u00aa Mostra Ampara 2022, com a exposi\u00e7\u00e3o de trabalhos artesanais feitos por assistidos e pessoas ligadas \u00e0 institui\u00e7\u00e3o.<br><br>O momento contar\u00e1 ainda com uma apresenta\u00e7\u00e3o musical, tamb\u00e9m realizada pelos assistidos da Ampara. A entrada \u00e9 gratuita e toda a comunidade est\u00e1 convidada a prestigiar.<br><br>\u201cCom essa mostra buscamos trazer o que de melhor foi realizado nos trabalhos artesanais realizados pela institui\u00e7\u00e3o no ano de 2022. Al\u00e9m disso, teremos a apresenta\u00e7\u00e3o art\u00edstica. Ambos os momentos buscar\u00e3o valorizar e dar protagonismo a todos os assistidos da Ampara\u201d, destaca a coordenadora, Juliana Silva.<\/p>\n","protected":false},"excerpt":{"rendered":"<p>A Associa\u00e7\u00e3o de Amparo \u00e0s Pessoas com C\u00e2ncer de Arax\u00e1 (Ampara), realiza nesta segunda-feira (24), no Teatro Municipal Maximiliano Rocha,<\/p>\n","protected":false},"author":2,"featured_media":3185,"comment_status":"open","ping_status":"open","sticky":false,"template":"","format":"standard","meta":{"footnotes":""},"categories":[9,29],"tags":[],"class_list":["post-3184","post","type-post","status-publish","format-standard","has-post-thumbnail","hentry","category-araxa","category-saude"],"_links":{"self":[{"href":"http:\/\/blogdoarmindomaia.com.br\/index.php?rest_route=\/wp\/v2\/posts\/3184","targetHints":{"allow":["GET"]}}],"collection":[{"href":"http:\/\/blogdoarmindomaia.com.br\/index.php?rest_route=\/wp\/v2\/posts"}],"about":[{"href":"http:\/\/blogdoarmindomaia.com.br\/index.php?rest_route=\/wp\/v2\/types\/post"}],"author":[{"embeddable":true,"href":"http:\/\/blogdoarmindomaia.com.br\/index.php?rest_route=\/wp\/v2\/users\/2"}],"replies":[{"embeddable":true,"href":"http:\/\/blogdoarmindomaia.com.br\/index.php?rest_route=%2Fwp%2Fv2%2Fcomments&post=3184"}],"version-history":[{"count":1,"href":"http:\/\/blogdoarmindomaia.com.br\/index.php?rest_route=\/wp\/v2\/posts\/3184\/revisions"}],"predecessor-version":[{"id":3186,"href":"http:\/\/blogdoarmindomaia.com.br\/index.php?rest_route=\/wp\/v2\/posts\/3184\/revisions\/3186"}],"wp:featuredmedia":[{"embeddable":true,"href":"http:\/\/blogdoarmindomaia.com.br\/index.php?rest_route=\/wp\/v2\/media\/3185"}],"wp:attachment":[{"href":"http:\/\/blogdoarmindomaia.com.br\/index.php?rest_route=%2Fwp%2Fv2%2Fmedia&parent=3184"}],"wp:term":[{"taxonomy":"category","embeddable":true,"href":"http:\/\/blogdoarmindomaia.com.br\/index.php?rest_route=%2Fwp%2Fv2%2Fcategories&post=3184"},{"taxonomy":"post_tag","embeddable":true,"href":"http:\/\/blogdoarmindomaia.com.br\/index.php?rest_route=%2Fwp%2Fv2%2Ftags&post=3184"}],"curies":[{"name":"wp","href":"https:\/\/api.w.org\/{rel}","templated":true}]}}