{"id":3187,"date":"2022-10-24T14:42:37","date_gmt":"2022-10-24T17:42:37","guid":{"rendered":"http:\/\/blogdoarmindomaia.com.br\/?p=3187"},"modified":"2022-10-24T14:42:39","modified_gmt":"2022-10-24T17:42:39","slug":"fccb-fecha-parceria-para-ampliacao-de-projetos-culturais-na-apac","status":"publish","type":"post","link":"http:\/\/blogdoarmindomaia.com.br\/?p=3187","title":{"rendered":"FCCB fecha parceria para amplia\u00e7\u00e3o de projetos culturais na Apac"},"content":{"rendered":"\n<figure class=\"wp-block-image size-full\"><img loading=\"lazy\" decoding=\"async\" width=\"1024\" height=\"683\" src=\"http:\/\/blogdoarmindomaia.com.br\/wp-content\/uploads\/2022\/10\/FCCB-fecha-parceria-para-ampliacao-de-projetos-culturais-na-Apac-pag-06.jpeg\" alt=\"\" class=\"wp-image-3188\" srcset=\"http:\/\/blogdoarmindomaia.com.br\/wp-content\/uploads\/2022\/10\/FCCB-fecha-parceria-para-ampliacao-de-projetos-culturais-na-Apac-pag-06.jpeg 1024w, http:\/\/blogdoarmindomaia.com.br\/wp-content\/uploads\/2022\/10\/FCCB-fecha-parceria-para-ampliacao-de-projetos-culturais-na-Apac-pag-06-300x200.jpeg 300w, http:\/\/blogdoarmindomaia.com.br\/wp-content\/uploads\/2022\/10\/FCCB-fecha-parceria-para-ampliacao-de-projetos-culturais-na-Apac-pag-06-768x512.jpeg 768w\" sizes=\"auto, (max-width: 1024px) 100vw, 1024px\" \/><\/figure>\n\n\n\n<figure class=\"wp-block-image size-full\"><img loading=\"lazy\" decoding=\"async\" width=\"1024\" height=\"683\" src=\"http:\/\/blogdoarmindomaia.com.br\/wp-content\/uploads\/2022\/10\/fccb-1.jpeg\" alt=\"\" class=\"wp-image-3189\" srcset=\"http:\/\/blogdoarmindomaia.com.br\/wp-content\/uploads\/2022\/10\/fccb-1.jpeg 1024w, http:\/\/blogdoarmindomaia.com.br\/wp-content\/uploads\/2022\/10\/fccb-1-300x200.jpeg 300w, http:\/\/blogdoarmindomaia.com.br\/wp-content\/uploads\/2022\/10\/fccb-1-768x512.jpeg 768w\" sizes=\"auto, (max-width: 1024px) 100vw, 1024px\" \/><\/figure>\n\n\n\n<p>A Funda\u00e7\u00e3o Cultural Calmon Barreto (FCCB) fechou uma parceria com Associa\u00e7\u00e3o de Prote\u00e7\u00e3o e Assist\u00eancia aos Condenados de Arax\u00e1 (Apac) para a amplia\u00e7\u00e3o dos projetos culturais na institui\u00e7\u00e3o. O acordo foi firmado durante uma visita da presidente da FCCB, Cynthia Ver\u00e7osa, na semana passada.<br><br>Atualmente, a Apac Arax\u00e1 atende 118 recuperandos. Na institui\u00e7\u00e3o, os assistidos participam e s\u00e3o respons\u00e1veis por atividades ligadas \u00e0 culin\u00e1ria, biblioteca, horta, marcenaria, artesanato, entre outras. Al\u00e9m disso, eles recebem aulas de cursos profissionalizantes e ensino regular (fundamental, m\u00e9dio e superior EAD). A parceria visa aumentar o leque de atividades na \u00e1rea cultural.<br><br>\u201cEssa parceria \u00e9 exatamente para oferecer oportunidades de cursos, oficinas, aulas de m\u00fasica e atividades ligadas \u00e0 arte para ajudar na recupera\u00e7\u00e3o dessas pessoas. As aulas come\u00e7am a partir de janeiro de 2023, mas ainda este ano, em dezembro, teremos um show do evento \u2018Neste Natal Seja Luz\u2019, que ser\u00e1 realizado dentro da Apac. Al\u00e9m disso, a funda\u00e7\u00e3o realizou tamb\u00e9m a doa\u00e7\u00e3o de v\u00e1rios livros para a biblioteca da institui\u00e7\u00e3o\u201d, conta Cynthia.<br><br>Durante a visita, os recuperandos receberam de forma positiva a not\u00edcia da parceria. \u201c\u00c9 muito importante para a gente saber que existem pessoas preocupadas com a nossa recupera\u00e7\u00e3o, com a recupera\u00e7\u00e3o do ser humano. Agradecemos muito pela proposta de implanta\u00e7\u00e3o dos projetos\u201d, comemora o assistido Ezequiel Ferreira Lima.<br><br>\u201cPara a Apac \u00e9 muito importante fomentar parcerias juntos aos \u00f3rg\u00e3os p\u00fablicos para aumentar a possibilidade de oferecer mais atividades aos recuperandos. S\u00e3o v\u00e1rias engrenagens. Com certeza, essas aulas v\u00e3o estimul\u00e1-los para que tenham mais oportunidades de acesso \u00e0 cultura para sa\u00edrem daqui sabendo of\u00edcios e com uma vis\u00e3o diferente de quando chegaram\u201d, ressalta o presidente da Apac, \u00cdtalo Guimar\u00e3es.<\/p>\n","protected":false},"excerpt":{"rendered":"<p>A Funda\u00e7\u00e3o Cultural Calmon Barreto (FCCB) fechou uma parceria com Associa\u00e7\u00e3o de Prote\u00e7\u00e3o e Assist\u00eancia aos Condenados de Arax\u00e1 (Apac)<\/p>\n","protected":false},"author":2,"featured_media":3188,"comment_status":"open","ping_status":"open","sticky":false,"template":"","format":"standard","meta":{"footnotes":""},"categories":[9,8],"tags":[],"class_list":["post-3187","post","type-post","status-publish","format-standard","has-post-thumbnail","hentry","category-araxa","category-cidades"],"_links":{"self":[{"href":"http:\/\/blogdoarmindomaia.com.br\/index.php?rest_route=\/wp\/v2\/posts\/3187","targetHints":{"allow":["GET"]}}],"collection":[{"href":"http:\/\/blogdoarmindomaia.com.br\/index.php?rest_route=\/wp\/v2\/posts"}],"about":[{"href":"http:\/\/blogdoarmindomaia.com.br\/index.php?rest_route=\/wp\/v2\/types\/post"}],"author":[{"embeddable":true,"href":"http:\/\/blogdoarmindomaia.com.br\/index.php?rest_route=\/wp\/v2\/users\/2"}],"replies":[{"embeddable":true,"href":"http:\/\/blogdoarmindomaia.com.br\/index.php?rest_route=%2Fwp%2Fv2%2Fcomments&post=3187"}],"version-history":[{"count":1,"href":"http:\/\/blogdoarmindomaia.com.br\/index.php?rest_route=\/wp\/v2\/posts\/3187\/revisions"}],"predecessor-version":[{"id":3190,"href":"http:\/\/blogdoarmindomaia.com.br\/index.php?rest_route=\/wp\/v2\/posts\/3187\/revisions\/3190"}],"wp:featuredmedia":[{"embeddable":true,"href":"http:\/\/blogdoarmindomaia.com.br\/index.php?rest_route=\/wp\/v2\/media\/3188"}],"wp:attachment":[{"href":"http:\/\/blogdoarmindomaia.com.br\/index.php?rest_route=%2Fwp%2Fv2%2Fmedia&parent=3187"}],"wp:term":[{"taxonomy":"category","embeddable":true,"href":"http:\/\/blogdoarmindomaia.com.br\/index.php?rest_route=%2Fwp%2Fv2%2Fcategories&post=3187"},{"taxonomy":"post_tag","embeddable":true,"href":"http:\/\/blogdoarmindomaia.com.br\/index.php?rest_route=%2Fwp%2Fv2%2Ftags&post=3187"}],"curies":[{"name":"wp","href":"https:\/\/api.w.org\/{rel}","templated":true}]}}