{"id":3194,"date":"2022-10-24T14:59:33","date_gmt":"2022-10-24T17:59:33","guid":{"rendered":"http:\/\/blogdoarmindomaia.com.br\/?p=3194"},"modified":"2022-10-24T14:59:35","modified_gmt":"2022-10-24T17:59:35","slug":"as-historias-de-vida-por-tras-da-reforma-da-igreja-matriz-de-sao-domingos","status":"publish","type":"post","link":"http:\/\/blogdoarmindomaia.com.br\/?p=3194","title":{"rendered":"As hist\u00f3rias de vida por tr\u00e1s da reforma da Igreja Matriz de S\u00e3o Domingos"},"content":{"rendered":"\n<figure class=\"wp-block-image size-large\"><img loading=\"lazy\" decoding=\"async\" width=\"1024\" height=\"460\" src=\"http:\/\/blogdoarmindomaia.com.br\/wp-content\/uploads\/2022\/10\/foto_1-1024x460.jpg\" alt=\"\" class=\"wp-image-3195\" srcset=\"http:\/\/blogdoarmindomaia.com.br\/wp-content\/uploads\/2022\/10\/foto_1-1024x460.jpg 1024w, http:\/\/blogdoarmindomaia.com.br\/wp-content\/uploads\/2022\/10\/foto_1-300x135.jpg 300w, http:\/\/blogdoarmindomaia.com.br\/wp-content\/uploads\/2022\/10\/foto_1-768x345.jpg 768w, http:\/\/blogdoarmindomaia.com.br\/wp-content\/uploads\/2022\/10\/foto_1-1536x690.jpg 1536w, http:\/\/blogdoarmindomaia.com.br\/wp-content\/uploads\/2022\/10\/foto_1.jpg 1600w\" sizes=\"auto, (max-width: 1024px) 100vw, 1024px\" \/><\/figure>\n\n\n\n<p><em>Comunidade acompanha atenta os \u00faltimos est\u00e1gios da obra<\/em><\/p>\n\n\n\n<p>A hist\u00f3ria da Igreja Matriz de S\u00e3o Domingos se confunde com a hist\u00f3ria da cidade e com a hist\u00f3ria de vida de milhares de pessoas. O largo da Igreja viveu momentos importantes ligados a movimentos culturais, sociais, pol\u00edticos e religiosos. O templo \u00e9 uma refer\u00eancia para os cat\u00f3licos da cidade. &#8220;Eu n\u00e3o fui batizada na Igreja Matriz porque eu morava na ro\u00e7a, mas desde quando meus pais mudaram para a cidade eu comecei a frequentar a Igreja e n\u00e3o sa\u00ed mais&#8221;, conta a costureira Dalva Laert.<\/p>\n\n\n\n<p>Dalva, que hoje ajuda na pastoral acolhida, batizou dois dos tr\u00eas filhos no local. Para a fam\u00edlia, ali\u00e1s, sempre foi um h\u00e1bito frequentar a missa das 19h e, de uma forma ou de outra, todos continuam se encontrando nas atividades da par\u00f3quia. Por tudo isso, a reforma \u00e9 t\u00e3o significativa para dona Dalva. &#8220;Estou muito feliz de poder estar vivenciando essa reforma t\u00e3o necess\u00e1ria para nossa Igreja e que esper\u00e1vamos tanto. Ela vai trazer mais vigor, mais alegria para nossa Matriz, cart\u00e3o-postal da cidade&#8221;, diz.<\/p>\n\n\n\n<p>As obras na regi\u00e3o central avan\u00e7am. Segundo a engenheira respons\u00e1vel, Daiana Aquino, 75% do cronograma j\u00e1 foi executado. &#8220;Estamos finalizando o telhado essa semana. Falta concluirmos o restante da pintura externa. Da\u00ed iniciaremos a pintura interna, a substitui\u00e7\u00e3o dos granitos nas \u00e1reas que est\u00e3o quebradas e a instala\u00e7\u00e3o do gradil&#8221;, explica.<\/p>\n\n\n\n<p>A not\u00edcia \u00e9 uma alegria para os paroquianos. &#8220;Eu j\u00e1 estou vivendo a alegria da reinaugura\u00e7\u00e3o. Uma expectativa boa de voltarmos \u00e0 nossa igreja reformada, iluminada e brilhante como ela sempre foi.&nbsp; \u00c9 uma obra que vai ficar para os meus filhos, netos, para a comunidade de Arax\u00e1&#8221;, comemora Dona Dalva.<\/p>\n\n\n\n<p>A expectativa \u00e9 de que a obra, que tem quatro etapas, seja conclu\u00edda em dezembro. O trabalho, que teve in\u00edcio em abril, \u00e9 realizado pela Funda\u00e7\u00e3o Cultural Acia (Facia), por meio da Lei Federal de Incentivo \u00e0 Cultura e tem patroc\u00ednio da CBMM.&nbsp;<\/p>\n\n\n\n<p><strong>Hist\u00f3rico<\/strong><\/p>\n\n\n\n<p>Do planejamento ao t\u00e9rmino, as obras de constru\u00e7\u00e3o da Igreja Matriz de S\u00e3o Domingos duraram mais de 40 anos. Entre 1911 e 1948 a comunidade religiosa de Arax\u00e1 acompanhou de perto a evolu\u00e7\u00e3o dos trabalhos, bem como algumas paralisa\u00e7\u00f5es.<\/p>\n\n\n\n<p>Segundo registros da Funda\u00e7\u00e3o Cultural Calmon Barreto, em 24 de agosto de 1948, o vig\u00e1rio Pe. Philippini anotou nos arquivos o seguinte: \u201cTerminam-se por completo todos os trabalhos de consolida\u00e7\u00e3o, revestimento interno e externo, forro e piso da Matriz, a escadaria, as depend\u00eancias, a sacristia, a torre, a grade em redor da igreja, e jardim; numa palavra, est\u00e1 prompta, acabada a obra que me propuz a fazer. Deo gratias&#8230;\u201d<\/p>\n\n\n\n<p>O estilo arquitet\u00f4nico da Igreja Matriz de S\u00e3o Domingos re\u00fane caracter\u00edsticas romanas com elementos g\u00f3ticos. Destaque para a beleza das pinturas murais, vitrais e elementos decorativos.<\/p>\n\n\n\n<p>A reforma que garantir\u00e1 a preserva\u00e7\u00e3o deste patrim\u00f4nio \u00e9 promovida pela Funda\u00e7\u00e3o Cultural Acia (Facia) e tem o patroc\u00ednio da CBMM, atrav\u00e9s da Lei Federal de Incentivo \u00e0 Cultura.<\/p>\n","protected":false},"excerpt":{"rendered":"<p>Comunidade acompanha atenta os \u00faltimos est\u00e1gios da obra A hist\u00f3ria da Igreja Matriz de S\u00e3o Domingos se confunde com a<\/p>\n","protected":false},"author":2,"featured_media":3195,"comment_status":"open","ping_status":"open","sticky":false,"template":"","format":"standard","meta":{"footnotes":""},"categories":[9,11],"tags":[],"class_list":["post-3194","post","type-post","status-publish","format-standard","has-post-thumbnail","hentry","category-araxa","category-destaques"],"_links":{"self":[{"href":"http:\/\/blogdoarmindomaia.com.br\/index.php?rest_route=\/wp\/v2\/posts\/3194","targetHints":{"allow":["GET"]}}],"collection":[{"href":"http:\/\/blogdoarmindomaia.com.br\/index.php?rest_route=\/wp\/v2\/posts"}],"about":[{"href":"http:\/\/blogdoarmindomaia.com.br\/index.php?rest_route=\/wp\/v2\/types\/post"}],"author":[{"embeddable":true,"href":"http:\/\/blogdoarmindomaia.com.br\/index.php?rest_route=\/wp\/v2\/users\/2"}],"replies":[{"embeddable":true,"href":"http:\/\/blogdoarmindomaia.com.br\/index.php?rest_route=%2Fwp%2Fv2%2Fcomments&post=3194"}],"version-history":[{"count":1,"href":"http:\/\/blogdoarmindomaia.com.br\/index.php?rest_route=\/wp\/v2\/posts\/3194\/revisions"}],"predecessor-version":[{"id":3196,"href":"http:\/\/blogdoarmindomaia.com.br\/index.php?rest_route=\/wp\/v2\/posts\/3194\/revisions\/3196"}],"wp:featuredmedia":[{"embeddable":true,"href":"http:\/\/blogdoarmindomaia.com.br\/index.php?rest_route=\/wp\/v2\/media\/3195"}],"wp:attachment":[{"href":"http:\/\/blogdoarmindomaia.com.br\/index.php?rest_route=%2Fwp%2Fv2%2Fmedia&parent=3194"}],"wp:term":[{"taxonomy":"category","embeddable":true,"href":"http:\/\/blogdoarmindomaia.com.br\/index.php?rest_route=%2Fwp%2Fv2%2Fcategories&post=3194"},{"taxonomy":"post_tag","embeddable":true,"href":"http:\/\/blogdoarmindomaia.com.br\/index.php?rest_route=%2Fwp%2Fv2%2Ftags&post=3194"}],"curies":[{"name":"wp","href":"https:\/\/api.w.org\/{rel}","templated":true}]}}