{"id":3202,"date":"2022-10-25T11:01:19","date_gmt":"2022-10-25T14:01:19","guid":{"rendered":"http:\/\/blogdoarmindomaia.com.br\/?p=3202"},"modified":"2022-10-25T11:01:23","modified_gmt":"2022-10-25T14:01:23","slug":"o-araxa-esporte-vai-virar-saf-garante-presidente-do-ganso","status":"publish","type":"post","link":"http:\/\/blogdoarmindomaia.com.br\/?p=3202","title":{"rendered":"\u00a0&#8220;O Arax\u00e1 Esporte vai virar SAF&#8221;, garante presidente do Ganso"},"content":{"rendered":"\n<figure class=\"wp-block-image size-full\"><img loading=\"lazy\" decoding=\"async\" width=\"552\" height=\"391\" src=\"http:\/\/blogdoarmindomaia.com.br\/wp-content\/uploads\/2022\/10\/O-Araxa-Esporte-vai-virar-SAF-garante-presidente-do-Ganso-esportes.jpg\" alt=\"\" class=\"wp-image-3203\" srcset=\"http:\/\/blogdoarmindomaia.com.br\/wp-content\/uploads\/2022\/10\/O-Araxa-Esporte-vai-virar-SAF-garante-presidente-do-Ganso-esportes.jpg 552w, http:\/\/blogdoarmindomaia.com.br\/wp-content\/uploads\/2022\/10\/O-Araxa-Esporte-vai-virar-SAF-garante-presidente-do-Ganso-esportes-300x213.jpg 300w\" sizes=\"auto, (max-width: 552px) 100vw, 552px\" \/><\/figure>\n\n\n\n<p>Em entrevista ao Jornal Intera\u00e7\u00e3o, ap\u00f3s a desclassifica\u00e7\u00e3o do Arax\u00e1 Esporte do Campeonato Mineiro da Segunda Divis\u00e3o, o presidente do clube alvinegro, S\u00edlvio Alves, garantiu que, &#8221; o nosso trabalho pensando na estrutura\u00e7\u00e3o e no futuro do clube vai continuar com foco no fortalecimento do Arax\u00e1 Esporte Clube e tamb\u00e9m na meta de levar o nosso Ganso no lugar que a nossa torcida dedicada merece, que \u00e9 a elite do Campeonato Mineiro da Primeira Divis\u00e3o, disputando a competi\u00e7\u00e3o com os grandes times da capital&#8221;.\u00a0 S\u00edlvio, que estar\u00e1 na presid\u00eancia do Arax\u00e1 Esporte, at\u00e9 janeiro de 2023, quando vence a licen\u00e7a do presidente afastado Jeferson Leite, revelou que, &#8221; n\u00f3s assumimos o Ganso em cima da hora para o come\u00e7o da Segunda Divis\u00e3o e conseguimos realizar um trabalho bacana. Tivemos grandes parceiros e apoiadores e n\u00e3o ficamos devendo ningu\u00e9m. Foi uma pena que n\u00e3o conseguimos a classifica\u00e7\u00e3o, mas o trabalho foi muito honesto e s\u00e9rio. Como presidente interino eu j\u00e1 estou trabalhando com uma empresa especializada no assunto para iniciar o processo legal de transforma\u00e7\u00e3o do Arax\u00e1 Esporte Clube em uma SAF &#8211; Sociedade An\u00f4nima do Futebol &#8211; uma empresa, que visa tirar o clube de gest\u00e3o amadora. Minha inten\u00e7\u00e3o \u00e9 concluir todo o processo at\u00e9 o final de dezembro&#8221;. Finalizando, o presidente S\u00edlvio, disse que, &#8221; e al\u00e9m da SAF a gente tamb\u00e9m pretende reestruturar as equipes de base do Arax\u00e1, para revelar jogadores, formar atletas da casa e tamb\u00e9m poder buscar parcerias e vender nossas revela\u00e7\u00f5es para ter dinheiro para tocar o projeto Ganso Forte&#8221;, concluiu, S\u00edlvio Alves.<\/p>\n","protected":false},"excerpt":{"rendered":"<p>Em entrevista ao Jornal Intera\u00e7\u00e3o, ap\u00f3s a desclassifica\u00e7\u00e3o do Arax\u00e1 Esporte do Campeonato Mineiro da Segunda Divis\u00e3o, o presidente do<\/p>\n","protected":false},"author":2,"featured_media":3203,"comment_status":"open","ping_status":"open","sticky":false,"template":"","format":"standard","meta":{"footnotes":""},"categories":[9,11,15],"tags":[],"class_list":["post-3202","post","type-post","status-publish","format-standard","has-post-thumbnail","hentry","category-araxa","category-destaques","category-esportes"],"_links":{"self":[{"href":"http:\/\/blogdoarmindomaia.com.br\/index.php?rest_route=\/wp\/v2\/posts\/3202","targetHints":{"allow":["GET"]}}],"collection":[{"href":"http:\/\/blogdoarmindomaia.com.br\/index.php?rest_route=\/wp\/v2\/posts"}],"about":[{"href":"http:\/\/blogdoarmindomaia.com.br\/index.php?rest_route=\/wp\/v2\/types\/post"}],"author":[{"embeddable":true,"href":"http:\/\/blogdoarmindomaia.com.br\/index.php?rest_route=\/wp\/v2\/users\/2"}],"replies":[{"embeddable":true,"href":"http:\/\/blogdoarmindomaia.com.br\/index.php?rest_route=%2Fwp%2Fv2%2Fcomments&post=3202"}],"version-history":[{"count":1,"href":"http:\/\/blogdoarmindomaia.com.br\/index.php?rest_route=\/wp\/v2\/posts\/3202\/revisions"}],"predecessor-version":[{"id":3204,"href":"http:\/\/blogdoarmindomaia.com.br\/index.php?rest_route=\/wp\/v2\/posts\/3202\/revisions\/3204"}],"wp:featuredmedia":[{"embeddable":true,"href":"http:\/\/blogdoarmindomaia.com.br\/index.php?rest_route=\/wp\/v2\/media\/3203"}],"wp:attachment":[{"href":"http:\/\/blogdoarmindomaia.com.br\/index.php?rest_route=%2Fwp%2Fv2%2Fmedia&parent=3202"}],"wp:term":[{"taxonomy":"category","embeddable":true,"href":"http:\/\/blogdoarmindomaia.com.br\/index.php?rest_route=%2Fwp%2Fv2%2Fcategories&post=3202"},{"taxonomy":"post_tag","embeddable":true,"href":"http:\/\/blogdoarmindomaia.com.br\/index.php?rest_route=%2Fwp%2Fv2%2Ftags&post=3202"}],"curies":[{"name":"wp","href":"https:\/\/api.w.org\/{rel}","templated":true}]}}