{"id":321,"date":"2022-04-15T01:09:26","date_gmt":"2022-04-15T04:09:26","guid":{"rendered":"http:\/\/blogdoarmindomaia.com.br\/?p=321"},"modified":"2022-04-15T01:09:28","modified_gmt":"2022-04-15T04:09:28","slug":"nota-de-pesar","status":"publish","type":"post","link":"http:\/\/blogdoarmindomaia.com.br\/?p=321","title":{"rendered":"NOTA DE PESAR"},"content":{"rendered":"\n<figure class=\"wp-block-image size-full is-style-default\"><img loading=\"lazy\" decoding=\"async\" width=\"632\" height=\"486\" src=\"http:\/\/blogdoarmindomaia.com.br\/wp-content\/uploads\/2022\/04\/pesar_.jpg\" alt=\"\" class=\"wp-image-322\" srcset=\"http:\/\/blogdoarmindomaia.com.br\/wp-content\/uploads\/2022\/04\/pesar_.jpg 632w, http:\/\/blogdoarmindomaia.com.br\/wp-content\/uploads\/2022\/04\/pesar_-300x231.jpg 300w\" sizes=\"auto, (max-width: 632px) 100vw, 632px\" \/><\/figure>\n\n\n\n<p>A Prefeitura Municipal de Arax\u00e1 comunica, com profundo pesar, o falecimento da Sra. Eunice Maria da Silva, m\u00e3e do prefeito Robson Magela, ocorrido nesta quinta-feira, 14 de abril.<\/p>\n\n\n\n<p>O Munic\u00edpio expressa os p\u00easames \u00e0 fam\u00edlia. O vel\u00f3rio ocorreu das 12h \u00e0s 16h no Vel\u00f3rio Municipal S\u00e3o Jo\u00e3o Batista, em seguida foi realizado o sepultamento no Cemit\u00e9rio S\u00e3o Jo\u00e3o Batista.<\/p>\n","protected":false},"excerpt":{"rendered":"<p>A Prefeitura Municipal de Arax\u00e1 comunica, com profundo pesar, o falecimento da Sra. Eunice Maria da Silva, m\u00e3e do prefeito<\/p>\n","protected":false},"author":2,"featured_media":322,"comment_status":"open","ping_status":"open","sticky":false,"template":"","format":"standard","meta":{"footnotes":""},"categories":[11],"tags":[],"class_list":["post-321","post","type-post","status-publish","format-standard","has-post-thumbnail","hentry","category-destaques"],"_links":{"self":[{"href":"http:\/\/blogdoarmindomaia.com.br\/index.php?rest_route=\/wp\/v2\/posts\/321","targetHints":{"allow":["GET"]}}],"collection":[{"href":"http:\/\/blogdoarmindomaia.com.br\/index.php?rest_route=\/wp\/v2\/posts"}],"about":[{"href":"http:\/\/blogdoarmindomaia.com.br\/index.php?rest_route=\/wp\/v2\/types\/post"}],"author":[{"embeddable":true,"href":"http:\/\/blogdoarmindomaia.com.br\/index.php?rest_route=\/wp\/v2\/users\/2"}],"replies":[{"embeddable":true,"href":"http:\/\/blogdoarmindomaia.com.br\/index.php?rest_route=%2Fwp%2Fv2%2Fcomments&post=321"}],"version-history":[{"count":1,"href":"http:\/\/blogdoarmindomaia.com.br\/index.php?rest_route=\/wp\/v2\/posts\/321\/revisions"}],"predecessor-version":[{"id":323,"href":"http:\/\/blogdoarmindomaia.com.br\/index.php?rest_route=\/wp\/v2\/posts\/321\/revisions\/323"}],"wp:featuredmedia":[{"embeddable":true,"href":"http:\/\/blogdoarmindomaia.com.br\/index.php?rest_route=\/wp\/v2\/media\/322"}],"wp:attachment":[{"href":"http:\/\/blogdoarmindomaia.com.br\/index.php?rest_route=%2Fwp%2Fv2%2Fmedia&parent=321"}],"wp:term":[{"taxonomy":"category","embeddable":true,"href":"http:\/\/blogdoarmindomaia.com.br\/index.php?rest_route=%2Fwp%2Fv2%2Fcategories&post=321"},{"taxonomy":"post_tag","embeddable":true,"href":"http:\/\/blogdoarmindomaia.com.br\/index.php?rest_route=%2Fwp%2Fv2%2Ftags&post=321"}],"curies":[{"name":"wp","href":"https:\/\/api.w.org\/{rel}","templated":true}]}}